{"id":5693,"date":"2021-03-05T08:39:30","date_gmt":"2021-03-05T04:39:30","guid":{"rendered":"https:\/\/infonews.az\/?p=5693"},"modified":"2021-03-05T13:44:29","modified_gmt":"2021-03-05T09:44:29","slug":"s%c9%99hid-olan-general-pua-larin-yaradilmasinda-istirak-edib","status":"publish","type":"post","link":"https:\/\/infonews.az\/?p=5693","title":{"rendered":"&#8220;\u015e\u0259hid olan general PUA-lar\u0131n yarad\u0131lmas\u0131nda i\u015ftirak edib&#8221;"},"content":{"rendered":"<p><span style=\"color: #ffffff;\">&#8220;\u015e\u0259hid olan general PUA-lar\u0131n yarad\u0131lmas\u0131nda i\u015ftirak edib&#8221;<\/span><\/p>\n<p><a href=\"https:\/\/infonews.az\/?p=5693&amp;\"><strong><span style=\"color: #ff0000;\">&#8220;\u0130NFONEWS&#8221;<\/span> <\/strong><\/a>x\u0259b\u0259r verir.<\/p>\n<p><strong>Bayraktar pilotsuz u\u00e7u\u015f aparatlar\u0131n\u0131n yarad\u0131c\u0131s\u0131 Sel\u00e7uk Bayraktar T\u00fcrkiy\u0259d\u0259 q\u0259zada h\u0259lak olan general v\u0259 hey\u0259t haqq\u0131nda sosial \u015f\u0259b\u0259k\u0259d\u0259 payla\u015f\u0131m edib.<\/strong><\/p>\n<p>Statusda deyilir:<\/p>\n<blockquote><p><em>2010-cu ild\u0259 PUA-lar\u0131m\u0131z\u0131 inki\u015faf etdir\u0259rk\u0259n tan\u0131\u015f oldu\u011fum Osman Erba\u015f-Pa\u015fa v\u0259 q\u0259hr\u0259man \u0259sg\u0259rl\u0259ri Bitlisd\u0259 bir helikopter q\u0259zas\u0131nda \u00f6ld\u00fc. Allah \u015f\u0259hidl\u0259rimiz\u0259 r\u0259hm\u0259t v\u0259 yaral\u0131lara \u015f\u0259fa versin. Bu ill\u0259r \u0259rzind\u0259 dostlu\u011fumuz he\u00e7 k\u0259silm\u0259mi\u015fdi. Osman Erba\u015f Pa\u015fa, T\u00fcrk PUA-lar\u0131n\u0131n yarad\u0131lmas\u0131nda biz\u0259 \u0259h\u0259miyy\u0259tli d\u0259r\u0259c\u0259d\u0259 d\u0259st\u0259k verib.<\/em><\/p><\/blockquote>\n","protected":false},"excerpt":{"rendered":"<p>&#8220;\u015e\u0259hid olan general PUA-lar\u0131n yarad\u0131lmas\u0131nda i\u015ftirak edib&#8221; &#8220;\u0130NFONEWS&#8221; x\u0259b\u0259r verir. Bayraktar pilotsuz u\u00e7u\u015f aparatlar\u0131n\u0131n yarad\u0131c\u0131s\u0131 Sel\u00e7uk Bayraktar T\u00fcrkiy\u0259d\u0259 q\u0259zada h\u0259lak olan general v\u0259 hey\u0259t haqq\u0131nda sosial \u015f\u0259b\u0259k\u0259d\u0259 payla\u015f\u0131m edib. Statusda&hellip; <\/p>\n","protected":false},"author":3,"featured_media":5694,"comment_status":"open","ping_status":"open","sticky":false,"template":"","format":"standard","meta":{"_mi_skip_tracking":false,"_monsterinsights_sitenote_active":false,"_monsterinsights_sitenote_note":"","_monsterinsights_sitenote_category":0,"footnotes":""},"categories":[9,11,50],"tags":[3228,12],"aioseo_notices":[],"_links":{"self":[{"href":"https:\/\/infonews.az\/index.php?rest_route=\/wp\/v2\/posts\/5693"}],"collection":[{"href":"https:\/\/infonews.az\/index.php?rest_route=\/wp\/v2\/posts"}],"about":[{"href":"https:\/\/infonews.az\/index.php?rest_route=\/wp\/v2\/types\/post"}],"author":[{"embeddable":true,"href":"https:\/\/infonews.az\/index.php?rest_route=\/wp\/v2\/users\/3"}],"replies":[{"embeddable":true,"href":"https:\/\/infonews.az\/index.php?rest_route=%2Fwp%2Fv2%2Fcomments&post=5693"}],"version-history":[{"count":1,"href":"https:\/\/infonews.az\/index.php?rest_route=\/wp\/v2\/posts\/5693\/revisions"}],"predecessor-version":[{"id":5695,"href":"https:\/\/infonews.az\/index.php?rest_route=\/wp\/v2\/posts\/5693\/revisions\/5695"}],"wp:featuredmedia":[{"embeddable":true,"href":"https:\/\/infonews.az\/index.php?rest_route=\/wp\/v2\/media\/5694"}],"wp:attachment":[{"href":"https:\/\/infonews.az\/index.php?rest_route=%2Fwp%2Fv2%2Fmedia&parent=5693"}],"wp:term":[{"taxonomy":"category","embeddable":true,"href":"https:\/\/infonews.az\/index.php?rest_route=%2Fwp%2Fv2%2Fcategories&post=5693"},{"taxonomy":"post_tag","embeddable":true,"href":"https:\/\/infonews.az\/index.php?rest_route=%2Fwp%2Fv2%2Ftags&post=5693"}],"curies":[{"name":"wp","href":"https:\/\/api.w.org\/{rel}","templated":true}]}}