{"id":5696,"date":"2021-03-05T09:46:08","date_gmt":"2021-03-05T05:46:08","guid":{"rendered":"https:\/\/infonews.az\/?p=5696"},"modified":"2021-03-05T13:50:47","modified_gmt":"2021-03-05T09:50:47","slug":"akar-helikopter-q%c9%99zasinin-ilkin-s%c9%99b%c9%99bini-aciqladi","status":"publish","type":"post","link":"https:\/\/infonews.az\/?p=5696","title":{"rendered":"Akar helikopter q\u0259zas\u0131n\u0131n ilkin s\u0259b\u0259bini a\u00e7\u0131qlad\u0131"},"content":{"rendered":"<p><span style=\"color: #ffffff;\">Akar helikopter q\u0259zas\u0131n\u0131n ilkin s\u0259b\u0259bini a\u00e7\u0131qlad\u0131<\/span><\/p>\n<p><a href=\"https:\/\/infonews.az\/?p=5696&amp;\"><strong><span style=\"color: #ff0000;\">&#8220;\u0130NFONEWS&#8221;<\/span> <\/strong><\/a>x\u0259b\u0259r verir.<\/p>\n<blockquote><p><em><strong>\u0130lkin ehtimala g\u00f6r\u0259, T\u00fcrkiy\u0259nin \u015f\u0259rqind\u0259 h\u0259rbi helikopterin q\u0259zaya u\u011framas\u0131 hava \u015f\u0259raitinin q\u0259fil pisl\u0259\u015fm\u0259si il\u0259 ba\u011fl\u0131d\u0131r.<\/strong><\/em><\/p><\/blockquote>\n<p>Bunu T\u00fcrkiy\u0259nin milli m\u00fcdafi\u0259 naziri Hulusi Akar deyib.<\/p>\n<p><em>\u201c\u0130lkin m\u0259lumatlara v\u0259 \u015fahid ifad\u0259l\u0259rin\u0259 g\u00f6r\u0259, helikopterin q\u0259zaya u\u011framas\u0131 q\u0259fild\u0259n pisl\u0259\u015f\u0259n hava il\u0259 \u0259laq\u0259dard\u0131r. Lakin faktla ba\u011fl\u0131 istintaq ara\u015fd\u0131rmalar\u0131na da ba\u015flan\u0131lacaq. Hadis\u0259nin d\u0259qiq s\u0259b\u0259bi \u0259trafl\u0131 ara\u015fd\u0131rmadan sonra m\u00fc\u0259yy\u0259nl\u0259\u015fdiril\u0259c\u0259k\u201d<\/em>, &#8211; dey\u0259 Akar bildirib.<\/p>\n<p>O, hadis\u0259nin ilk d\u0259qiq\u0259l\u0259rind\u0259n etibar\u0259n aidiyy\u0259ti d\u00f6vl\u0259t qurumlar\u0131n\u0131n axtar\u0131\u015f v\u0259 xilasetm\u0259 i\u015fl\u0259ri, \u00f6l\u0259nl\u0259rin v\u0259 yaralananlar\u0131n c\u0259s\u0259dl\u0259rinin t\u0259xliy\u0259si \u00fc\u00e7\u00fcn b\u00fct\u00fcn q\u00fcvv\u0259l\u0259ri s\u0259f\u0259rb\u0259r etdiyini vur\u011fulay\u0131b.<\/p>\n<p>Qeyd ed\u0259k ki, T\u00fcrkiy\u0259d\u0259 h\u0259rbi helikopterin q\u0259zaya u\u011framas\u0131 n\u0259tic\u0259sind\u0259 11 n\u0259f\u0259r h\u0259lak olub, iki n\u0259f\u0259r a\u011f\u0131r yaralan\u0131b.<\/p>\n","protected":false},"excerpt":{"rendered":"<p>Akar helikopter q\u0259zas\u0131n\u0131n ilkin s\u0259b\u0259bini a\u00e7\u0131qlad\u0131 &#8220;\u0130NFONEWS&#8221; x\u0259b\u0259r verir. \u0130lkin ehtimala g\u00f6r\u0259, T\u00fcrkiy\u0259nin \u015f\u0259rqind\u0259 h\u0259rbi helikopterin q\u0259zaya u\u011framas\u0131 hava \u015f\u0259raitinin q\u0259fil pisl\u0259\u015fm\u0259si il\u0259 ba\u011fl\u0131d\u0131r. Bunu T\u00fcrkiy\u0259nin milli m\u00fcdafi\u0259 naziri Hulusi&hellip; <\/p>\n","protected":false},"author":3,"featured_media":5697,"comment_status":"open","ping_status":"open","sticky":false,"template":"","format":"standard","meta":{"_mi_skip_tracking":false,"_monsterinsights_sitenote_active":false,"_monsterinsights_sitenote_note":"","_monsterinsights_sitenote_category":0,"footnotes":""},"categories":[9,6,11],"tags":[3230,12],"aioseo_notices":[],"_links":{"self":[{"href":"https:\/\/infonews.az\/index.php?rest_route=\/wp\/v2\/posts\/5696"}],"collection":[{"href":"https:\/\/infonews.az\/index.php?rest_route=\/wp\/v2\/posts"}],"about":[{"href":"https:\/\/infonews.az\/index.php?rest_route=\/wp\/v2\/types\/post"}],"author":[{"embeddable":true,"href":"https:\/\/infonews.az\/index.php?rest_route=\/wp\/v2\/users\/3"}],"replies":[{"embeddable":true,"href":"https:\/\/infonews.az\/index.php?rest_route=%2Fwp%2Fv2%2Fcomments&post=5696"}],"version-history":[{"count":1,"href":"https:\/\/infonews.az\/index.php?rest_route=\/wp\/v2\/posts\/5696\/revisions"}],"predecessor-version":[{"id":5698,"href":"https:\/\/infonews.az\/index.php?rest_route=\/wp\/v2\/posts\/5696\/revisions\/5698"}],"wp:featuredmedia":[{"embeddable":true,"href":"https:\/\/infonews.az\/index.php?rest_route=\/wp\/v2\/media\/5697"}],"wp:attachment":[{"href":"https:\/\/infonews.az\/index.php?rest_route=%2Fwp%2Fv2%2Fmedia&parent=5696"}],"wp:term":[{"taxonomy":"category","embeddable":true,"href":"https:\/\/infonews.az\/index.php?rest_route=%2Fwp%2Fv2%2Fcategories&post=5696"},{"taxonomy":"post_tag","embeddable":true,"href":"https:\/\/infonews.az\/index.php?rest_route=%2Fwp%2Fv2%2Ftags&post=5696"}],"curies":[{"name":"wp","href":"https:\/\/api.w.org\/{rel}","templated":true}]}}