{"id":5713,"date":"2021-03-05T12:32:30","date_gmt":"2021-03-05T08:32:30","guid":{"rendered":"https:\/\/infonews.az\/?p=5713"},"modified":"2021-03-05T14:29:12","modified_gmt":"2021-03-05T10:29:12","slug":"8-martda-regionlarda-da-ictimai-n%c9%99qliyyat-isl%c9%99m%c9%99y%c9%99c%c9%99k","status":"publish","type":"post","link":"https:\/\/infonews.az\/?p=5713","title":{"rendered":"8 Martda regionlarda da ictimai n\u0259qliyyat i\u015fl\u0259m\u0259y\u0259c\u0259k"},"content":{"rendered":"<p><span style=\"color: #ffffff;\">8 Martda regionlarda da ictimai n\u0259qliyyat i\u015fl\u0259m\u0259y\u0259c\u0259k<\/span><\/p>\n<p><a href=\"https:\/\/infonews.az\/?p=5713&amp;\"><strong><span style=\"color: #ff0000;\">&#8220;\u0130NFONEWS&#8221;<\/span><\/strong><\/a> x\u0259b\u0259r verir.<\/p>\n<p><strong><em>&#8220;X\u00fcsusi karantin rejimi il\u0259 ba\u011fl\u0131 \u0259lav\u0259 t\u0259dbirl\u0259r bar\u0259d\u0259&#8221; Nazirl\u0259r Kabinetinin q\u0259rar\u0131nda edil\u0259n d\u0259yi\u015fikliy\u0259 \u0259sas\u0259n 6 mart saat 00:00-dan 9 mart saat 06:00-a q\u0259d\u0259r \u00f6lk\u0259d\u0259 ictimai n\u0259qliyyat\u0131n h\u0259r\u0259k\u0259ti dayand\u0131r\u0131lacaq.<\/em><\/strong><\/p>\n<p>Bunu N\u0259qliyyat, Rabit\u0259 v\u0259 Y\u00fcks\u0259k Texnologiyalar Nazirliyi yan\u0131nda D\u00f6vl\u0259t Avtomobil N\u0259qliyyat Xidm\u0259tinin (DANX) \u0130ctimaiyy\u0259tl\u0259 \u0259laq\u0259l\u0259r sektorunun m\u00fcdiri Nurid\u0259 Allahyarova bildirib.<\/p>\n<p>&#8220;8 Mart &#8211; Beyn\u0259lxalq qad\u0131nlar g\u00fcn\u00fc qeyri-i\u015f g\u00fcn\u00fc oldu\u011fundan ictimai n\u0259qliyyat b\u00fct\u00fcn \u00f6lk\u0259 \u00fczr\u0259 ard\u0131c\u0131l olaraq \u00fc\u00e7 g\u00fcn i\u015fl\u0259m\u0259y\u0259c\u0259k&#8221;, &#8211; dey\u0259 o, qeyd edib.<\/p>\n","protected":false},"excerpt":{"rendered":"<p>8 Martda regionlarda da ictimai n\u0259qliyyat i\u015fl\u0259m\u0259y\u0259c\u0259k &#8220;\u0130NFONEWS&#8221; x\u0259b\u0259r verir. &#8220;X\u00fcsusi karantin rejimi il\u0259 ba\u011fl\u0131 \u0259lav\u0259 t\u0259dbirl\u0259r bar\u0259d\u0259&#8221; Nazirl\u0259r Kabinetinin q\u0259rar\u0131nda edil\u0259n d\u0259yi\u015fikliy\u0259 \u0259sas\u0259n 6 mart saat 00:00-dan 9 mart&hellip; <\/p>\n","protected":false},"author":3,"featured_media":5714,"comment_status":"open","ping_status":"open","sticky":false,"template":"","format":"standard","meta":{"_mi_skip_tracking":false,"_monsterinsights_sitenote_active":false,"_monsterinsights_sitenote_note":"","_monsterinsights_sitenote_category":0,"footnotes":""},"categories":[4,533,11],"tags":[953,3244],"aioseo_notices":[],"_links":{"self":[{"href":"https:\/\/infonews.az\/index.php?rest_route=\/wp\/v2\/posts\/5713"}],"collection":[{"href":"https:\/\/infonews.az\/index.php?rest_route=\/wp\/v2\/posts"}],"about":[{"href":"https:\/\/infonews.az\/index.php?rest_route=\/wp\/v2\/types\/post"}],"author":[{"embeddable":true,"href":"https:\/\/infonews.az\/index.php?rest_route=\/wp\/v2\/users\/3"}],"replies":[{"embeddable":true,"href":"https:\/\/infonews.az\/index.php?rest_route=%2Fwp%2Fv2%2Fcomments&post=5713"}],"version-history":[{"count":1,"href":"https:\/\/infonews.az\/index.php?rest_route=\/wp\/v2\/posts\/5713\/revisions"}],"predecessor-version":[{"id":5715,"href":"https:\/\/infonews.az\/index.php?rest_route=\/wp\/v2\/posts\/5713\/revisions\/5715"}],"wp:featuredmedia":[{"embeddable":true,"href":"https:\/\/infonews.az\/index.php?rest_route=\/wp\/v2\/media\/5714"}],"wp:attachment":[{"href":"https:\/\/infonews.az\/index.php?rest_route=%2Fwp%2Fv2%2Fmedia&parent=5713"}],"wp:term":[{"taxonomy":"category","embeddable":true,"href":"https:\/\/infonews.az\/index.php?rest_route=%2Fwp%2Fv2%2Fcategories&post=5713"},{"taxonomy":"post_tag","embeddable":true,"href":"https:\/\/infonews.az\/index.php?rest_route=%2Fwp%2Fv2%2Ftags&post=5713"}],"curies":[{"name":"wp","href":"https:\/\/api.w.org\/{rel}","templated":true}]}}