{"id":5728,"date":"2021-03-05T14:11:34","date_gmt":"2021-03-05T10:11:34","guid":{"rendered":"https:\/\/infonews.az\/?p=5728"},"modified":"2021-03-05T15:06:32","modified_gmt":"2021-03-05T11:06:32","slug":"ust-pandemiyanin-bit%c9%99c%c9%99yi-vaxti-aciqlayib","status":"publish","type":"post","link":"https:\/\/infonews.az\/?p=5728","title":{"rendered":"\u00dcST pandemiyan\u0131n bit\u0259c\u0259yi vaxt\u0131 a\u00e7\u0131qlay\u0131b"},"content":{"rendered":"<p><span style=\"color: #ffffff;\">\u00dcST pandemiyan\u0131n bit\u0259c\u0259yi vaxt\u0131 a\u00e7\u0131qlay\u0131b<\/span><\/p>\n<p><a href=\"https:\/\/infonews.az\/?p=5728&amp;\"><strong><span style=\"color: #ff0000;\">&#8220;\u0130NFONEWS&#8221;<\/span><\/strong><\/a> x\u0259b\u0259r verir.<\/p>\n<p><em><strong>Koronavirus pandemiyas\u0131 b\u00fct\u00fcn 2021-ci il boyunca davam ed\u0259c\u0259k.<\/strong><\/em><\/p>\n<p>Bunu \u00dcmumd\u00fcnya S\u0259hiyy\u0259 T\u0259\u015fkilat\u0131n\u0131n (\u00dcST) Avropa regional b\u00fcrosunun r\u0259hb\u0259ri Hans Kl\u00fcge deyib.<\/p>\n<p>O bildirib ki, pandemiyan\u0131n 2022-ci ilin \u0259vv\u0259lin\u0259d\u0259k bitm\u0259sini g\u00f6zl\u0259m\u0259k olar:<\/p>\n<blockquote><p>Hesab edir\u0259m ki, 2021-ci il d\u0259 koronavirus ili olacaq. Amma pandemiyaya n\u0259zar\u0259t etm\u0259k daha asan olacaq. G\u00f6zl\u0259m\u0259k olar ki, pandemiya 2022-ci ilin \u0259vv\u0259lin\u0259d\u0259k ba\u015fa \u00e7atacaq. Amma bu o, dem\u0259k deyil ki, virus it\u0259c\u0259k.<\/p><\/blockquote>\n","protected":false},"excerpt":{"rendered":"<p>\u00dcST pandemiyan\u0131n bit\u0259c\u0259yi vaxt\u0131 a\u00e7\u0131qlay\u0131b &#8220;\u0130NFONEWS&#8221; x\u0259b\u0259r verir. Koronavirus pandemiyas\u0131 b\u00fct\u00fcn 2021-ci il boyunca davam ed\u0259c\u0259k. Bunu \u00dcmumd\u00fcnya S\u0259hiyy\u0259 T\u0259\u015fkilat\u0131n\u0131n (\u00dcST) Avropa regional b\u00fcrosunun r\u0259hb\u0259ri Hans Kl\u00fcge deyib. O bildirib&hellip; <\/p>\n","protected":false},"author":3,"featured_media":5729,"comment_status":"open","ping_status":"open","sticky":false,"template":"","format":"standard","meta":{"_mi_skip_tracking":false,"_monsterinsights_sitenote_active":false,"_monsterinsights_sitenote_note":"","_monsterinsights_sitenote_category":0,"footnotes":""},"categories":[9,699,11],"tags":[135,3256,346],"aioseo_notices":[],"_links":{"self":[{"href":"https:\/\/infonews.az\/index.php?rest_route=\/wp\/v2\/posts\/5728"}],"collection":[{"href":"https:\/\/infonews.az\/index.php?rest_route=\/wp\/v2\/posts"}],"about":[{"href":"https:\/\/infonews.az\/index.php?rest_route=\/wp\/v2\/types\/post"}],"author":[{"embeddable":true,"href":"https:\/\/infonews.az\/index.php?rest_route=\/wp\/v2\/users\/3"}],"replies":[{"embeddable":true,"href":"https:\/\/infonews.az\/index.php?rest_route=%2Fwp%2Fv2%2Fcomments&post=5728"}],"version-history":[{"count":1,"href":"https:\/\/infonews.az\/index.php?rest_route=\/wp\/v2\/posts\/5728\/revisions"}],"predecessor-version":[{"id":5730,"href":"https:\/\/infonews.az\/index.php?rest_route=\/wp\/v2\/posts\/5728\/revisions\/5730"}],"wp:featuredmedia":[{"embeddable":true,"href":"https:\/\/infonews.az\/index.php?rest_route=\/wp\/v2\/media\/5729"}],"wp:attachment":[{"href":"https:\/\/infonews.az\/index.php?rest_route=%2Fwp%2Fv2%2Fmedia&parent=5728"}],"wp:term":[{"taxonomy":"category","embeddable":true,"href":"https:\/\/infonews.az\/index.php?rest_route=%2Fwp%2Fv2%2Fcategories&post=5728"},{"taxonomy":"post_tag","embeddable":true,"href":"https:\/\/infonews.az\/index.php?rest_route=%2Fwp%2Fv2%2Ftags&post=5728"}],"curies":[{"name":"wp","href":"https:\/\/api.w.org\/{rel}","templated":true}]}}