{"id":5832,"date":"2021-03-06T18:22:36","date_gmt":"2021-03-06T14:22:36","guid":{"rendered":"https:\/\/infonews.az\/?p=5832"},"modified":"2021-03-06T18:22:36","modified_gmt":"2021-03-06T14:22:36","slug":"prezident-ilham-%c9%99liyev-bir-qrup-qadini-f%c9%99xri-adla-t%c9%99ltif-edib-s%c9%99r%c9%99ncam-2","status":"publish","type":"post","link":"https:\/\/infonews.az\/?p=5832","title":{"rendered":"Prezident \u0130lham \u018fliyev bir qrup qad\u0131n\u0131 f\u0259xri adla t\u0259ltif edib- S\u0259r\u0259ncam 2"},"content":{"rendered":"<h1 class=\"news_heading\" style=\"text-align: center;\"><span style=\"color: #003366;\">Az\u0259rbaycan qad\u0131nlar\u0131na f\u0259xri adlar\u0131n verilm\u0259si haqq\u0131nda Az\u0259rbaycan Respublikas\u0131 Prezidentinin S\u0259r\u0259ncam\u0131<\/span><\/h1>\n<p><!--more--><\/p>\n<div class=\"news_paragraph-block\">\n<blockquote>\n<h5><span style=\"color: #003366;\"><strong><em>Az\u0259rbaycan Respublikas\u0131 Konstitusiyas\u0131n\u0131n 109-cu madd\u0259sinin 32-ci b\u0259ndini r\u0259hb\u0259r tutaraq q\u0259rara al\u0131ram:<\/em><\/strong><\/span><\/h5>\n<\/blockquote>\n<p><strong><em>Az\u0259rbaycan Respublikas\u0131n\u0131n ictimai-m\u0259d\u0259ni h\u0259yat\u0131nda s\u0259m\u0259r\u0259li f\u0259aliyy\u0259tl\u0259rin\u0259 g\u00f6r\u0259, 8 mart \u2013 Beyn\u0259lxalq Qad\u0131nlar g\u00fcn\u00fc m\u00fcnasib\u0259ti il\u0259 a\u015fa\u011f\u0131dak\u0131 \u015f\u0259xsl\u0259r\u0259 Az\u0259rbaycan Respublikas\u0131n\u0131n f\u0259xri adlar\u0131 verilsin:<\/em><\/strong><\/p>\n<p><b>\u201c\u018fm\u0259kdar m\u0259d\u0259niyy\u0259t i\u015f\u00e7isi\u201d<\/b><\/p>\n<p>Abdullayeva Sahib\u0259 Abbas q\u0131z\u0131<\/p>\n<p>Firudinb\u0259yova \u018ffruz \u015e\u00fck\u00fcr q\u0131z\u0131<\/p>\n<p><b>\u201c\u018fm\u0259kdar jurnalist\u201d<\/b><\/p>\n<p>M\u0259h\u0259rr\u0259mli Zemfira \u0130smail q\u0131z\u0131<\/p>\n<p>R\u0259sulova Firuz\u0259 H\u0259md\u0259m q\u0131z\u0131.<\/p>\n<p>\u0130lham \u018fliyev<\/p>\n<p>Az\u0259rbaycan Respublikas\u0131n\u0131n Prezidenti<\/p>\n<p>Bak\u0131 \u015f\u0259h\u0259ri, 6 mart 2021-ci il.<\/p>\n<\/div>\n","protected":false},"excerpt":{"rendered":"<p>Az\u0259rbaycan qad\u0131nlar\u0131na f\u0259xri adlar\u0131n verilm\u0259si haqq\u0131nda Az\u0259rbaycan Respublikas\u0131 Prezidentinin S\u0259r\u0259ncam\u0131<\/p>\n","protected":false},"author":3,"featured_media":5829,"comment_status":"open","ping_status":"open","sticky":false,"template":"","format":"standard","meta":{"_mi_skip_tracking":false,"_monsterinsights_sitenote_active":false,"_monsterinsights_sitenote_note":"","_monsterinsights_sitenote_category":0,"footnotes":""},"categories":[8,10,11],"tags":[3272,3304,3306,3318,1463,866,20,3316,34],"aioseo_notices":[],"_links":{"self":[{"href":"https:\/\/infonews.az\/index.php?rest_route=\/wp\/v2\/posts\/5832"}],"collection":[{"href":"https:\/\/infonews.az\/index.php?rest_route=\/wp\/v2\/posts"}],"about":[{"href":"https:\/\/infonews.az\/index.php?rest_route=\/wp\/v2\/types\/post"}],"author":[{"embeddable":true,"href":"https:\/\/infonews.az\/index.php?rest_route=\/wp\/v2\/users\/3"}],"replies":[{"embeddable":true,"href":"https:\/\/infonews.az\/index.php?rest_route=%2Fwp%2Fv2%2Fcomments&post=5832"}],"version-history":[{"count":1,"href":"https:\/\/infonews.az\/index.php?rest_route=\/wp\/v2\/posts\/5832\/revisions"}],"predecessor-version":[{"id":5833,"href":"https:\/\/infonews.az\/index.php?rest_route=\/wp\/v2\/posts\/5832\/revisions\/5833"}],"wp:featuredmedia":[{"embeddable":true,"href":"https:\/\/infonews.az\/index.php?rest_route=\/wp\/v2\/media\/5829"}],"wp:attachment":[{"href":"https:\/\/infonews.az\/index.php?rest_route=%2Fwp%2Fv2%2Fmedia&parent=5832"}],"wp:term":[{"taxonomy":"category","embeddable":true,"href":"https:\/\/infonews.az\/index.php?rest_route=%2Fwp%2Fv2%2Fcategories&post=5832"},{"taxonomy":"post_tag","embeddable":true,"href":"https:\/\/infonews.az\/index.php?rest_route=%2Fwp%2Fv2%2Ftags&post=5832"}],"curies":[{"name":"wp","href":"https:\/\/api.w.org\/{rel}","templated":true}]}}