{"id":5930,"date":"2021-03-08T10:04:59","date_gmt":"2021-03-08T06:04:59","guid":{"rendered":"https:\/\/infonews.az\/?p=5930"},"modified":"2021-03-08T15:09:54","modified_gmt":"2021-03-08T11:09:54","slug":"mehriban-%c9%99liyeva-az%c9%99rbaycan-qadinlarini-t%c9%99brik-etdi","status":"publish","type":"post","link":"https:\/\/infonews.az\/?p=5930","title":{"rendered":"Mehriban \u018fliyeva Az\u0259rbaycan qad\u0131nlar\u0131n\u0131 t\u0259brik etdi"},"content":{"rendered":"<p><span style=\"color: #ffffff;\">Mehriban \u018fliyeva Az\u0259rbaycan qad\u0131nlar\u0131n\u0131 t\u0259brik etdi<\/span><\/p>\n<p><a href=\"https:\/\/infonews.az\/?p=5930&amp;\"><strong><span style=\"color: #ff0000;\">&#8220;\u0130NFONEWS&#8221;<\/span><\/strong><\/a> x\u0259b\u0259r verir.<\/p>\n<p><em><strong>Birinci vitse-prezident Mehriban \u018fliyeva r\u0259smi \u0130nstaqram s\u0259hif\u0259sind\u0259 Beyn\u0259lxalq Qad\u0131nlar G\u00fcn\u00fc m\u00fcnasib\u0259til\u0259 payla\u015f\u0131m edib.<\/strong><\/em><\/p>\n<p>Statusda deyilir:<\/p>\n<p>&#8220;\u018fziz qad\u0131nlar!<\/p>\n<p>Beyn\u0259lxalq Qad\u0131nlar G\u00fcn\u00fc m\u00fcnasib\u0259til\u0259 sizin ham\u0131n\u0131z\u0131 s\u0259mimi-q\u0259lbd\u0259n t\u0259brik edir\u0259m! Siz z\u0259riflik, s\u0259daq\u0259t, xeyirxahl\u0131q, m\u0259n\u0259vi safl\u0131q, g\u00f6z\u0259llik v\u0259 \u00fclvilik r\u0259mzi olan \u201cqad\u0131n\u201d s\u00f6z\u00fcn\u00fcn ucal\u0131\u011f\u0131n\u0131 l\u0259yaq\u0259tl\u0259 qoruyursunuz.<\/p>\n<p>V\u0259t\u0259nimiz \u00fc\u00e7\u00fcn layiqli o\u011fullar t\u0259rbiy\u0259 etmi\u015f analara \u0259n xo\u015f arzular\u0131m\u0131 \u00e7atd\u0131r\u0131ram! V\u0259t\u0259n m\u00fcharib\u0259si g\u00fcnl\u0259rind\u0259 siz misli g\u00f6r\u00fcnm\u0259mi\u015f m\u0259tan\u0259t, f\u0259dakarl\u0131q v\u0259 m\u00f6hk\u0259m irad\u0259 n\u00fcmayi\u015f etdirdiniz. Az\u0259rbaycan\u0131n \u0259razi b\u00fct\u00f6vl\u00fcy\u00fc u\u011frunda \u015f\u0259hid olmu\u015f q\u0259hr\u0259manlar\u0131n analar\u0131n\u0131n qar\u015f\u0131s\u0131nda ba\u015f \u0259yir\u0259m.<\/p>\n<p>Sizin h\u0259r biriniz\u0259 m\u00f6hk\u0259m cansa\u011fl\u0131\u011f\u0131 v\u0259 ail\u0259 s\u0259ad\u0259ti arzulay\u0131ram! Uca Tanr\u0131 sizi v\u0259 sizin do\u011fmalar\u0131n\u0131z\u0131 qorusun!&#8221;<\/p>\n","protected":false},"excerpt":{"rendered":"<p>Mehriban \u018fliyeva Az\u0259rbaycan qad\u0131nlar\u0131n\u0131 t\u0259brik etdi &#8220;\u0130NFONEWS&#8221; x\u0259b\u0259r verir. Birinci vitse-prezident Mehriban \u018fliyeva r\u0259smi \u0130nstaqram s\u0259hif\u0259sind\u0259 Beyn\u0259lxalq Qad\u0131nlar G\u00fcn\u00fc m\u00fcnasib\u0259til\u0259 payla\u015f\u0131m edib. Statusda deyilir: &#8220;\u018fziz qad\u0131nlar! Beyn\u0259lxalq Qad\u0131nlar G\u00fcn\u00fc m\u00fcnasib\u0259til\u0259&hellip; <\/p>\n","protected":false},"author":3,"featured_media":5931,"comment_status":"open","ping_status":"open","sticky":false,"template":"","format":"standard","meta":{"_mi_skip_tracking":false,"_monsterinsights_sitenote_active":false,"_monsterinsights_sitenote_note":"","_monsterinsights_sitenote_category":0,"footnotes":""},"categories":[11,50,3394],"tags":[3306,847,17],"aioseo_notices":[],"_links":{"self":[{"href":"https:\/\/infonews.az\/index.php?rest_route=\/wp\/v2\/posts\/5930"}],"collection":[{"href":"https:\/\/infonews.az\/index.php?rest_route=\/wp\/v2\/posts"}],"about":[{"href":"https:\/\/infonews.az\/index.php?rest_route=\/wp\/v2\/types\/post"}],"author":[{"embeddable":true,"href":"https:\/\/infonews.az\/index.php?rest_route=\/wp\/v2\/users\/3"}],"replies":[{"embeddable":true,"href":"https:\/\/infonews.az\/index.php?rest_route=%2Fwp%2Fv2%2Fcomments&post=5930"}],"version-history":[{"count":1,"href":"https:\/\/infonews.az\/index.php?rest_route=\/wp\/v2\/posts\/5930\/revisions"}],"predecessor-version":[{"id":5932,"href":"https:\/\/infonews.az\/index.php?rest_route=\/wp\/v2\/posts\/5930\/revisions\/5932"}],"wp:featuredmedia":[{"embeddable":true,"href":"https:\/\/infonews.az\/index.php?rest_route=\/wp\/v2\/media\/5931"}],"wp:attachment":[{"href":"https:\/\/infonews.az\/index.php?rest_route=%2Fwp%2Fv2%2Fmedia&parent=5930"}],"wp:term":[{"taxonomy":"category","embeddable":true,"href":"https:\/\/infonews.az\/index.php?rest_route=%2Fwp%2Fv2%2Fcategories&post=5930"},{"taxonomy":"post_tag","embeddable":true,"href":"https:\/\/infonews.az\/index.php?rest_route=%2Fwp%2Fv2%2Ftags&post=5930"}],"curies":[{"name":"wp","href":"https:\/\/api.w.org\/{rel}","templated":true}]}}