{"id":5933,"date":"2021-03-08T09:12:42","date_gmt":"2021-03-08T05:12:42","guid":{"rendered":"https:\/\/infonews.az\/?p=5933"},"modified":"2021-03-08T15:21:58","modified_gmt":"2021-03-08T11:21:58","slug":"bu-gun-olk%c9%99mizd%c9%99-8-mart-beyn%c9%99lxalq-qadinlar-gunu-qeyd-edilir","status":"publish","type":"post","link":"https:\/\/infonews.az\/?p=5933","title":{"rendered":"Bu g\u00fcn \u00f6lk\u0259mizd\u0259 8 Mart \u2013 Beyn\u0259lxalq Qad\u0131nlar G\u00fcn\u00fc qeyd edilir"},"content":{"rendered":"<p><span style=\"color: #ffffff;\">Bu g\u00fcn \u00f6lk\u0259mizd\u0259 8 Mart \u2013 Beyn\u0259lxalq Qad\u0131nlar G\u00fcn\u00fc qeyd edilir<\/span><\/p>\n<p><a href=\"https:\/\/infonews.az\/?p=5933&amp;\"><strong><span style=\"color: #ff0000;\">&#8220;\u0130NFONEWS&#8221;<\/span> <\/strong><\/a>x\u0259b\u0259r verir.<\/p>\n<p><em><strong>8 Mart \u2013 iqtisadi, ictimai v\u0259 siyasi b\u0259rab\u0259rlik u\u011frunda m\u00fcbariz\u0259d\u0259 qad\u0131nlar\u0131n beyn\u0259lxalq h\u0259mr\u0259ylik g\u00fcn\u00fcd\u00fcr.<\/strong><\/em><\/p>\n<p>Beyn\u0259lxalq Qad\u0131nlar G\u00fcn\u00fcn\u00fcn bayram kimi qeyd edilm\u0259si Klara Setkinin t\u0259klifi il\u0259 1910-cu ild\u0259 sosialist qad\u0131nlar\u0131n 2-ci Beyn\u0259lxalq konfrans\u0131nda (Kopenhagen) q\u0259rara al\u0131n\u0131b.<\/p>\n<p>Qad\u0131nlar g\u00fcn\u00fc ilk d\u0259f\u0259 1911-ci ild\u0259 Almaniya, Avstriya, \u0130sve\u00e7r\u0259 v\u0259 Danimarkada ke\u00e7irilib. Rusiyada 1913-c\u00fc ild\u0259, Az\u0259rbaycanda is\u0259 1917-ci ild\u0259 qeyd edilib. 1914-c\u00fc il\u0259d\u0259k Beyn\u0259lxalq Qad\u0131nlar G\u00fcn\u00fc m\u00fcxt\u0259lif g\u00fcnl\u0259rd\u0259 ke\u00e7irilirdi. Beyn\u0259lxalq Qad\u0131nlar G\u00fcn\u00fcn\u00fcn mart\u0131n 8-d\u0259 ke\u00e7irilm\u0259si Avstriya, Macar\u0131stan, Rusiya, AB\u015e v\u0259 dig\u0259r \u00f6lk\u0259l\u0259rin qad\u0131nlar\u0131n\u0131n \u00f6z h\u0259mr\u0259ylik g\u00fcn\u00fcn\u00fc m\u0259hz bu tarixd\u0259 qeyd etm\u0259sind\u0259n sonra \u0259n\u0259n\u0259 hal\u0131n\u0131 ald\u0131.<\/p>\n<p>H\u0259min vaxtdan b\u00fct\u00fcn \u00f6lk\u0259l\u0259rd\u0259 qad\u0131nlar 8 Mart\u0131 s\u00fclh u\u011frunda m\u00fcbariz\u0259d\u0259 h\u0259mr\u0259ylik g\u00fcn\u00fc kimi d\u0259 qeyd edirl\u0259r. 1965-ci ild\u0259n ke\u00e7mi\u015f SSR\u0130-d\u0259 8 Mart \u2013 Beyn\u0259lxalq Qad\u0131nlar G\u00fcn\u00fc istirah\u0259t g\u00fcn\u00fc elan olunub.<\/p>\n<p>Az\u0259rbaycan m\u00fcst\u0259qillik \u0259ld\u0259 etdikd\u0259n sonra da 8 Mart \u2013 Beyn\u0259lxalq Qad\u0131nlar G\u00fcn\u00fc \u00f6lk\u0259d\u0259 qeyri-i\u015f g\u00fcn\u00fc elan edildi.<\/p>\n<p><b>&#8220;\u0130NFONEWS&#8221; kollektivi b\u00fct\u00fcn Az\u0259rbaycan qad\u0131nlar\u0131n\u0131 t\u0259brik edir, onlara can sa\u011fl\u0131\u011f\u0131, h\u00fczurlu, firavan \u00f6m\u00fcr arzulay\u0131r!<\/b><\/p>\n","protected":false},"excerpt":{"rendered":"<p>Bu g\u00fcn \u00f6lk\u0259mizd\u0259 8 Mart \u2013 Beyn\u0259lxalq Qad\u0131nlar G\u00fcn\u00fc qeyd edilir &#8220;\u0130NFONEWS&#8221; x\u0259b\u0259r verir. 8 Mart \u2013 iqtisadi, ictimai v\u0259 siyasi b\u0259rab\u0259rlik u\u011frunda m\u00fcbariz\u0259d\u0259 qad\u0131nlar\u0131n beyn\u0259lxalq h\u0259mr\u0259ylik g\u00fcn\u00fcd\u00fcr. Beyn\u0259lxalq Qad\u0131nlar&hellip; <\/p>\n","protected":false},"author":3,"featured_media":5934,"comment_status":"open","ping_status":"open","sticky":false,"template":"","format":"standard","meta":{"_mi_skip_tracking":false,"_monsterinsights_sitenote_active":false,"_monsterinsights_sitenote_note":"","_monsterinsights_sitenote_category":0,"footnotes":""},"categories":[4,11,7,3394],"tags":[3306],"aioseo_notices":[],"_links":{"self":[{"href":"https:\/\/infonews.az\/index.php?rest_route=\/wp\/v2\/posts\/5933"}],"collection":[{"href":"https:\/\/infonews.az\/index.php?rest_route=\/wp\/v2\/posts"}],"about":[{"href":"https:\/\/infonews.az\/index.php?rest_route=\/wp\/v2\/types\/post"}],"author":[{"embeddable":true,"href":"https:\/\/infonews.az\/index.php?rest_route=\/wp\/v2\/users\/3"}],"replies":[{"embeddable":true,"href":"https:\/\/infonews.az\/index.php?rest_route=%2Fwp%2Fv2%2Fcomments&post=5933"}],"version-history":[{"count":1,"href":"https:\/\/infonews.az\/index.php?rest_route=\/wp\/v2\/posts\/5933\/revisions"}],"predecessor-version":[{"id":5935,"href":"https:\/\/infonews.az\/index.php?rest_route=\/wp\/v2\/posts\/5933\/revisions\/5935"}],"wp:featuredmedia":[{"embeddable":true,"href":"https:\/\/infonews.az\/index.php?rest_route=\/wp\/v2\/media\/5934"}],"wp:attachment":[{"href":"https:\/\/infonews.az\/index.php?rest_route=%2Fwp%2Fv2%2Fmedia&parent=5933"}],"wp:term":[{"taxonomy":"category","embeddable":true,"href":"https:\/\/infonews.az\/index.php?rest_route=%2Fwp%2Fv2%2Fcategories&post=5933"},{"taxonomy":"post_tag","embeddable":true,"href":"https:\/\/infonews.az\/index.php?rest_route=%2Fwp%2Fv2%2Ftags&post=5933"}],"curies":[{"name":"wp","href":"https:\/\/api.w.org\/{rel}","templated":true}]}}