{"id":6036,"date":"2021-03-10T19:07:58","date_gmt":"2021-03-10T15:07:58","guid":{"rendered":"https:\/\/infonews.az\/?p=6036"},"modified":"2021-03-10T22:13:17","modified_gmt":"2021-03-10T18:13:17","slug":"italiyan-v%c9%99-az%c9%99rbaycan-g%c9%99nc-sairl%c9%99ri-milyon-ill%c9%99r-sonra-gorusduk-adli-antologiyada","status":"publish","type":"post","link":"https:\/\/infonews.az\/?p=6036","title":{"rendered":"\u0130taliyan v\u0259 Az\u0259rbaycan g\u0259nc \u015fairl\u0259ri \u201cMilyon ill\u0259r sonra g\u00f6r\u00fc\u015fd\u00fck\u201d adl\u0131 antologiyada"},"content":{"rendered":"<p><span style=\"color: #ffffff;\">\u0130taliyan v\u0259 Az\u0259rbaycan g\u0259nc \u015fairl\u0259ri \u201cMilyon ill\u0259r sonra g\u00f6r\u00fc\u015fd\u00fck\u201d adl\u0131 antologiyada<\/span><\/p>\n<p><a href=\"https:\/\/infonews.az\/?p=6036&amp;\"><strong><span style=\"color: #ff0000;\">&#8220;\u0130NFONEWS&#8221;<\/span><\/strong><\/a> AZ\u018fRTAC-a istinad\u0259n x\u0259b\u0259r verir.<\/p>\n<p><em><strong>Apreld\u0259 \u0130taliyan\u0131n v\u0259 Az\u0259rbaycan\u0131n g\u0259nc \u015fairl\u0259rinin \u0259s\u0259rl\u0259rind\u0259n ibar\u0259t \u201cMilyon ill\u0259r sonra g\u00f6r\u00fc\u015fd\u00fck\u201d adl\u0131 antologiya i\u015f\u0131q \u00fcz\u00fc g\u00f6r\u0259c\u0259k.<\/strong><\/em><\/p>\n<p>Bu bar\u0259d\u0259 \u201cS\u00f6z\u201d \u0259d\u0259bi-b\u0259dii layih\u0259sinin r\u0259hb\u0259ri, tan\u0131nm\u0131\u015f \u015fair-publisist Nigar H\u0259s\u0259nzad\u0259 m\u0259lumat verib.<\/p>\n<p>O deyib ki, bu n\u0259\u015fr layih\u0259si 2019-cu ild\u0259 Bak\u0131ya s\u0259f\u0259r ed\u0259n \u0130taliyan\u0131n tan\u0131nm\u0131\u015f \u015fair v\u0259 yaz\u0131\u00e7\u0131s\u0131 Davide Rondoni il\u0259 i\u015fbirliyinin n\u0259tic\u0259sidir. \u201cAprelin \u0259vv\u0259lind\u0259 antologiya haz\u0131r olacaq. Bizim t\u0259r\u0259fimizd\u0259n g\u0259nc \u015fairl\u0259rin \u0259s\u0259rl\u0259ri italyan dilin\u0259, onlar\u0131n q\u0259l\u0259m adamlar\u0131n\u0131n n\u0259zm n\u00fcmun\u0259l\u0259ri is\u0259 dilimiz\u0259 t\u0259rc\u00fcm\u0259 olunub. \u0130lk d\u0259f\u0259dir bel\u0259 bir t\u0259\u015f\u0259bb\u00fcs h\u0259yata ke\u00e7irilir. Bu, \u0130taliya-Az\u0259rbaycan \u0259d\u0259bi-m\u0259d\u0259ni \u0259laq\u0259l\u0259rin\u0259 b\u00f6y\u00fck bir t\u00f6hf\u0259dir\u201d.<\/p>\n<p>Bu g\u00fcnl\u0259rd\u0259 \u0130taliyan\u0131n Az\u0259rbaycandak\u0131 s\u0259firi Auqusto Massari il\u0259 g\u00f6r\u00fc\u015fd\u00fcy\u00fcn\u00fc bildir\u0259n \u201cS\u00f6z\u201d\u00fcn r\u0259hb\u0259ri \u0259lav\u0259 edib ki, s\u0259firl\u0259 \u201cMilyon ill\u0259r sonra g\u00f6r\u00fc\u015fd\u00fck\u201d adl\u0131 antologiya bar\u0259d\u0259 geni\u015f s\u00f6hb\u0259t edib.<\/p>\n<p>Nigar H\u0259s\u0259nzad\u0259 bildirib ki, antologiyan\u0131n n\u0259\u015frinin koordinasiyas\u0131 i\u015fi \u0130zabella Serra v\u0259 Aydan \u018fliyevaya, m\u0259tnl\u0259rin t\u0259rc\u00fcm\u0259si Zuleyxa Muradovaya aiddir. Layih\u0259 \u0130taliyan\u0131n Bak\u0131dak\u0131 s\u0259firliyi t\u0259r\u0259find\u0259n \u00f6lk\u0259mizin t\u0259bli\u011fi \u00fc\u00e7\u00fcn Xarici \u0130\u015fl\u0259r v\u0259 Beyn\u0259lxalq \u018fm\u0259kda\u015fl\u0131q Nazirliyi t\u0259r\u0259find\u0259n maliyy\u0259l\u0259\u015fdiril\u0259n &#8220;VIVERE ALL\u2019ITALIANA&#8221; proqram\u0131 \u00e7\u0259r\u00e7iv\u0259sind\u0259 h\u0259yata ke\u00e7irilir. &#8220;Milyon ill\u0259r sonra g\u00f6r\u00fc\u015fd\u00fck&#8221; antologiyas\u0131 \u0130taliyan\u0131n Az\u0259rbaycandak\u0131 s\u0259firliyi t\u0259r\u0259find\u0259n m\u0259d\u0259ni diplomatiya f\u0259aliyy\u0259ti kimi y\u00fcks\u0259k qiym\u0259tl\u0259ndirilir. \u018fsas m\u0259qs\u0259dimiz h\u0259r iki \u00f6lk\u0259nin g\u0259nc inc\u0259s\u0259n\u0259t xadiml\u0259rinin tan\u0131d\u0131lmas\u0131d\u0131r. G\u0259l\u0259c\u0259kd\u0259 \u015fairl\u0259rd\u0259n ba\u015fqa r\u0259ssam v\u0259 musiqi\u00e7il\u0259r d\u0259 bu layih\u0259l\u0259r\u0259 c\u0259lb edil\u0259c\u0259k.<\/p>\n","protected":false},"excerpt":{"rendered":"<p>\u0130taliyan v\u0259 Az\u0259rbaycan g\u0259nc \u015fairl\u0259ri \u201cMilyon ill\u0259r sonra g\u00f6r\u00fc\u015fd\u00fck\u201d adl\u0131 antologiyada &#8220;\u0130NFONEWS&#8221; AZ\u018fRTAC-a istinad\u0259n x\u0259b\u0259r verir. Apreld\u0259 \u0130taliyan\u0131n v\u0259 Az\u0259rbaycan\u0131n g\u0259nc \u015fairl\u0259rinin \u0259s\u0259rl\u0259rind\u0259n ibar\u0259t \u201cMilyon ill\u0259r sonra g\u00f6r\u00fc\u015fd\u00fck\u201d adl\u0131 antologiya&hellip; <\/p>\n","protected":false},"author":3,"featured_media":6039,"comment_status":"open","ping_status":"open","sticky":false,"template":"","format":"standard","meta":{"_mi_skip_tracking":false,"_monsterinsights_sitenote_active":false,"_monsterinsights_sitenote_note":"","_monsterinsights_sitenote_category":0,"footnotes":""},"categories":[10,11,7],"tags":[3454,3452,3456],"aioseo_notices":[],"_links":{"self":[{"href":"https:\/\/infonews.az\/index.php?rest_route=\/wp\/v2\/posts\/6036"}],"collection":[{"href":"https:\/\/infonews.az\/index.php?rest_route=\/wp\/v2\/posts"}],"about":[{"href":"https:\/\/infonews.az\/index.php?rest_route=\/wp\/v2\/types\/post"}],"author":[{"embeddable":true,"href":"https:\/\/infonews.az\/index.php?rest_route=\/wp\/v2\/users\/3"}],"replies":[{"embeddable":true,"href":"https:\/\/infonews.az\/index.php?rest_route=%2Fwp%2Fv2%2Fcomments&post=6036"}],"version-history":[{"count":1,"href":"https:\/\/infonews.az\/index.php?rest_route=\/wp\/v2\/posts\/6036\/revisions"}],"predecessor-version":[{"id":6040,"href":"https:\/\/infonews.az\/index.php?rest_route=\/wp\/v2\/posts\/6036\/revisions\/6040"}],"wp:featuredmedia":[{"embeddable":true,"href":"https:\/\/infonews.az\/index.php?rest_route=\/wp\/v2\/media\/6039"}],"wp:attachment":[{"href":"https:\/\/infonews.az\/index.php?rest_route=%2Fwp%2Fv2%2Fmedia&parent=6036"}],"wp:term":[{"taxonomy":"category","embeddable":true,"href":"https:\/\/infonews.az\/index.php?rest_route=%2Fwp%2Fv2%2Fcategories&post=6036"},{"taxonomy":"post_tag","embeddable":true,"href":"https:\/\/infonews.az\/index.php?rest_route=%2Fwp%2Fv2%2Ftags&post=6036"}],"curies":[{"name":"wp","href":"https:\/\/api.w.org\/{rel}","templated":true}]}}