{"id":6193,"date":"2021-03-13T18:31:14","date_gmt":"2021-03-13T14:31:14","guid":{"rendered":"https:\/\/infonews.az\/?p=6193"},"modified":"2021-03-13T20:36:32","modified_gmt":"2021-03-13T16:36:32","slug":"erm%c9%99nistan-muxalif%c9%99ti-prezidentin-v%c9%99-bas-nazirin-qarsidaki-gorusunu-sou-adlandirir","status":"publish","type":"post","link":"https:\/\/infonews.az\/?p=6193","title":{"rendered":"Erm\u0259nistan m\u00fcxalif\u0259ti prezidentin v\u0259 ba\u015f nazirin qar\u015f\u0131dak\u0131 g\u00f6r\u00fc\u015f\u00fcn\u00fc \u015fou adland\u0131r\u0131r"},"content":{"rendered":"<p><span style=\"color: #ffffff;\">Erm\u0259nistan m\u00fcxalif\u0259ti prezidentin v\u0259 ba\u015f nazirin qar\u015f\u0131dak\u0131 g\u00f6r\u00fc\u015f\u00fcn\u00fc \u015fou adland\u0131r\u0131r<\/span><\/p>\n<p><a href=\"https:\/\/infonews.az\/?p=6193&amp;\"><strong><span style=\"color: #ff0000;\">&#8220;\u0130NFONEWS&#8221;<\/span><\/strong><\/a> AZ\u018fRTAC -a istinad\u0259n x\u0259b\u0259r verir.<\/p>\n<p><em><strong>Erm\u0259nistan m\u00fcxalif\u0259ti prezident Armen Sarkisyan\u0131n v\u0259 ba\u015f nazir Nikol Pa\u015finyan\u0131n bu g\u00fcn\u0259 planla\u015fd\u0131r\u0131lan g\u00f6r\u00fc\u015f\u00fcn\u00fc siyasi \u015fou d\u00fcz\u0259ltm\u0259k c\u0259hdi kimi qiym\u0259tl\u0259ndirir.<\/strong><\/em><\/p>\n<p>Erm\u0259nistan K\u0130V-in m\u0259lumat\u0131na g\u00f6r\u0259, bunu jurnalistl\u0259r\u0259 m\u00fcxalif \u201cV\u0259t\u0259nin xilas\u0131 u\u011frunda h\u0259r\u0259kat\u201d birliyinin n\u00fcmay\u0259nd\u0259si, \u201cDa\u015fnaksutyun\u201d partiyas\u0131n\u0131n \u00fczv\u00fc Geqam Manukyan deyib.<\/p>\n<p>\u201cN\u00f6vb\u0259ti \u015foudur, qoy g\u00f6r\u00fc\u015fs\u00fcnl\u0259r. Y\u0259qin ki, hans\u0131sa f\u0259aliyy\u0259t plan\u0131n\u0131 d\u0259yi\u015fm\u0259k ist\u0259yirl\u0259r\u201d, &#8211; dey\u0259 o bildirib.<\/p>\n<p>Pa\u015finyan\u0131n \u015f\u0259nb\u0259 g\u00fcn\u00fc \u00f6lk\u0259 prezidenti il\u0259 g\u00f6r\u00fc\u015f\u0259c\u0259yi bar\u0259d\u0259 ba\u015f nazirin m\u0259tbuat katibi Mane Gevorkyan m\u0259lumat verib.<\/p>\n<p>Armen Sarkisyan ba\u015f nazirl\u0259 yana\u015f\u0131, parlament fraksiyalar\u0131n\u0131n r\u0259hb\u0259rl\u0259rini v\u0259 \u201cV\u0259t\u0259nin xilas\u0131 u\u011frunda h\u0259r\u0259kat\u201d m\u00fcxalif\u0259t birliyinin n\u00fcmay\u0259nd\u0259l\u0259rini b\u00f6hrandan \u00e7\u0131x\u0131\u015f yollar\u0131 tapmaq \u00fc\u00e7\u00fcn m\u0259sl\u0259h\u0259tl\u0259\u015fm\u0259 ke\u00e7irm\u0259y\u0259 d\u0259v\u0259t edib. M\u00fcxalif\u0259t is\u0259 g\u00f6r\u00fc\u015f\u0259 yaln\u0131z Pa\u015finyan\u0131n istefas\u0131 bar\u0259d\u0259 yol x\u0259rit\u0259sini m\u00fczakir\u0259 etm\u0259k \u00fc\u00e7\u00fcn haz\u0131r oldu\u011funu bildirib.<\/p>\n","protected":false},"excerpt":{"rendered":"<p>Erm\u0259nistan m\u00fcxalif\u0259ti prezidentin v\u0259 ba\u015f nazirin qar\u015f\u0131dak\u0131 g\u00f6r\u00fc\u015f\u00fcn\u00fc \u015fou adland\u0131r\u0131r &#8220;\u0130NFONEWS&#8221; AZ\u018fRTAC -a istinad\u0259n x\u0259b\u0259r verir. Erm\u0259nistan m\u00fcxalif\u0259ti prezident Armen Sarkisyan\u0131n v\u0259 ba\u015f nazir Nikol Pa\u015finyan\u0131n bu g\u00fcn\u0259 planla\u015fd\u0131r\u0131lan g\u00f6r\u00fc\u015f\u00fcn\u00fc&hellip; <\/p>\n","protected":false},"author":3,"featured_media":6194,"comment_status":"open","ping_status":"open","sticky":false,"template":"","format":"standard","meta":{"_mi_skip_tracking":false,"_monsterinsights_sitenote_active":false,"_monsterinsights_sitenote_note":"","_monsterinsights_sitenote_category":0,"footnotes":""},"categories":[9,6,11],"tags":[70,3572,3570],"aioseo_notices":[],"_links":{"self":[{"href":"https:\/\/infonews.az\/index.php?rest_route=\/wp\/v2\/posts\/6193"}],"collection":[{"href":"https:\/\/infonews.az\/index.php?rest_route=\/wp\/v2\/posts"}],"about":[{"href":"https:\/\/infonews.az\/index.php?rest_route=\/wp\/v2\/types\/post"}],"author":[{"embeddable":true,"href":"https:\/\/infonews.az\/index.php?rest_route=\/wp\/v2\/users\/3"}],"replies":[{"embeddable":true,"href":"https:\/\/infonews.az\/index.php?rest_route=%2Fwp%2Fv2%2Fcomments&post=6193"}],"version-history":[{"count":1,"href":"https:\/\/infonews.az\/index.php?rest_route=\/wp\/v2\/posts\/6193\/revisions"}],"predecessor-version":[{"id":6195,"href":"https:\/\/infonews.az\/index.php?rest_route=\/wp\/v2\/posts\/6193\/revisions\/6195"}],"wp:featuredmedia":[{"embeddable":true,"href":"https:\/\/infonews.az\/index.php?rest_route=\/wp\/v2\/media\/6194"}],"wp:attachment":[{"href":"https:\/\/infonews.az\/index.php?rest_route=%2Fwp%2Fv2%2Fmedia&parent=6193"}],"wp:term":[{"taxonomy":"category","embeddable":true,"href":"https:\/\/infonews.az\/index.php?rest_route=%2Fwp%2Fv2%2Fcategories&post=6193"},{"taxonomy":"post_tag","embeddable":true,"href":"https:\/\/infonews.az\/index.php?rest_route=%2Fwp%2Fv2%2Ftags&post=6193"}],"curies":[{"name":"wp","href":"https:\/\/api.w.org\/{rel}","templated":true}]}}