{"id":6196,"date":"2021-03-13T19:37:13","date_gmt":"2021-03-13T15:37:13","guid":{"rendered":"https:\/\/infonews.az\/?p=6196"},"modified":"2021-03-13T20:41:53","modified_gmt":"2021-03-13T16:41:53","slug":"vladimir-zelenskinin-ikinci-mudd%c9%99t%c9%99-prezident-seckil%c9%99rind%c9%99-istiraki-ir%c9%99li-surul%c9%99c%c9%99k","status":"publish","type":"post","link":"https:\/\/infonews.az\/?p=6196","title":{"rendered":"Vladimir Zelenskinin ikinci m\u00fcdd\u0259t\u0259 prezident se\u00e7kil\u0259rind\u0259 i\u015ftirak\u0131 ir\u0259li s\u00fcr\u00fcl\u0259c\u0259k"},"content":{"rendered":"<p><span style=\"color: #ffffff;\">Vladimir Zelenskinin ikinci m\u00fcdd\u0259t\u0259 prezident se\u00e7kil\u0259rind\u0259 i\u015ftirak\u0131 ir\u0259li s\u00fcr\u00fcl\u0259c\u0259k<\/span><\/p>\n<p><a href=\"https:\/\/infonews.az\/?p=6196&amp;\"><strong><span style=\"color: #ff0000;\">&#8220;\u0130NFONEWS&#8221;<\/span> <\/strong><\/a>AZ\u018fRTAC -a istinad\u0259n x\u0259b\u0259r verir.<\/p>\n<p><em><strong>Ukraynan\u0131n hakim \u201cXalq\u0131n xidm\u0259t\u00e7isi\u201d partiyas\u0131 d\u00f6vl\u0259t ba\u015f\u00e7\u0131s\u0131 Vladimir Zelenskinin prezident se\u00e7kil\u0259rind\u0259 ikinci m\u00fcdd\u0259t\u0259 namiz\u0259dliyini ir\u0259li s\u00fcr\u0259c\u0259k.<\/strong><\/em><\/p>\n<p>Bu bar\u0259d\u0259 partiyan\u0131n qurultay\u0131ndan sonra Ukrayna Ali Radas\u0131n\u0131n deputat\u0131, \u201cXalq\u0131n xidm\u0259t\u00e7isi\u201d fraksiyas\u0131n\u0131n r\u0259hb\u0259ri David Araxamiya ke\u00e7irdiyi m\u0259tbuat konfrans\u0131nda m\u0259lumat verib.<\/p>\n<p>\u201cBiz Vladimir Zelenskid\u0259n ikinci d\u0259f\u0259 prezident se\u00e7kil\u0259rind\u0259 namiz\u0259dliyini ir\u0259li s\u00fcrm\u0259sini ist\u0259y\u0259c\u0259yik\u201d, &#8211; dey\u0259 fraksiya r\u0259hb\u0259ri \u0259lav\u0259 edib.<\/p>\n<p>Vladimir Zelenski prezident se\u00e7kil\u0259rind\u0259 yenid\u0259n i\u015ftirak edib-etm\u0259y\u0259c\u0259yi bar\u0259d\u0259 q\u0259rar\u0131n\u0131 h\u0259l\u0259 ki bildirm\u0259yib.<\/p>\n<p>Qeyd ed\u0259k ki, \u201cXalq\u0131n xidm\u0259t\u00e7isi\u201d partiyas\u0131n\u0131n qurultay\u0131 mart\u0131n 13-d\u0259 ke\u00e7irilib. Qurultayda struktur d\u0259yi\u015fiklikl\u0259ri edilib, Siyasi \u015euran\u0131n yeni t\u0259rkibi se\u00e7ilib.<\/p>\n","protected":false},"excerpt":{"rendered":"<p>Vladimir Zelenskinin ikinci m\u00fcdd\u0259t\u0259 prezident se\u00e7kil\u0259rind\u0259 i\u015ftirak\u0131 ir\u0259li s\u00fcr\u00fcl\u0259c\u0259k &#8220;\u0130NFONEWS&#8221; AZ\u018fRTAC -a istinad\u0259n x\u0259b\u0259r verir. Ukraynan\u0131n hakim \u201cXalq\u0131n xidm\u0259t\u00e7isi\u201d partiyas\u0131 d\u00f6vl\u0259t ba\u015f\u00e7\u0131s\u0131 Vladimir Zelenskinin prezident se\u00e7kil\u0259rind\u0259 ikinci m\u00fcdd\u0259t\u0259 namiz\u0259dliyini ir\u0259li&hellip; <\/p>\n","protected":false},"author":3,"featured_media":6197,"comment_status":"open","ping_status":"open","sticky":false,"template":"","format":"standard","meta":{"_mi_skip_tracking":false,"_monsterinsights_sitenote_active":false,"_monsterinsights_sitenote_note":"","_monsterinsights_sitenote_category":0,"footnotes":""},"categories":[9,6,11],"tags":[3574,3576,172],"aioseo_notices":[],"_links":{"self":[{"href":"https:\/\/infonews.az\/index.php?rest_route=\/wp\/v2\/posts\/6196"}],"collection":[{"href":"https:\/\/infonews.az\/index.php?rest_route=\/wp\/v2\/posts"}],"about":[{"href":"https:\/\/infonews.az\/index.php?rest_route=\/wp\/v2\/types\/post"}],"author":[{"embeddable":true,"href":"https:\/\/infonews.az\/index.php?rest_route=\/wp\/v2\/users\/3"}],"replies":[{"embeddable":true,"href":"https:\/\/infonews.az\/index.php?rest_route=%2Fwp%2Fv2%2Fcomments&post=6196"}],"version-history":[{"count":1,"href":"https:\/\/infonews.az\/index.php?rest_route=\/wp\/v2\/posts\/6196\/revisions"}],"predecessor-version":[{"id":6198,"href":"https:\/\/infonews.az\/index.php?rest_route=\/wp\/v2\/posts\/6196\/revisions\/6198"}],"wp:featuredmedia":[{"embeddable":true,"href":"https:\/\/infonews.az\/index.php?rest_route=\/wp\/v2\/media\/6197"}],"wp:attachment":[{"href":"https:\/\/infonews.az\/index.php?rest_route=%2Fwp%2Fv2%2Fmedia&parent=6196"}],"wp:term":[{"taxonomy":"category","embeddable":true,"href":"https:\/\/infonews.az\/index.php?rest_route=%2Fwp%2Fv2%2Fcategories&post=6196"},{"taxonomy":"post_tag","embeddable":true,"href":"https:\/\/infonews.az\/index.php?rest_route=%2Fwp%2Fv2%2Ftags&post=6196"}],"curies":[{"name":"wp","href":"https:\/\/api.w.org\/{rel}","templated":true}]}}