{"id":6381,"date":"2021-03-18T16:51:13","date_gmt":"2021-03-18T12:51:13","guid":{"rendered":"https:\/\/infonews.az\/?p=6381"},"modified":"2021-03-18T19:56:37","modified_gmt":"2021-03-18T15:56:37","slug":"aztu-v%c9%99-conim-cert-mmc-arasinda-%c9%99m%c9%99kdasliq-muqavil%c9%99si-imzalanib","status":"publish","type":"post","link":"https:\/\/infonews.az\/?p=6381","title":{"rendered":"AzTU v\u0259 \u201cCONIM Cert\u201d MMC aras\u0131nda \u0259m\u0259kda\u015fl\u0131q m\u00fcqavil\u0259si imzalan\u0131b"},"content":{"rendered":"<p><span style=\"color: #ffffff;\">AzTU v\u0259 \u201cCONIM Cert\u201d MMC aras\u0131nda \u0259m\u0259kda\u015fl\u0131q m\u00fcqavil\u0259si imzalan\u0131b<\/span><\/p>\n<p><a href=\"https:\/\/infonews.az\/?p=6381&amp;\"><strong><span style=\"color: #ff0000;\">&#8220;\u0130NFONEWS&#8221;<\/span> <\/strong><\/a>x\u0259b\u0259r verir.<\/p>\n<p><em><strong>Az\u0259rbaycan Texniki Universiteti (AzTU) il\u0259 \u201cCONIM Cert\u201d MMC aras\u0131nda \u0259m\u0259kda\u015fl\u0131q haqq\u0131nda m\u00fcqavil\u0259 imzalan\u0131b. M\u00fcqavil\u0259ni rektor Vilay\u0259t V\u0259liyev v\u0259 m\u00fc\u0259ssis\u0259nin icra\u00e7\u0131 direktoru Mehriban Osmanova imzalay\u0131b.<\/strong><\/em><\/p>\n<p>M\u00fcqavil\u0259y\u0259 \u0259sas\u0259n, universitetin professor-m\u00fc\u0259llim hey\u0259ti v\u0259 m\u00fcxt\u0259lif fak\u00fclt\u0259l\u0259rind\u0259 t\u0259hsil alan t\u0259l\u0259b\u0259l\u0259r \u00fc\u00e7\u00fcn MMC t\u0259r\u0259find\u0259n \u0130SO Beyn\u0259lxalq Standartlar seriyas\u0131na aid t\u0259liml\u0259r ke\u00e7iril\u0259c\u0259k. Eyni zamanda, g\u0259nc kadrlar\u0131n m\u00fcasir \u0259m\u0259k bazar\u0131n\u0131n t\u0259l\u0259bl\u0259rin\u0259 uy\u011fun i\u015f h\u0259yat\u0131na haz\u0131rlanmas\u0131 \u00fc\u00e7\u00fcn t\u0259l\u0259b olunan dig\u0259r t\u0259liml\u0259rin d\u0259 m\u00fc\u0259ssis\u0259 t\u0259r\u0259find\u0259n h\u0259yata ke\u00e7irilm\u0259si n\u0259z\u0259rd\u0259 tutulur.<\/p>\n","protected":false},"excerpt":{"rendered":"<p>AzTU v\u0259 \u201cCONIM Cert\u201d MMC aras\u0131nda \u0259m\u0259kda\u015fl\u0131q m\u00fcqavil\u0259si imzalan\u0131b &#8220;\u0130NFONEWS&#8221; x\u0259b\u0259r verir. Az\u0259rbaycan Texniki Universiteti (AzTU) il\u0259 \u201cCONIM Cert\u201d MMC aras\u0131nda \u0259m\u0259kda\u015fl\u0131q haqq\u0131nda m\u00fcqavil\u0259 imzalan\u0131b. M\u00fcqavil\u0259ni rektor Vilay\u0259t V\u0259liyev v\u0259&hellip; <\/p>\n","protected":false},"author":3,"featured_media":6382,"comment_status":"open","ping_status":"open","sticky":false,"template":"","format":"standard","meta":{"_mi_skip_tracking":false,"_monsterinsights_sitenote_active":false,"_monsterinsights_sitenote_note":"","_monsterinsights_sitenote_category":0,"footnotes":""},"categories":[11,3],"tags":[3710,60,3712,520],"aioseo_notices":[],"_links":{"self":[{"href":"https:\/\/infonews.az\/index.php?rest_route=\/wp\/v2\/posts\/6381"}],"collection":[{"href":"https:\/\/infonews.az\/index.php?rest_route=\/wp\/v2\/posts"}],"about":[{"href":"https:\/\/infonews.az\/index.php?rest_route=\/wp\/v2\/types\/post"}],"author":[{"embeddable":true,"href":"https:\/\/infonews.az\/index.php?rest_route=\/wp\/v2\/users\/3"}],"replies":[{"embeddable":true,"href":"https:\/\/infonews.az\/index.php?rest_route=%2Fwp%2Fv2%2Fcomments&post=6381"}],"version-history":[{"count":1,"href":"https:\/\/infonews.az\/index.php?rest_route=\/wp\/v2\/posts\/6381\/revisions"}],"predecessor-version":[{"id":6383,"href":"https:\/\/infonews.az\/index.php?rest_route=\/wp\/v2\/posts\/6381\/revisions\/6383"}],"wp:featuredmedia":[{"embeddable":true,"href":"https:\/\/infonews.az\/index.php?rest_route=\/wp\/v2\/media\/6382"}],"wp:attachment":[{"href":"https:\/\/infonews.az\/index.php?rest_route=%2Fwp%2Fv2%2Fmedia&parent=6381"}],"wp:term":[{"taxonomy":"category","embeddable":true,"href":"https:\/\/infonews.az\/index.php?rest_route=%2Fwp%2Fv2%2Fcategories&post=6381"},{"taxonomy":"post_tag","embeddable":true,"href":"https:\/\/infonews.az\/index.php?rest_route=%2Fwp%2Fv2%2Ftags&post=6381"}],"curies":[{"name":"wp","href":"https:\/\/api.w.org\/{rel}","templated":true}]}}