{"id":6387,"date":"2021-03-18T19:09:35","date_gmt":"2021-03-18T15:09:35","guid":{"rendered":"https:\/\/infonews.az\/?p=6387"},"modified":"2021-03-18T20:15:29","modified_gmt":"2021-03-18T16:15:29","slug":"ilham-%c9%99liyev-inkisaf-m%c9%99qs%c9%99dimizdir-coxcildliyinin-107-ci-kitabi-capdan-cixib","status":"publish","type":"post","link":"https:\/\/infonews.az\/?p=6387","title":{"rendered":"\u201c\u0130lham \u018fliyev. \u0130nki\u015faf &#8211; m\u0259qs\u0259dimizdir\u201d \u00e7oxcildliyinin 107-ci kitab\u0131 \u00e7apdan \u00e7\u0131x\u0131b"},"content":{"rendered":"<p><span style=\"color: #ffffff;\">\u201c\u0130lham \u018fliyev. \u0130nki\u015faf &#8211; m\u0259qs\u0259dimizdir\u201d \u00e7oxcildliyinin 107-ci kitab\u0131 \u00e7apdan \u00e7\u0131x\u0131b<\/span><\/p>\n<p><a href=\"https:\/\/infonews.az\/?p=6387&amp;\"><strong><span style=\"color: #ff0000;\">&#8220;\u0130NFONEWS&#8221;<\/span><\/strong><\/a> AZ\u018fRTAC -a istinad\u0259n x\u0259b\u0259r verir.<\/p>\n<p style=\"text-align: center;\"><strong>Kitabda Az\u0259rbaycan Prezidentinin V\u0259t\u0259n m\u00fcharib\u0259si zaman\u0131 xalqa m\u00fcraci\u0259tl\u0259rinin v\u0259 xarici K\u0130V-l\u0259r\u0259 bir s\u0131ra m\u00fcsahib\u0259l\u0259rinin m\u0259tnl\u0259ri toplan\u0131b<\/strong><\/p>\n<p>Bilirsiniz, m\u0259n\u0259 minl\u0259rl\u0259 m\u0259ktub g\u0259lir. Bu m\u0259ktublar\u0131 oxuyanda, s\u00f6z\u00fcn d\u00fcz\u00fc, m\u0259n d\u0259 b\u0259zi hallarda sevinc g\u00f6z ya\u015flar\u0131m\u0131 saxlaya bilmir\u0259m. O m\u0259ktublarda o q\u0259d\u0259r s\u0259mimi, o q\u0259d\u0259r isti, o q\u0259d\u0259r q\u00fcrurverici s\u00f6zl\u0259r yaz\u0131l\u0131r v\u0259 m\u0259n\u0259 mesaj kimi \u00e7atd\u0131r\u0131l\u0131r. O m\u0259ktublar\u0131 oxuyanda bir daha g\u00f6r\u00fcr\u0259m ki, Az\u0259rbaycan xalq\u0131 n\u0259 q\u0259d\u0259r b\u00f6y\u00fck xalqd\u0131r. Uzun ill\u0259r bel\u0259 v\u0259ziyy\u0259td\u0259 ya\u015famaq, ancaq \u00fcmidl\u0259rl\u0259 ya\u015famaq, o \u00fcmidl\u0259rl\u0259 ki, g\u00fcn g\u0259l\u0259c\u0259k v\u0259 onlar \u00f6z d\u0259d\u0259-baba oca\u011f\u0131na qay\u0131dacaqlar. Bu, do\u011frudan da b\u00f6y\u00fck f\u0259dakarl\u0131qd\u0131r. M\u0259n \u00e7ox xo\u015fb\u0259xt\u0259m ki, bu q\u0259l\u0259b\u0259 sevincini bizim insanlara b\u0259x\u015f ed\u0259 bildik.<\/p>\n<p>\u201c\u0130lham \u018fliyev. \u0130nki\u015faf &#8211; m\u0259qs\u0259dimizdir\u201d \u00e7oxcildliyinin 107-ci kitab\u0131nda yer alan bu fikirl\u0259ri d\u00f6vl\u0259timizin ba\u015f\u00e7\u0131s\u0131 2020-ci il oktyabr\u0131n 15-d\u0259 T\u00fcrkiy\u0259nin NTV televiziya kanal\u0131na m\u00fcsahib\u0259sind\u0259 s\u00f6yl\u0259yib.<\/p>\n<p>\u00c7oxcildliyin n\u00f6vb\u0259ti kitab\u0131ndak\u0131 materiallar 2020-ci il oktyabr\u0131n 15-d\u0259n noyabr\u0131n 4-d\u0259k olan d\u00f6vr\u00fc &#8211; V\u0259t\u0259n m\u00fcharib\u0259sinin davam etdiyi g\u00fcnl\u0259ri \u0259hat\u0259 edir. H\u0259min taley\u00fckl\u00fc g\u00fcnl\u0259rd\u0259 Prezident, M\u00fcz\u0259ff\u0259r Ali Ba\u015f Komandan \u0130lham \u018fliyev eyni vaxtda \u00fc\u00e7 c\u0259bh\u0259d\u0259 &#8211; d\u00f6y\u00fc\u015f meydan\u0131nda, diplomatik m\u00fcst\u0259vid\u0259 v\u0259 informasiya m\u0259kan\u0131nda \u0259zml\u0259, u\u011furla m\u00fcbariz\u0259 apar\u0131rd\u0131. D\u00f6vl\u0259timizin ba\u015f\u00e7\u0131s\u0131 xarici telekanallara, beyn\u0259lxalq informasiya agentlikl\u0259rin\u0259 m\u00fcsahib\u0259l\u0259rind\u0259 xalq\u0131m\u0131z\u0131n haqq s\u0259sini, Qaraba\u011f h\u0259qiq\u0259tl\u0259rini d\u00fcnya ictimaiyy\u0259tin\u0259 \u00e7atd\u0131r\u0131r, i\u015f\u011fal\u00e7\u0131 Erm\u0259nistana v\u0259 onu himay\u0259 ed\u0259nl\u0259r\u0259 a\u00e7\u0131q mesajlar verirdi. Kitaba daxil edil\u0259n bu v\u0259 dig\u0259r materiallar Az\u0259rbaycan\u0131n \u015fanl\u0131 V\u0259t\u0259n m\u00fcharib\u0259si haqq\u0131nda dol\u011fun t\u0259s\u0259vv\u00fcr yarad\u0131r.<\/p>\n<p>Bu cild\u0259 Prezident \u0130lham \u018fliyevin \u201cRossiya Seqodnya\u201d Beyn\u0259lxalq \u0130nformasiya Agentliyin\u0259 (Rusiya), \u201cA Haber\u201d telekanal\u0131na (T\u00fcrkiy\u0259), TASS informasiya agentliyin\u0259 (Rusiya), \u201cNikkei\u201d (Yaponiya), \u201cFigaro\u201d (Fransa) q\u0259zetl\u0259rin\u0259, \u201cFox News\u201d (AB\u015e), \u201cRA\u0130-1\u201d (\u0130taliya) televiziya kanallar\u0131na, \u201c\u0130nterfaks\u201d agentliyin\u0259 (Rusiya), ARD telekanal\u0131na (Almaniya), \u201cLa Republica\u201d q\u0259zetin\u0259 (\u0130taliya), EFE informasiya agentliyin\u0259 (\u0130spaniya) m\u00fcsahib\u0259l\u0259rinin m\u0259tnl\u0259ri daxil edilib.<\/p>\n<p>Kitabda Az\u0259rbaycan Prezidentinin xalqa m\u00fcraci\u0259tl\u0259rinin m\u0259tnl\u0259ri il\u0259 yana\u015f\u0131, r\u0259smi \u201cTwitter\u201d hesab\u0131nda payla\u015f\u0131mlar\u0131 da yer al\u0131b. Bu payla\u015f\u0131mlarda r\u0259\u015fad\u0259tli ordumuzun c\u0259bh\u0259d\u0259 qazand\u0131\u011f\u0131 q\u0259l\u0259b\u0259l\u0259r, i\u015f\u011faldan azad edilmi\u015f \u0259razil\u0259rimiz bar\u0259d\u0259 m\u0259lumatlarla, eyni zamanda, Erm\u0259nistan\u0131n h\u0259rbi-siyasi r\u0259hb\u0259rliyinin m\u00fcharib\u0259 cinay\u0259tl\u0259rini, G\u0259nc\u0259 v\u0259 B\u0259rd\u0259ni raket at\u0259\u015fin\u0259 tutmas\u0131n\u0131 q\u0259tiyy\u0259tl\u0259 pisl\u0259y\u0259n b\u0259yanatlarla tan\u0131\u015f olmaq m\u00fcmk\u00fcnd\u00fcr.<\/p>\n<p>\u00c7oxcildliyin 107-ci kitab\u0131nda Prezident \u0130lham \u018fliyevin T\u00fcrkiy\u0259 B\u00f6y\u00fck Mill\u0259t M\u0259clisinin S\u0259dri Mustafa \u015e\u0259ntop, qarda\u015f \u00f6lk\u0259nin Ba\u015f Ombudsman\u0131 \u015e\u0259r\u0259f Malko\u00e7, xarici i\u015fl\u0259r naziri M\u00f6vlud \u00c7avu\u015fo\u011flu, sabiq Ba\u015f nazir Bin\u0259li Y\u0131ld\u0131r\u0131m il\u0259 g\u00f6r\u00fc\u015fl\u0259ri, T\u00fcrkdilli D\u00f6vl\u0259tl\u0259rin \u018fm\u0259kda\u015fl\u0131q \u015euras\u0131n\u0131n ba\u015f katibi Ba\u011fdad Amreyevi, \u0130ran Prezidentinin x\u00fcsusi n\u00fcmay\u0259nd\u0259si Seyid Abbas \u018fraq\u00e7ini q\u0259bul etm\u0259si, T\u00fcrkiy\u0259 v\u0259 Rusiya liderl\u0259ri il\u0259 telefon dan\u0131\u015f\u0131qlar\u0131 bar\u0259d\u0259 materiallar verilib.<\/p>\n<p>Oxucular yeni n\u0259\u015frd\u0259 Az\u0259rbaycan Prezidentinin M\u00fcdafi\u0259 Nazirliyinin M\u0259rk\u0259zi Komanda M\u0259nt\u0259q\u0259sind\u0259 ke\u00e7irdiyi operativ m\u00fc\u015favir\u0259d\u0259 \u00e7\u0131x\u0131\u015f\u0131n\u0131n m\u0259tni il\u0259 d\u0259 tan\u0131\u015f ola bil\u0259rl\u0259r.<\/p>\n<p>\u201cAz\u0259rn\u0259\u015fr\u201d t\u0259r\u0259find\u0259n burax\u0131lan 107-ci kitab\u0131n haz\u0131rlanmas\u0131nda Az\u0259rbaycan D\u00f6vl\u0259t \u0130nformasiya Agentliyinin (<a class=\"azertac-link\" href=\"https:\/\/azertag.az\/\" target=\"_blank\" rel=\"noopener\">AZ\u018fRTAC<\/a>) materiallar\u0131ndan istifad\u0259 olunub.<\/p>\n","protected":false},"excerpt":{"rendered":"<p>\u201c\u0130lham \u018fliyev. \u0130nki\u015faf &#8211; m\u0259qs\u0259dimizdir\u201d \u00e7oxcildliyinin 107-ci kitab\u0131 \u00e7apdan \u00e7\u0131x\u0131b &#8220;\u0130NFONEWS&#8221; AZ\u018fRTAC -a istinad\u0259n x\u0259b\u0259r verir. Kitabda Az\u0259rbaycan Prezidentinin V\u0259t\u0259n m\u00fcharib\u0259si zaman\u0131 xalqa m\u00fcraci\u0259tl\u0259rinin v\u0259 xarici K\u0130V-l\u0259r\u0259 bir s\u0131ra m\u00fcsahib\u0259l\u0259rinin&hellip; <\/p>\n","protected":false},"author":3,"featured_media":6388,"comment_status":"open","ping_status":"open","sticky":false,"template":"","format":"standard","meta":{"_mi_skip_tracking":false,"_monsterinsights_sitenote_active":false,"_monsterinsights_sitenote_note":"","_monsterinsights_sitenote_category":0,"footnotes":""},"categories":[10,11,550],"tags":[360,473,254],"aioseo_notices":[],"_links":{"self":[{"href":"https:\/\/infonews.az\/index.php?rest_route=\/wp\/v2\/posts\/6387"}],"collection":[{"href":"https:\/\/infonews.az\/index.php?rest_route=\/wp\/v2\/posts"}],"about":[{"href":"https:\/\/infonews.az\/index.php?rest_route=\/wp\/v2\/types\/post"}],"author":[{"embeddable":true,"href":"https:\/\/infonews.az\/index.php?rest_route=\/wp\/v2\/users\/3"}],"replies":[{"embeddable":true,"href":"https:\/\/infonews.az\/index.php?rest_route=%2Fwp%2Fv2%2Fcomments&post=6387"}],"version-history":[{"count":1,"href":"https:\/\/infonews.az\/index.php?rest_route=\/wp\/v2\/posts\/6387\/revisions"}],"predecessor-version":[{"id":6389,"href":"https:\/\/infonews.az\/index.php?rest_route=\/wp\/v2\/posts\/6387\/revisions\/6389"}],"wp:featuredmedia":[{"embeddable":true,"href":"https:\/\/infonews.az\/index.php?rest_route=\/wp\/v2\/media\/6388"}],"wp:attachment":[{"href":"https:\/\/infonews.az\/index.php?rest_route=%2Fwp%2Fv2%2Fmedia&parent=6387"}],"wp:term":[{"taxonomy":"category","embeddable":true,"href":"https:\/\/infonews.az\/index.php?rest_route=%2Fwp%2Fv2%2Fcategories&post=6387"},{"taxonomy":"post_tag","embeddable":true,"href":"https:\/\/infonews.az\/index.php?rest_route=%2Fwp%2Fv2%2Ftags&post=6387"}],"curies":[{"name":"wp","href":"https:\/\/api.w.org\/{rel}","templated":true}]}}