{"id":6390,"date":"2021-03-18T20:11:16","date_gmt":"2021-03-18T16:11:16","guid":{"rendered":"https:\/\/infonews.az\/?p=6390"},"modified":"2021-03-18T20:22:09","modified_gmt":"2021-03-18T16:22:09","slug":"avstraliyali-aliml%c9%99r-d%c9%99ri-huceyr%c9%99l%c9%99rind%c9%99n-insan-embrionunun-ilk-modelini-hazirlayiblar","status":"publish","type":"post","link":"https:\/\/infonews.az\/?p=6390","title":{"rendered":"Avstraliyal\u0131 aliml\u0259r d\u0259ri h\u00fcceyr\u0259l\u0259rind\u0259n insan embrionunun ilk modelini haz\u0131rlay\u0131blar"},"content":{"rendered":"<p><span style=\"color: #ffffff;\">Avstraliyal\u0131 aliml\u0259r d\u0259ri h\u00fcceyr\u0259l\u0259rind\u0259n insan embrionunun ilk modelini haz\u0131rlay\u0131blar<\/span><\/p>\n<p><a href=\"https:\/\/infonews.az\/?p=6390&amp;\"><span style=\"color: #ff0000;\"><strong>&#8220;\u0130NFONEWS&#8221;<\/strong><\/span><\/a> AZ\u018fRTAC -a istinad\u0259n x\u0259b\u0259r verir.<\/p>\n<p><em><strong>Avstraliyal\u0131 professor Xose Polonun r\u0259hb\u0259rlik etdiyi t\u0259dqiqat\u00e7\u0131lar qrupu d\u0259ri h\u00fcceyr\u0259l\u0259rind\u0259n insan embrionunun ilkin inki\u015faf m\u0259rh\u0259l\u0259sind\u0259 ilk modelini yarad\u0131blar.<\/strong><\/em><\/p>\n<p>Bu bar\u0259d\u0259 Avstraliyan\u0131n Melburn \u015f\u0259h\u0259rind\u0259 yerl\u0259\u015f\u0259n Mona\u015f Universiteti m\u0259lumat yay\u0131b.<\/p>\n<p>Bildirilir ki, m\u00fcxt\u0259lif \u00f6lk\u0259l\u0259rd\u0259n olan aliml\u0259r qrupu d\u0259ri h\u00fcceyr\u0259l\u0259rini \u00fc\u00e7\u00f6l\u00e7\u00fcl\u00fc h\u00fcceyr\u0259 strukturu \u015f\u0259klind\u0259 yenid\u0259n proqramla\u015fd\u0131r\u0131blar v\u0259 o, morfoloji v\u0259 molekul s\u0259viyy\u0259sind\u0259 embrionun ilkin h\u0259ddin\u0259 b\u0259nz\u0259yir.<\/p>\n<p>Qeyd edilir ki, yarad\u0131lan yeni model aliml\u0259r\u0259, x\u00fcsus\u0259n insan\u0131n embriogenezinin ilkin h\u0259dl\u0259rini v\u0259 sonsuzlu\u011fun s\u0259b\u0259bl\u0259rini ara\u015fd\u0131rma\u011fa imkan yaradacaq.<\/p>\n","protected":false},"excerpt":{"rendered":"<p>Avstraliyal\u0131 aliml\u0259r d\u0259ri h\u00fcceyr\u0259l\u0259rind\u0259n insan embrionunun ilk modelini haz\u0131rlay\u0131blar &#8220;\u0130NFONEWS&#8221; AZ\u018fRTAC -a istinad\u0259n x\u0259b\u0259r verir. Avstraliyal\u0131 professor Xose Polonun r\u0259hb\u0259rlik etdiyi t\u0259dqiqat\u00e7\u0131lar qrupu d\u0259ri h\u00fcceyr\u0259l\u0259rind\u0259n insan embrionunun ilkin inki\u015faf m\u0259rh\u0259l\u0259sind\u0259&hellip; <\/p>\n","protected":false},"author":3,"featured_media":6391,"comment_status":"open","ping_status":"open","sticky":false,"template":"","format":"standard","meta":{"_mi_skip_tracking":false,"_monsterinsights_sitenote_active":false,"_monsterinsights_sitenote_note":"","_monsterinsights_sitenote_category":0,"footnotes":""},"categories":[9,8,11],"tags":[3720,3718,3722],"aioseo_notices":[],"_links":{"self":[{"href":"https:\/\/infonews.az\/index.php?rest_route=\/wp\/v2\/posts\/6390"}],"collection":[{"href":"https:\/\/infonews.az\/index.php?rest_route=\/wp\/v2\/posts"}],"about":[{"href":"https:\/\/infonews.az\/index.php?rest_route=\/wp\/v2\/types\/post"}],"author":[{"embeddable":true,"href":"https:\/\/infonews.az\/index.php?rest_route=\/wp\/v2\/users\/3"}],"replies":[{"embeddable":true,"href":"https:\/\/infonews.az\/index.php?rest_route=%2Fwp%2Fv2%2Fcomments&post=6390"}],"version-history":[{"count":1,"href":"https:\/\/infonews.az\/index.php?rest_route=\/wp\/v2\/posts\/6390\/revisions"}],"predecessor-version":[{"id":6392,"href":"https:\/\/infonews.az\/index.php?rest_route=\/wp\/v2\/posts\/6390\/revisions\/6392"}],"wp:featuredmedia":[{"embeddable":true,"href":"https:\/\/infonews.az\/index.php?rest_route=\/wp\/v2\/media\/6391"}],"wp:attachment":[{"href":"https:\/\/infonews.az\/index.php?rest_route=%2Fwp%2Fv2%2Fmedia&parent=6390"}],"wp:term":[{"taxonomy":"category","embeddable":true,"href":"https:\/\/infonews.az\/index.php?rest_route=%2Fwp%2Fv2%2Fcategories&post=6390"},{"taxonomy":"post_tag","embeddable":true,"href":"https:\/\/infonews.az\/index.php?rest_route=%2Fwp%2Fv2%2Ftags&post=6390"}],"curies":[{"name":"wp","href":"https:\/\/api.w.org\/{rel}","templated":true}]}}