{"id":661,"date":"2020-12-14T22:28:10","date_gmt":"2020-12-14T18:28:10","guid":{"rendered":"http:\/\/infonews.az\/?p=661"},"modified":"2020-12-15T00:13:53","modified_gmt":"2020-12-14T20:13:53","slug":"qarabagda-haqq-batil%c9%99-qalib-g%c9%99ldi-r-t-%c9%99rdogan","status":"publish","type":"post","link":"https:\/\/infonews.az\/?p=661","title":{"rendered":"\u201cQaraba\u011fda haqq batil\u0259 qalib g\u0259ldi\u201d &#8211; R.T.\u018frdo\u011fan"},"content":{"rendered":"<blockquote><p><strong>\u201cBak\u0131da Azadl\u0131q meydan\u0131nda ke\u00e7iril\u0259n Z\u0259f\u0259r parad\u0131nda ya\u015fananlar m\u0259rhum Heyd\u0259r \u018fliyevin s\u00f6yl\u0259diyi \u201cBir mill\u0259t, iki d\u00f6vl\u0259t\u201d ifad\u0259sinin n\u0259 q\u0259d\u0259r do\u011fru oldu\u011funu bir daha t\u0259sdiq etdi. Qaraba\u011f\u0131n i\u015f\u011faldan azad olunmas\u0131 il\u0259 Qafqazda yeni d\u00f6vr\u00fcn qap\u0131lar\u0131 a\u00e7\u0131ld\u0131\u201d.<\/strong><\/p><\/blockquote>\n<p><a href=\"http:\/\/infonews.az\"><strong>\u0130nfonews<\/strong><\/a> x\u0259b\u0259r verir ki, bu fikirl\u0259ri T\u00fcrkiy\u0259 Prezidenti R\u0259c\u0259b Tayyib \u018frdo\u011fan T\u00fcrkiy\u0259 h\u00f6kum\u0259tinin n\u00f6vb\u0259ti iclas\u0131ndan sonra xalqa m\u00fcraci\u0259tind\u0259 s\u00f6yl\u0259yib.<\/p>\n<p>T\u00fcrkiy\u0259nin indiy\u0259 q\u0259d\u0259r oldu\u011fu kimi, bundan sonra da Can Az\u0259rbaycan\u0131n yan\u0131nda olmaqda davam ed\u0259c\u0259yini vur\u011fulayan d\u00f6vl\u0259t ba\u015f\u00e7\u0131s\u0131 deyib ki, Bak\u0131 k\u00fc\u00e7\u0259l\u0259rind\u0259 T\u00fcrkiy\u0259 v\u0259 Az\u0259rbaycan bayraqlar\u0131n\u0131 dal\u011faland\u0131ran qarda\u015flar\u0131m\u0131z\u0131n ruh y\u00fcks\u0259kliyini birlikd\u0259 ya\u015fad\u0131q. X\u00fcsusil\u0259 b\u00f6lg\u0259 \u00f6lk\u0259l\u0259ri bu z\u0259f\u0259rd\u0259n m\u0259mnun olmal\u0131d\u0131rlar. Prezident T\u00fcrkiy\u0259 il\u0259 Az\u0259rbaycan aras\u0131ndak\u0131 \u0259m\u0259kda\u015fl\u0131\u011f\u0131n daha da d\u0259rinl\u0259\u015f\u0259c\u0259yin\u0259 inand\u0131\u011f\u0131n\u0131 bildirib:\u00a0 &#8220;Da\u011fl\u0131q Qaraba\u011f\u0131n i\u015f\u011faldan azad edilm\u0259si il\u0259 Qafqazda yeni d\u00f6vr\u00fcn qap\u0131lar\u0131 a\u00e7\u0131ld\u0131. Bundan sonra b\u00f6lg\u0259d\u0259 m\u00fcnaqi\u015f\u0259 \u0259v\u0259zin\u0259 s\u00fclh, g\u0259rginlik \u0259v\u0259zin\u0259 \u0259m\u0259kda\u015fl\u0131q, d\u00fc\u015fm\u0259n\u00e7ilik \u0259v\u0259zin\u0259 yax\u015f\u0131 qon\u015fuluq m\u00fcnasib\u0259tl\u0259ri il\u0259 yeni status-kvo qurulacaq\u201d<\/p>\n","protected":false},"excerpt":{"rendered":"<p>\u201cBak\u0131da Azadl\u0131q meydan\u0131nda ke\u00e7iril\u0259n Z\u0259f\u0259r parad\u0131nda ya\u015fananlar m\u0259rhum Heyd\u0259r \u018fliyevin s\u00f6yl\u0259diyi \u201cBir mill\u0259t, iki d\u00f6vl\u0259t\u201d ifad\u0259sinin n\u0259 q\u0259d\u0259r do\u011fru oldu\u011funu bir daha t\u0259sdiq etdi. Qaraba\u011f\u0131n i\u015f\u011faldan azad olunmas\u0131 il\u0259 Qafqazda&hellip; <\/p>\n","protected":false},"author":3,"featured_media":0,"comment_status":"open","ping_status":"open","sticky":false,"template":"","format":"standard","meta":{"_mi_skip_tracking":false,"_monsterinsights_sitenote_active":false,"_monsterinsights_sitenote_note":"","_monsterinsights_sitenote_category":0,"footnotes":""},"categories":[6,11],"tags":[21,105],"aioseo_notices":[],"_links":{"self":[{"href":"https:\/\/infonews.az\/index.php?rest_route=\/wp\/v2\/posts\/661"}],"collection":[{"href":"https:\/\/infonews.az\/index.php?rest_route=\/wp\/v2\/posts"}],"about":[{"href":"https:\/\/infonews.az\/index.php?rest_route=\/wp\/v2\/types\/post"}],"author":[{"embeddable":true,"href":"https:\/\/infonews.az\/index.php?rest_route=\/wp\/v2\/users\/3"}],"replies":[{"embeddable":true,"href":"https:\/\/infonews.az\/index.php?rest_route=%2Fwp%2Fv2%2Fcomments&post=661"}],"version-history":[{"count":2,"href":"https:\/\/infonews.az\/index.php?rest_route=\/wp\/v2\/posts\/661\/revisions"}],"predecessor-version":[{"id":664,"href":"https:\/\/infonews.az\/index.php?rest_route=\/wp\/v2\/posts\/661\/revisions\/664"}],"wp:attachment":[{"href":"https:\/\/infonews.az\/index.php?rest_route=%2Fwp%2Fv2%2Fmedia&parent=661"}],"wp:term":[{"taxonomy":"category","embeddable":true,"href":"https:\/\/infonews.az\/index.php?rest_route=%2Fwp%2Fv2%2Fcategories&post=661"},{"taxonomy":"post_tag","embeddable":true,"href":"https:\/\/infonews.az\/index.php?rest_route=%2Fwp%2Fv2%2Ftags&post=661"}],"curies":[{"name":"wp","href":"https:\/\/api.w.org\/{rel}","templated":true}]}}