{"id":6723,"date":"2021-03-25T10:35:13","date_gmt":"2021-03-25T06:35:13","guid":{"rendered":"https:\/\/infonews.az\/?p=6723"},"modified":"2021-03-25T11:38:54","modified_gmt":"2021-03-25T07:38:54","slug":"goranboyda-yas-kecir%c9%99nl%c9%99r-c%c9%99rim%c9%99l%c9%99ndi","status":"publish","type":"post","link":"https:\/\/infonews.az\/?p=6723","title":{"rendered":"Goranboyda yas ke\u00e7ir\u0259nl\u0259r c\u0259rim\u0259l\u0259ndi"},"content":{"rendered":"<p><span style=\"color: #ffffff;\">Goranboyda yas ke\u00e7ir\u0259nl\u0259r c\u0259rim\u0259l\u0259ndi<\/span><\/p>\n<p><a href=\"https:\/\/infonews.az\/?p=6723&amp;\"><strong><span style=\"color: #ff0000;\">&#8220;\u0130NFONEWS&#8221;<\/span><\/strong><\/a> x\u0259b\u0259r verir.<\/p>\n<p><em><b>Mart\u0131n 24-d\u0259 Goranboy Rayon Polis \u015e\u00f6b\u0259sin\u0259 (RP\u015e) rayonunun R\u0259himli k\u0259ndind\u0259 yas m\u0259rasiminin ke\u00e7irilm\u0259si bar\u0259d\u0259 m\u0259lumat daxil olub.<\/b><\/em><\/p>\n<p>Daxili \u0130\u015fl\u0259r Nazirliyinin M\u0259tbuat Xidm\u0259tinin G\u0259nc\u0259 regional qrupundan veril\u0259n m\u0259lumata g\u00f6r\u0259, polis \u0259m\u0259kda\u015flar\u0131 d\u0259rhal h\u0259min k\u0259nd\u0259 g\u0259l\u0259r\u0259k yas m\u0259rasimini ba\u015flamadan dayand\u0131r\u0131b. M\u0259rasimi t\u0259\u015fkil edil\u0259n \u015f\u0259xsl\u0259r RP\u015e-y\u0259 g\u0259tirilib.<\/p>\n<p>RP\u015e-d\u0259n h\u0259min \u015f\u0259xsl\u0259rl\u0259 izahedici-profilaktiki s\u00f6hb\u0259tl\u0259r apar\u0131laraq, pandemiya qaydalar\u0131 bar\u0259d\u0259 bir daha m\u0259lumat verilib. M\u0259clisin t\u0259\u015fkilat\u00e7\u0131s\u0131 \u0130nzibati X\u0259talar M\u0259c\u0259ll\u0259sinin 211-ci madd\u0259si (Epidemiya \u0259leyhin\u0259 rejimin, sanitariya-gigiyena v\u0259 karantin rejiml\u0259rinin pozulmas\u0131) il\u0259 200 manat m\u0259bl\u0259\u011find\u0259 c\u0259rim\u0259 edilib.<\/p>\n","protected":false},"excerpt":{"rendered":"<p>Goranboyda yas ke\u00e7ir\u0259nl\u0259r c\u0259rim\u0259l\u0259ndi &#8220;\u0130NFONEWS&#8221; x\u0259b\u0259r verir. Mart\u0131n 24-d\u0259 Goranboy Rayon Polis \u015e\u00f6b\u0259sin\u0259 (RP\u015e) rayonunun R\u0259himli k\u0259ndind\u0259 yas m\u0259rasiminin ke\u00e7irilm\u0259si bar\u0259d\u0259 m\u0259lumat daxil olub. Daxili \u0130\u015fl\u0259r Nazirliyinin M\u0259tbuat Xidm\u0259tinin G\u0259nc\u0259&hellip; <\/p>\n","protected":false},"author":3,"featured_media":6724,"comment_status":"open","ping_status":"open","sticky":false,"template":"","format":"standard","meta":{"_mi_skip_tracking":false,"_monsterinsights_sitenote_active":false,"_monsterinsights_sitenote_note":"","_monsterinsights_sitenote_category":0,"footnotes":""},"categories":[5,11],"tags":[3891,3893],"aioseo_notices":[],"_links":{"self":[{"href":"https:\/\/infonews.az\/index.php?rest_route=\/wp\/v2\/posts\/6723"}],"collection":[{"href":"https:\/\/infonews.az\/index.php?rest_route=\/wp\/v2\/posts"}],"about":[{"href":"https:\/\/infonews.az\/index.php?rest_route=\/wp\/v2\/types\/post"}],"author":[{"embeddable":true,"href":"https:\/\/infonews.az\/index.php?rest_route=\/wp\/v2\/users\/3"}],"replies":[{"embeddable":true,"href":"https:\/\/infonews.az\/index.php?rest_route=%2Fwp%2Fv2%2Fcomments&post=6723"}],"version-history":[{"count":1,"href":"https:\/\/infonews.az\/index.php?rest_route=\/wp\/v2\/posts\/6723\/revisions"}],"predecessor-version":[{"id":6725,"href":"https:\/\/infonews.az\/index.php?rest_route=\/wp\/v2\/posts\/6723\/revisions\/6725"}],"wp:featuredmedia":[{"embeddable":true,"href":"https:\/\/infonews.az\/index.php?rest_route=\/wp\/v2\/media\/6724"}],"wp:attachment":[{"href":"https:\/\/infonews.az\/index.php?rest_route=%2Fwp%2Fv2%2Fmedia&parent=6723"}],"wp:term":[{"taxonomy":"category","embeddable":true,"href":"https:\/\/infonews.az\/index.php?rest_route=%2Fwp%2Fv2%2Fcategories&post=6723"},{"taxonomy":"post_tag","embeddable":true,"href":"https:\/\/infonews.az\/index.php?rest_route=%2Fwp%2Fv2%2Ftags&post=6723"}],"curies":[{"name":"wp","href":"https:\/\/api.w.org\/{rel}","templated":true}]}}