{"id":673,"date":"2020-12-15T11:28:53","date_gmt":"2020-12-15T07:28:53","guid":{"rendered":"http:\/\/infonews.az\/?p=673"},"modified":"2020-12-15T13:03:18","modified_gmt":"2020-12-15T09:03:18","slug":"azad-edil%c9%99n-%c9%99razil%c9%99rd%c9%99-b%c9%99l%c9%99diyy%c9%99l%c9%99rin-formalasdirilmasi-il%c9%99-bagli-plan-hazirlanacaq","status":"publish","type":"post","link":"https:\/\/infonews.az\/?p=673","title":{"rendered":"Azad edil\u0259n \u0259razil\u0259rd\u0259 b\u0259l\u0259diyy\u0259l\u0259rin formala\u015fd\u0131r\u0131lmas\u0131 il\u0259 ba\u011fl\u0131 plan haz\u0131rlanacaq"},"content":{"rendered":"<blockquote><p><b>\u201c\u018fsg\u0259rl\u0259r g\u00f6r\u00fcn\u0259n d\u00fc\u015fm\u0259nl\u0259 vuru\u015fub. Ancaq indi g\u00f6r\u00fcr\u00fck ki, g\u00f6r\u00fcnm\u0259y\u0259n d\u00fc\u015fm\u0259nl\u0259rimiz d\u0259 f\u0259aliyy\u0259t\u0259 ba\u015flay\u0131b. M\u0259n siyasi partiyalar\u0131, deputatlar\u0131, blogerl\u0259ri onlarla m\u00fcbariz\u0259d\u0259 aktiv olma\u011fa \u00e7a\u011f\u0131r\u0131ram\u201d.<\/b><\/p><\/blockquote>\n<p><b><a href=\"http:\/\/infonews.az\">\u0130nfonews<\/a><\/b> \u201cReport\u201da istinad\u0259n x\u0259b\u0259r verir ki, bunu parlamentin bu g\u00fcn ke\u00e7iril\u0259n plenar iclas\u0131nda Milli M\u0259clisin Regional m\u0259s\u0259l\u0259l\u0259r komit\u0259sinin s\u0259dri Siyavu\u015f Novruzov deyib.<\/p>\n<p>Komit\u0259 s\u0259dri bildirib ki, Az\u0259rbaycan m\u00fcst\u0259qilliyini \u0259ld\u0259 etdikd\u0259n sonra bol\u015fevikl\u0259rin ad\u0131na olan k\u0259ndl\u0259rin ad\u0131 d\u0259yi\u015fdirilib:<\/p>\n<p>\u201cD\u00fc\u015f\u00fcn\u00fcr\u0259m ki, yaz sessiyas\u0131nda i\u015f\u011faldan azad edil\u0259n \u0259rzail\u0259rimizd\u0259 b\u0259l\u0259diyy\u0259l\u0259rin formala\u015fd\u0131r\u0131lmas\u0131 il\u0259 ba\u011fl\u0131 plan haz\u0131rlayaca\u011f\u0131q. \u00c7\u00fcnki ill\u0259rdir ki, oradan olan v\u0259t\u0259nda\u015flar\u0131m\u0131z se\u00e7m\u0259k v\u0259 se\u00e7ilm\u0259k h\u00fcququndan m\u0259hrum olublar\u201d.<\/p>\n","protected":false},"excerpt":{"rendered":"<p>\u201c\u018fsg\u0259rl\u0259r g\u00f6r\u00fcn\u0259n d\u00fc\u015fm\u0259nl\u0259 vuru\u015fub. Ancaq indi g\u00f6r\u00fcr\u00fck ki, g\u00f6r\u00fcnm\u0259y\u0259n d\u00fc\u015fm\u0259nl\u0259rimiz d\u0259 f\u0259aliyy\u0259t\u0259 ba\u015flay\u0131b. M\u0259n siyasi partiyalar\u0131, deputatlar\u0131, blogerl\u0259ri onlarla m\u00fcbariz\u0259d\u0259 aktiv olma\u011fa \u00e7a\u011f\u0131r\u0131ram\u201d. \u0130nfonews \u201cReport\u201da istinad\u0259n x\u0259b\u0259r verir ki, bunu&hellip; <\/p>\n","protected":false},"author":3,"featured_media":674,"comment_status":"open","ping_status":"open","sticky":false,"template":"","format":"standard","meta":{"_mi_skip_tracking":false,"_monsterinsights_sitenote_active":false,"_monsterinsights_sitenote_note":"","_monsterinsights_sitenote_category":0,"footnotes":""},"categories":[11,7],"tags":[107],"aioseo_notices":[],"_links":{"self":[{"href":"https:\/\/infonews.az\/index.php?rest_route=\/wp\/v2\/posts\/673"}],"collection":[{"href":"https:\/\/infonews.az\/index.php?rest_route=\/wp\/v2\/posts"}],"about":[{"href":"https:\/\/infonews.az\/index.php?rest_route=\/wp\/v2\/types\/post"}],"author":[{"embeddable":true,"href":"https:\/\/infonews.az\/index.php?rest_route=\/wp\/v2\/users\/3"}],"replies":[{"embeddable":true,"href":"https:\/\/infonews.az\/index.php?rest_route=%2Fwp%2Fv2%2Fcomments&post=673"}],"version-history":[{"count":1,"href":"https:\/\/infonews.az\/index.php?rest_route=\/wp\/v2\/posts\/673\/revisions"}],"predecessor-version":[{"id":675,"href":"https:\/\/infonews.az\/index.php?rest_route=\/wp\/v2\/posts\/673\/revisions\/675"}],"wp:featuredmedia":[{"embeddable":true,"href":"https:\/\/infonews.az\/index.php?rest_route=\/wp\/v2\/media\/674"}],"wp:attachment":[{"href":"https:\/\/infonews.az\/index.php?rest_route=%2Fwp%2Fv2%2Fmedia&parent=673"}],"wp:term":[{"taxonomy":"category","embeddable":true,"href":"https:\/\/infonews.az\/index.php?rest_route=%2Fwp%2Fv2%2Fcategories&post=673"},{"taxonomy":"post_tag","embeddable":true,"href":"https:\/\/infonews.az\/index.php?rest_route=%2Fwp%2Fv2%2Ftags&post=673"}],"curies":[{"name":"wp","href":"https:\/\/api.w.org\/{rel}","templated":true}]}}