{"id":6735,"date":"2021-03-25T12:00:00","date_gmt":"2021-03-25T08:00:00","guid":{"rendered":"https:\/\/infonews.az\/?p=6735"},"modified":"2021-03-25T12:00:00","modified_gmt":"2021-03-25T08:00:00","slug":"az%c9%99rbaycan-il%c9%99-braziliya-arasinda-t%c9%99hsil-sah%c9%99sind%c9%99-%c9%99laq%c9%99l%c9%99r-muzakir%c9%99-olunub","status":"publish","type":"post","link":"https:\/\/infonews.az\/?p=6735","title":{"rendered":"Az\u0259rbaycan il\u0259 Braziliya aras\u0131nda t\u0259hsil sah\u0259sind\u0259 \u0259laq\u0259l\u0259r m\u00fczakir\u0259 olunub"},"content":{"rendered":"<p><span style=\"color: #ffffff;\">Az\u0259rbaycan il\u0259 Braziliya aras\u0131nda t\u0259hsil sah\u0259sind\u0259 \u0259laq\u0259l\u0259r m\u00fczakir\u0259 olunub<\/span><\/p>\n<p><a href=\"https:\/\/infonews.az\/?p=6735&amp;\"><strong><span style=\"color: #ff0000;\">&#8220;\u0130NFONEWS&#8221;<\/span><\/strong><\/a> AZ\u018fRTAC -a istinad\u0259n x\u0259b\u0259r verir.<\/p>\n<p><em><strong>Az\u0259rbaycan\u0131n Braziliyadak\u0131 s\u0259firi Elxan Poluxov mart\u0131n 23-d\u0259 bu \u00f6lk\u0259nin t\u0259hsil naziri Milton Ribeiro il\u0259 g\u00f6r\u00fc\u015f\u00fcb.<\/strong><\/em><\/p>\n<p>S\u0259firlikd\u0259n bildiribl\u0259r ki, g\u00f6r\u00fc\u015fd\u0259 s\u0259fir \u00f6lk\u0259mizd\u0259 t\u0259hsil sah\u0259sin\u0259 g\u00f6st\u0259ril\u0259n diqq\u0259t, apar\u0131lan geni\u015f islahatlar, \u0259halinin dem\u0259k olar tam \u0259ks\u0259riyy\u0259tinin t\u0259hsilli oldu\u011fu v\u0259 bu sah\u0259nin d\u00f6vl\u0259timiz \u00fc\u00e7\u00fcn prioritet t\u0259\u015fkil etdiyini deyib. Az\u0259rbaycanda d\u00f6vl\u0259t t\u0259r\u0259find\u0259n maliyy\u0259l\u0259\u015f\u0259n m\u0259kt\u0259b v\u0259 universitetl\u0259rl\u0259 yana\u015f\u0131, \u00f6z\u0259l t\u0259hsil m\u00fc\u0259ssis\u0259l\u0259rinin f\u0259aliyy\u0259t g\u00f6st\u0259rdiyi d\u0259 diqq\u0259t\u0259 \u00e7atd\u0131r\u0131l\u0131b. Qeyd olunub ki, haz\u0131rda y\u00fczl\u0259rl\u0259 xarici t\u0259l\u0259b\u0259 Az\u0259rbaycan\u0131n ali t\u0259hsil m\u00fc\u0259ssis\u0259l\u0259rind\u0259 m\u00fcxt\u0259lif ixtisaslar \u00fczr\u0259 t\u0259hsil al\u0131r v\u0259 bu da \u00f6lk\u0259mizd\u0259 t\u0259hsilin s\u0259viyy\u0259sinin y\u00fcks\u0259k oldu\u011funun g\u00f6st\u0259ricisidir. Bununla yana\u015f\u0131, Az\u0259rbaycan bir s\u0131ra beyn\u0259lxalq t\u0259\u015fkilatlara \u00fczv d\u00f6vl\u0259tl\u0259rin v\u0259t\u0259nda\u015flar\u0131 \u00fc\u00e7\u00fcn t\u0259hsil t\u0259qa\u00fcd\u00fc ay\u0131r\u0131r v\u0259 onlarla insan bu imkandan faydalan\u0131r.<\/p>\n<p>Eyni zamanda, bildirilib ki, Rio-de-Janeyro \u015f\u0259h\u0259rind\u0259 Az\u0259rbaycan\u0131n ad\u0131n\u0131 da\u015f\u0131yan b\u0259l\u0259diyy\u0259 m\u0259kt\u0259bi f\u0259aliyy\u0259t g\u00f6st\u0259rir. Bununla yana\u015f\u0131, Braziliyan\u0131n bir ne\u00e7\u0259 universitetind\u0259 Az\u0259rbaycan\u0131n multikulturalizm modelin\u0259 h\u0259sr edilmi\u015f kurslar ke\u00e7irilir v\u0259 h\u0259r iki \u00f6lk\u0259nin t\u0259hsil, t\u0259dqiqat v\u0259 beyin m\u0259rk\u0259zl\u0259ri aras\u0131nda faydal\u0131 \u0259m\u0259kda\u015fl\u0131q qurulmaqdad\u0131r.<\/p>\n<p>\u018ftrafl\u0131 m\u0259lumata g\u00f6r\u0259 t\u0259\u015f\u0259kk\u00fcr\u00fcn\u00fc bildir\u0259n Milton Ribeiro r\u0259hb\u0259rlik etdiyi sah\u0259 \u00fczr\u0259 \u00f6lk\u0259mizl\u0259 \u0259laq\u0259l\u0259rin geni\u015fl\u0259ndirilm\u0259sind\u0259 maraql\u0131 oldu\u011funu diqq\u0259t\u0259 \u00e7atd\u0131r\u0131b. Bildirib ki, pandemiya d\u00f6vr\u00fcnd\u0259 t\u0259hsil sah\u0259si m\u00fcxt\u0259lif \u00e7\u0259tinlikl\u0259rl\u0259 \u00fczl\u0259\u015fib v\u0259 bununla \u0259laq\u0259dar t\u0259cr\u00fcb\u0259 m\u00fcbadil\u0259sinin h\u0259yata ke\u00e7irilm\u0259si \u00e7ox vacibdir. H\u0259m\u00e7inin t\u0259hsil sah\u0259sinin dig\u0259r aspektl\u0259rinin d\u0259 \u0259hat\u0259 olunmas\u0131 \u00fc\u00e7\u00fcn \u00f6lk\u0259l\u0259rimiz aras\u0131nda m\u00fcvafiq h\u00fcququ s\u0259n\u0259din imzalanmas\u0131n\u0131n z\u0259ruriliyi vur\u011fulan\u0131b.<\/p>\n<p>Sonda qar\u015f\u0131l\u0131ql\u0131 \u0259m\u0259kda\u015fl\u0131\u011f\u0131n perspektivl\u0259ri \u0259traf\u0131nda fikir m\u00fcbadil\u0259si apar\u0131l\u0131b.<\/p>\n","protected":false},"excerpt":{"rendered":"<p>Az\u0259rbaycan il\u0259 Braziliya aras\u0131nda t\u0259hsil sah\u0259sind\u0259 \u0259laq\u0259l\u0259r m\u00fczakir\u0259 olunub &#8220;\u0130NFONEWS&#8221; AZ\u018fRTAC -a istinad\u0259n x\u0259b\u0259r verir. Az\u0259rbaycan\u0131n Braziliyadak\u0131 s\u0259firi Elxan Poluxov mart\u0131n 23-d\u0259 bu \u00f6lk\u0259nin t\u0259hsil naziri Milton Ribeiro il\u0259 g\u00f6r\u00fc\u015f\u00fcb.&hellip; <\/p>\n","protected":false},"author":3,"featured_media":6736,"comment_status":"open","ping_status":"open","sticky":false,"template":"","format":"standard","meta":{"_mi_skip_tracking":false,"_monsterinsights_sitenote_active":false,"_monsterinsights_sitenote_note":"","_monsterinsights_sitenote_category":0,"footnotes":""},"categories":[9,11,3],"tags":[3658,3899,3901,3903],"aioseo_notices":[],"_links":{"self":[{"href":"https:\/\/infonews.az\/index.php?rest_route=\/wp\/v2\/posts\/6735"}],"collection":[{"href":"https:\/\/infonews.az\/index.php?rest_route=\/wp\/v2\/posts"}],"about":[{"href":"https:\/\/infonews.az\/index.php?rest_route=\/wp\/v2\/types\/post"}],"author":[{"embeddable":true,"href":"https:\/\/infonews.az\/index.php?rest_route=\/wp\/v2\/users\/3"}],"replies":[{"embeddable":true,"href":"https:\/\/infonews.az\/index.php?rest_route=%2Fwp%2Fv2%2Fcomments&post=6735"}],"version-history":[{"count":1,"href":"https:\/\/infonews.az\/index.php?rest_route=\/wp\/v2\/posts\/6735\/revisions"}],"predecessor-version":[{"id":6737,"href":"https:\/\/infonews.az\/index.php?rest_route=\/wp\/v2\/posts\/6735\/revisions\/6737"}],"wp:featuredmedia":[{"embeddable":true,"href":"https:\/\/infonews.az\/index.php?rest_route=\/wp\/v2\/media\/6736"}],"wp:attachment":[{"href":"https:\/\/infonews.az\/index.php?rest_route=%2Fwp%2Fv2%2Fmedia&parent=6735"}],"wp:term":[{"taxonomy":"category","embeddable":true,"href":"https:\/\/infonews.az\/index.php?rest_route=%2Fwp%2Fv2%2Fcategories&post=6735"},{"taxonomy":"post_tag","embeddable":true,"href":"https:\/\/infonews.az\/index.php?rest_route=%2Fwp%2Fv2%2Ftags&post=6735"}],"curies":[{"name":"wp","href":"https:\/\/api.w.org\/{rel}","templated":true}]}}