{"id":679,"date":"2020-12-15T13:18:29","date_gmt":"2020-12-15T09:18:29","guid":{"rendered":"http:\/\/infonews.az\/?p=679"},"modified":"2020-12-15T13:39:29","modified_gmt":"2020-12-15T09:39:29","slug":"t%c9%99hsil-nazirliyi-%c9%99sg%c9%99rin-muraci%c9%99tini-musb%c9%99t-cavablandirdi","status":"publish","type":"post","link":"https:\/\/infonews.az\/?p=679","title":{"rendered":"T\u0259hsil Nazirliyi \u0259sg\u0259rin m\u00fcraci\u0259tini m\u00fcsb\u0259t cavabland\u0131rd\u0131"},"content":{"rendered":"<blockquote><p><strong>T\u0259hsil Nazirliyi haz\u0131rda c\u0259bh\u0259 b\u00f6lg\u0259sind\u0259 xidm\u0259tini davam etdir\u0259n R\u00fcf\u0259t Novruzovun m\u00fcraci\u0259tini m\u00fcsb\u0259t cavabland\u0131r\u0131b.<\/strong><\/p><\/blockquote>\n<p><a href=\"http:\/\/infonews.az\"><strong>\u0130nfonews<\/strong><\/a> \u201cQafqazinfo\u201d-ya istinad\u0259n x\u0259b\u0259r verir ki, bu bar\u0259d\u0259 nazirliyin ictimaiyy\u0259tl\u0259 \u0259laq\u0259l\u0259r sektorunun m\u00fcdiri C\u0259sar\u0259t Valehov m\u0259lumat verib. O qeyd edib ki, \u00f6t\u0259n g\u00fcn sosial \u015f\u0259b\u0259k\u0259l\u0259rd\u0259 yay\u0131mlanan \u0259sg\u0259r Novruzov R\u00fcf\u0259t Yunis o\u011flunun videom\u00fcraci\u0259ti T\u0259hsil Nazirliyi t\u0259r\u0259find\u0259n ara\u015fd\u0131r\u0131l\u0131b v\u0259 m\u0259s\u0259l\u0259nin m\u00fcsb\u0259t h\u0259lli il\u0259 ba\u011fl\u0131 m\u00fcvafiq tap\u015f\u0131r\u0131q verilib:<\/p>\n<p>\u201cM\u0259lumat \u00fc\u00e7\u00fcn bildiririk ki, 8 sayl\u0131 \u018frazi Maliyy\u0259 Hesabla\u015fma M\u0259rk\u0259zinin Xocal\u0131 \u015f\u0259h\u0259ri \u00fczr\u0259 t\u0259s\u0259rr\u00fcfat qrupunun agenti R\u00fcf\u0259t Novruzov 10 sentyabr 2020-ci il tarixind\u0259n 6 ay m\u00fcdd\u0259tin\u0259 \u00f6d\u0259ni\u015fsiz m\u0259zuniyy\u0259tl\u0259 ba\u011fl\u0131 8 sayl\u0131 \u018fMHM-nin r\u0259isin\u0259 m\u00fcraci\u0259t edib. \u018fMHM-nin r\u0259isinin imzalad\u0131\u011f\u0131 m\u00fcvafiq \u0259mr \u0259sas\u0131nda R\u00fcf\u0259t Novruzova 10 sentyabr 2020-ci il tarixind\u0259n ail\u0259 v\u0259ziyy\u0259ti il\u0259 ba\u011fl\u0131 6 ay m\u00fcdd\u0259tin\u0259 \u00f6d\u0259ni\u015fsiz m\u0259zuniyy\u0259t verilib.<\/p>\n<p>R\u00fcf\u0259t Novruzov Az\u0259rbaycan Respublikas\u0131n\u0131n \u0259razi b\u00fct\u00f6vl\u00fcy\u00fc u\u011frunda ged\u0259n d\u00f6y\u00fc\u015fl\u0259rd\u0259 i\u015ftirak etm\u0259k \u00fc\u00e7\u00fcn ordu s\u0131ralar\u0131na \u00e7a\u011f\u0131r\u0131l\u0131b, lakin \u00f6d\u0259ni\u015fsiz m\u0259zuniyy\u0259td\u0259 olmas\u0131 s\u0259b\u0259bind\u0259n h\u0259rbi xidm\u0259ti d\u00f6vr\u00fcnd\u0259 onun maa\u015f\u0131 \u00f6d\u0259nilm\u0259yib. R\u00fcf\u0259t Novruzovun V\u0259t\u0259n m\u00fcharib\u0259sind\u0259 g\u00f6st\u0259rdiyi \u015f\u00fcca\u0259t v\u0259 q\u0259hr\u0259manl\u0131q T\u0259hsil Nazirliyi t\u0259r\u0259find\u0259n y\u00fcks\u0259k qiym\u0259tl\u0259ndirilir. Onun 3 ayl\u0131q maa\u015f\u0131 m\u0259bl\u0259\u011find\u0259 maliyy\u0259 yard\u0131m\u0131 T\u0259hsil \u0130\u015f\u00e7il\u0259ri H\u0259mkarlar Komit\u0259sinin b\u00fcdc\u0259sind\u0259n art\u0131q \u00f6d\u0259nilib\u201d.<\/p>\n<p>C. Valehov h\u0259m\u00e7inin qeyd edib ki, \u00f6lk\u0259mizin \u0259razi b\u00fct\u00f6vl\u00fcy\u00fc u\u011frunda d\u00f6y\u00fc\u015fl\u0259rd\u0259 i\u015ftirak etmi\u015f q\u0259hr\u0259man t\u0259hsil i\u015f\u00e7il\u0259ri T\u0259hsil Nazirliyinin daimi diqq\u0259tind\u0259dir v\u0259 bu istiqam\u0259td\u0259 davaml\u0131 olaraq m\u00fcvafiq add\u0131mlar at\u0131l\u0131r.<\/p>\n<p>Xat\u0131rladaq ki, \u00f6t\u0259n g\u00fcn sosial \u015f\u0259b\u0259k\u0259l\u0259rd\u0259 \u018fsg\u0259r Novruzov R\u00fcf\u0259t Yunis o\u011flunun videom\u00fcraci\u0259ti yay\u0131lm\u0131\u015fd\u0131. O m\u00fcraci\u0259tind\u0259 bildirirdi ki, d\u00f6y\u00fc\u015fd\u0259 olmas\u0131na baxmayaraq, T\u0259hsil Nazirliyinin 8 sayl\u0131 \u018frazi Maliyy\u0259 Hesabla\u015fma M\u0259rk\u0259zind\u0259ki i\u015f yerind\u0259n 2 ayl\u0131q maa\u015f\u0131 k\u00f6\u00e7\u00fcr\u00fclm\u0259yib.<\/p>\n","protected":false},"excerpt":{"rendered":"<p>T\u0259hsil Nazirliyi haz\u0131rda c\u0259bh\u0259 b\u00f6lg\u0259sind\u0259 xidm\u0259tini davam etdir\u0259n R\u00fcf\u0259t Novruzovun m\u00fcraci\u0259tini m\u00fcsb\u0259t cavabland\u0131r\u0131b. \u0130nfonews \u201cQafqazinfo\u201d-ya istinad\u0259n x\u0259b\u0259r verir ki, bu bar\u0259d\u0259 nazirliyin ictimaiyy\u0259tl\u0259 \u0259laq\u0259l\u0259r sektorunun m\u00fcdiri C\u0259sar\u0259t Valehov m\u0259lumat verib.&hellip; <\/p>\n","protected":false},"author":3,"featured_media":680,"comment_status":"open","ping_status":"open","sticky":false,"template":"","format":"standard","meta":{"_mi_skip_tracking":false,"_monsterinsights_sitenote_active":false,"_monsterinsights_sitenote_note":"","_monsterinsights_sitenote_category":0,"footnotes":""},"categories":[11,3],"tags":[51],"aioseo_notices":[],"_links":{"self":[{"href":"https:\/\/infonews.az\/index.php?rest_route=\/wp\/v2\/posts\/679"}],"collection":[{"href":"https:\/\/infonews.az\/index.php?rest_route=\/wp\/v2\/posts"}],"about":[{"href":"https:\/\/infonews.az\/index.php?rest_route=\/wp\/v2\/types\/post"}],"author":[{"embeddable":true,"href":"https:\/\/infonews.az\/index.php?rest_route=\/wp\/v2\/users\/3"}],"replies":[{"embeddable":true,"href":"https:\/\/infonews.az\/index.php?rest_route=%2Fwp%2Fv2%2Fcomments&post=679"}],"version-history":[{"count":2,"href":"https:\/\/infonews.az\/index.php?rest_route=\/wp\/v2\/posts\/679\/revisions"}],"predecessor-version":[{"id":682,"href":"https:\/\/infonews.az\/index.php?rest_route=\/wp\/v2\/posts\/679\/revisions\/682"}],"wp:featuredmedia":[{"embeddable":true,"href":"https:\/\/infonews.az\/index.php?rest_route=\/wp\/v2\/media\/680"}],"wp:attachment":[{"href":"https:\/\/infonews.az\/index.php?rest_route=%2Fwp%2Fv2%2Fmedia&parent=679"}],"wp:term":[{"taxonomy":"category","embeddable":true,"href":"https:\/\/infonews.az\/index.php?rest_route=%2Fwp%2Fv2%2Fcategories&post=679"},{"taxonomy":"post_tag","embeddable":true,"href":"https:\/\/infonews.az\/index.php?rest_route=%2Fwp%2Fv2%2Ftags&post=679"}],"curies":[{"name":"wp","href":"https:\/\/api.w.org\/{rel}","templated":true}]}}