{"id":7031,"date":"2021-04-06T13:53:35","date_gmt":"2021-04-06T09:53:35","guid":{"rendered":"https:\/\/infonews.az\/?p=7031"},"modified":"2021-04-06T22:19:44","modified_gmt":"2021-04-06T18:19:44","slug":"jurnalistl%c9%99rin-vaksinasiyasi-ucun-tapsiriq-verilib","status":"publish","type":"post","link":"https:\/\/infonews.az\/?p=7031","title":{"rendered":"Jurnalistl\u0259rin vaksinasiyas\u0131 \u00fc\u00e7\u00fcn tap\u015f\u0131r\u0131q verilib"},"content":{"rendered":"<p><span style=\"color: #ffffff;\">Jurnalistl\u0259rin vaksinasiyas\u0131 \u00fc\u00e7\u00fcn tap\u015f\u0131r\u0131q verilib<\/span><\/p>\n<p><a href=\"https:\/\/infonews.az\"><strong><span style=\"color: #ff0000;\">&#8220;\u0130NFONEWS&#8221;<\/span><\/strong><\/a> x\u0259b\u0259r verir.<\/p>\n<p><em><strong>Az\u0259rbaycan M\u0259tbuat \u015euras\u0131n\u0131n \u201cCOVID-19\u201d x\u0259st\u0259liyi \u0259leyhin\u0259 vaksinasiyan\u0131n apar\u0131lmas\u0131 il\u0259 ba\u011fl\u0131 Az\u0259rbaycan Respublikas\u0131n\u0131n Nazirl\u0259r Kabinetin\u0259 \u00fcnvanlad\u0131\u011f\u0131 m\u00fcraci\u0259t aidiyyat\u0131 \u00fczr\u0259 Az\u0259rbaycan Respublikas\u0131n\u0131 \u0130cbari Tibbi S\u0131\u011forta \u00fczr\u0259 D\u00f6vl\u0259t Agentliyind\u0259 bax\u0131l\u0131b.<\/strong><\/em><\/p>\n<p>M\u0259tbuat \u015euras\u0131ndan veril\u0259n m\u0259lumata g\u00f6r\u0259, bununla ba\u011fl\u0131 agentlikd\u0259n \u015euraya daxil olan m\u0259ktubda bildirilir ki, jurnalistl\u0259rin vaksinasiya olunmas\u0131 il\u0259 \u0259laq\u0259dar m\u00fcvafiq tap\u015f\u0131r\u0131q verilib. M\u0259ktubda h\u0259m\u00e7inin vaksinasiya olunacaq jurnalistl\u0259rin siyah\u0131s\u0131n\u0131n \u201cTibbi \u018frazi B\u00f6lm\u0259l\u0259rini \u0130dar\u0259etm\u0259 Birliyi\u201d publik h\u00fcquqi \u015f\u0259xs\u0259 (T\u018fB\u0130B) t\u0259qdim edilm\u0259sinin vacibliyi vur\u011fulan\u0131b.<\/p>\n<p>M\u0259tbuat \u015euras\u0131 bununla \u0259laq\u0259dar olaraq K\u0130V redaksiyalar\u0131ndan ya\u015f\u0131 18-d\u0259n yuxar\u0131 olan v\u0259 vaksinasiyadan ke\u00e7m\u0259y\u0259n \u0259m\u0259kda\u015flar\u0131n\u0131n siyah\u0131s\u0131n\u0131 \u015euraya \u00fcnvanlama\u011f\u0131 xahi\u015f edir. Siyah\u0131 redaksiyan\u0131n r\u0259smi blank\u0131nda olmal\u0131 v\u0259 m\u00f6h\u00fcrl\u0259 t\u0259sdiql\u0259nm\u0259lidir. Orada vaksinasiya olunacaq jurnalistl\u0259rl\u0259 ba\u011fl\u0131 a\u015fa\u011f\u0131dak\u0131lar yer almal\u0131d\u0131r:<\/p>\n<p>1. Ad\u0131, soyad\u0131, atas\u0131n\u0131n ad\u0131;<\/p>\n<p>2. Do\u011fum tarixi;<\/p>\n<p>3. \u015e\u0259xsiyy\u0259t v\u0259siq\u0259sinin rekvizitl\u0259ri (seriya v\u0259 n\u00f6mr\u0259 v\u0259 ya fin kod);<\/p>\n<p>4. \u018flaq\u0259 vasit\u0259l\u0259ri (\u015f\u0259h\u0259r telefonu v\u0259 mobil telefon).<\/p>\n<p>Siyah\u0131 \u015f\u0259xs\u0259n d\u0259, M\u0259tbuat \u015euras\u0131n\u0131n\u00a0info@presscouncil.az\u00a0v\u0259\u00a0metbuatshurasi@gmail.com\u00a0elektron po\u00e7t \u00fcnvanlar\u0131na da (PDF faylda skan olunmu\u015f formada) g\u00f6nd\u0259ril\u0259 bil\u0259r.<\/p>\n<p>M\u0259tbuat \u015euras\u0131ndan \u0259laq\u0259l\u0259ndirici \u015f\u0259xs \u018fv\u0259z R\u00fcst\u0259mov: (012) 441 35 30; (050) 206 96 02<\/p>\n<p>Qeyd ed\u0259k ki, Az\u0259rbaycan M\u0259tbuat \u015euras\u0131 K\u0130V redaksiyalar\u0131 t\u0259r\u0259find\u0259n daxil olmu\u015f siyah\u0131lar\u0131 \u00fcmumil\u0259\u015fdirib T\u018fB\u0130B-\u0259 t\u0259qdim ed\u0259c\u0259kdir. Bundan sonrak\u0131 prosedur da t\u0259r\u0259fimizd\u0259n diqq\u0259td\u0259 saxlan\u0131lacaq.<\/p>\n<p>M\u0259tbuat \u015euras\u0131 K\u0130V r\u0259hb\u0259rl\u0259rin\u0259 m\u00fcraci\u0259t ed\u0259r\u0259k onlar\u0131 \u0259m\u0259kda\u015flar\u0131n\u0131n vaksinasiya olunmas\u0131 prosesin\u0259 h\u0259ssas yana\u015fma\u011fa, bununla ba\u011fl\u0131 n\u0259z\u0259rd\u0259 tutulan proseduru m\u00fcmk\u00fcn q\u0259d\u0259r tez bir zamanda icra etm\u0259y\u0259 \u00e7a\u011f\u0131r\u0131r.<\/p>\n","protected":false},"excerpt":{"rendered":"<p>Jurnalistl\u0259rin vaksinasiyas\u0131 \u00fc\u00e7\u00fcn tap\u015f\u0131r\u0131q verilib &#8220;\u0130NFONEWS&#8221; x\u0259b\u0259r verir. Az\u0259rbaycan M\u0259tbuat \u015euras\u0131n\u0131n \u201cCOVID-19\u201d x\u0259st\u0259liyi \u0259leyhin\u0259 vaksinasiyan\u0131n apar\u0131lmas\u0131 il\u0259 ba\u011fl\u0131 Az\u0259rbaycan Respublikas\u0131n\u0131n Nazirl\u0259r Kabinetin\u0259 \u00fcnvanlad\u0131\u011f\u0131 m\u00fcraci\u0259t aidiyyat\u0131 \u00fczr\u0259 Az\u0259rbaycan Respublikas\u0131n\u0131 \u0130cbari Tibbi&hellip; <\/p>\n","protected":false},"author":3,"featured_media":7032,"comment_status":"open","ping_status":"open","sticky":false,"template":"","format":"standard","meta":{"_mi_skip_tracking":false,"_monsterinsights_sitenote_active":false,"_monsterinsights_sitenote_note":"","_monsterinsights_sitenote_category":0,"footnotes":""},"categories":[699,11],"tags":[135,15],"aioseo_notices":[],"_links":{"self":[{"href":"https:\/\/infonews.az\/index.php?rest_route=\/wp\/v2\/posts\/7031"}],"collection":[{"href":"https:\/\/infonews.az\/index.php?rest_route=\/wp\/v2\/posts"}],"about":[{"href":"https:\/\/infonews.az\/index.php?rest_route=\/wp\/v2\/types\/post"}],"author":[{"embeddable":true,"href":"https:\/\/infonews.az\/index.php?rest_route=\/wp\/v2\/users\/3"}],"replies":[{"embeddable":true,"href":"https:\/\/infonews.az\/index.php?rest_route=%2Fwp%2Fv2%2Fcomments&post=7031"}],"version-history":[{"count":1,"href":"https:\/\/infonews.az\/index.php?rest_route=\/wp\/v2\/posts\/7031\/revisions"}],"predecessor-version":[{"id":7033,"href":"https:\/\/infonews.az\/index.php?rest_route=\/wp\/v2\/posts\/7031\/revisions\/7033"}],"wp:featuredmedia":[{"embeddable":true,"href":"https:\/\/infonews.az\/index.php?rest_route=\/wp\/v2\/media\/7032"}],"wp:attachment":[{"href":"https:\/\/infonews.az\/index.php?rest_route=%2Fwp%2Fv2%2Fmedia&parent=7031"}],"wp:term":[{"taxonomy":"category","embeddable":true,"href":"https:\/\/infonews.az\/index.php?rest_route=%2Fwp%2Fv2%2Fcategories&post=7031"},{"taxonomy":"post_tag","embeddable":true,"href":"https:\/\/infonews.az\/index.php?rest_route=%2Fwp%2Fv2%2Ftags&post=7031"}],"curies":[{"name":"wp","href":"https:\/\/api.w.org\/{rel}","templated":true}]}}