{"id":7046,"date":"2021-04-06T18:05:51","date_gmt":"2021-04-06T14:05:51","guid":{"rendered":"https:\/\/infonews.az\/?p=7046"},"modified":"2021-04-06T22:59:44","modified_gmt":"2021-04-06T18:59:44","slug":"iraq-parlamentinin-numay%c9%99nd%c9%99-hey%c9%99ti-asan-xidm%c9%99td%c9%99","status":"publish","type":"post","link":"https:\/\/infonews.az\/?p=7046","title":{"rendered":"\u0130raq Parlamentinin n\u00fcmay\u0259nd\u0259 hey\u0259ti \u201cASAN xidm\u0259t\u201dd\u0259"},"content":{"rendered":"<p><img loading=\"lazy\" decoding=\"async\" class=\"alignnone size-medium wp-image-7051\" src=\"https:\/\/infonews.az\/wp-content\/uploads\/2021\/04\/3jpg-1617716474-300x200.jpg\" alt=\"\" width=\"300\" height=\"200\" srcset=\"https:\/\/infonews.az\/wp-content\/uploads\/2021\/04\/3jpg-1617716474-300x200.jpg?v=1660871201 300w, https:\/\/infonews.az\/wp-content\/uploads\/2021\/04\/3jpg-1617716474.jpg?v=1660871201 700w\" sizes=\"(max-width: 300px) 100vw, 300px\" \/> <img loading=\"lazy\" decoding=\"async\" class=\"alignnone size-medium wp-image-7052\" src=\"https:\/\/infonews.az\/wp-content\/uploads\/2021\/04\/1jpg-1617716474-300x200.jpg\" alt=\"\" width=\"300\" height=\"200\" srcset=\"https:\/\/infonews.az\/wp-content\/uploads\/2021\/04\/1jpg-1617716474-300x200.jpg?v=1660871201 300w, https:\/\/infonews.az\/wp-content\/uploads\/2021\/04\/1jpg-1617716474.jpg?v=1660871201 700w\" sizes=\"(max-width: 300px) 100vw, 300px\" \/><\/p>\n<p><span style=\"color: #ffffff;\">\u0130raq Parlamentinin n\u00fcmay\u0259nd\u0259 hey\u0259ti \u201cASAN xidm\u0259t\u201dd\u0259<\/span><\/p>\n<p><a href=\"https:\/\/infonews.az\"><strong><span style=\"color: #ff0000;\">&#8220;INFONEWS&#8221;<\/span><\/strong><\/a> x\u0259b\u0259r verir.<\/p>\n<p><em><strong>Aprelin 6-da \u0130raq Parlamentinin n\u00fcmay\u0259nd\u0259 hey\u0259ti \u201cASAN xidm\u0259t\u201d m\u0259rk\u0259zinin f\u0259aliyy\u0259ti il\u0259 tan\u0131\u015f olub.<\/strong><\/em><\/p>\n<p>D\u00f6vl\u0259t Agentliyinin s\u0259dr m\u00fcavini Ceyhun Salmanov qonaqlara \u201cASAN xidm\u0259t \u201din yarad\u0131lmas\u0131 m\u0259qs\u0259dl\u0259ri v\u0259 f\u0259aliyy\u0259t istiqam\u0259tl\u0259ri bar\u0259d\u0259 \u0259trafl\u0131 m\u0259lumat verib.<\/p>\n<p>Qeyd olunub ki, s\u0259ffafl\u0131\u011f\u0131n art\u0131r\u0131lmas\u0131 v\u0259 m\u00fcasir innovasiyalar\u0131n t\u0259tbiqi bax\u0131m\u0131ndan \u201cASAN xidm\u0259t\u201d in yarad\u0131lmas\u0131 il\u0259 s\u0259m\u0259r\u0259li d\u00f6vl\u0259t idar\u0259\u00e7iliyinin t\u0259min edilm\u0259si sah\u0259sind\u0259 ciddi nailiyy\u0259tl\u0259r \u0259ld\u0259 olunub.<\/p>\n<p>Bildirilib ki, bu g\u00fcn\u0259d\u0259k 42 milyondan \u00e7ox v\u0259t\u0259nda\u015f m\u00fcraci\u0259ti qeyd\u0259 al\u0131n\u0131b. Bundan ba\u015fqa vur\u011fulan\u0131b ki, Birl\u0259\u015fmi\u015f Mill\u0259tl\u0259r T\u0259\u015fkilat\u0131n\u0131n 2015-ci il D\u00f6vl\u0259t Xidm\u0259tl\u0259ri M\u00fckafat\u0131na (United Nations Public Service Award 2015), h\u0259m\u00e7inin 2019-cu ild\u0259 Bak\u0131da Birl\u0259\u015fmi\u015f Mill\u0259tl\u0259r T\u0259\u015fkilat\u0131n\u0131n D\u00f6vl\u0259t Xidm\u0259tl\u0259ri Forumu \u00e7\u0259r\u00e7iv\u0259sind\u0259 BMT-nin r\u0259q\u0259msal idar\u0259etm\u0259nin t\u0259tbiqi il\u0259 d\u00f6vl\u0259t xidm\u0259tl\u0259rinin inki\u015faf\u0131 sah\u0259sind\u0259 x\u00fcsusi m\u00fckafat\u0131na layiq g\u00f6r\u00fcl\u00fcb.<\/p>\n<p>Qonaqlara D\u00f6vl\u0259t Agentliyinin elektron h\u00f6kum\u0259t sah\u0259sind\u0259 h\u0259yata ke\u00e7irdiyi layih\u0259l\u0259r, el\u0259c\u0259 d\u0259 \u201cABAD\u201d publik h\u00fcquqi \u015f\u0259xsin f\u0259aliyy\u0259ti bar\u0259d\u0259 d\u0259 m\u0259lumat verilib.<\/p>\n<p>Yarad\u0131lm\u0131\u015f \u015f\u0259rait v\u0259 i\u015f prinsipi il\u0259 tan\u0131\u015f olan qonaqlar \u201dASAN xidm\u0259t\u201d\u0259 g\u0259l\u0259c\u0259k f\u0259aliyy\u0259tind\u0259 u\u011furlar arzulay\u0131blar.<\/p>\n<p>Sonda n\u00fcmay\u0259nd\u0259 hey\u0259tin\u0259 \u201cABAD\u201d\u00e7\u0131 t\u0259r\u0259find\u0259n haz\u0131rlanm\u0131\u015f xatir\u0259 h\u0259diyy\u0259si t\u0259qdim olunub.<\/p>\n","protected":false},"excerpt":{"rendered":"<p>\u0130raq Parlamentinin n\u00fcmay\u0259nd\u0259 hey\u0259ti \u201cASAN xidm\u0259t\u201dd\u0259 &#8220;INFONEWS&#8221; x\u0259b\u0259r verir. Aprelin 6-da \u0130raq Parlamentinin n\u00fcmay\u0259nd\u0259 hey\u0259ti \u201cASAN xidm\u0259t\u201d m\u0259rk\u0259zinin f\u0259aliyy\u0259ti il\u0259 tan\u0131\u015f olub. D\u00f6vl\u0259t Agentliyinin s\u0259dr m\u00fcavini Ceyhun Salmanov qonaqlara \u201cASAN&hellip; <\/p>\n","protected":false},"author":3,"featured_media":7047,"comment_status":"open","ping_status":"open","sticky":false,"template":"","format":"standard","meta":{"_mi_skip_tracking":false,"_monsterinsights_sitenote_active":false,"_monsterinsights_sitenote_note":"","_monsterinsights_sitenote_category":0,"footnotes":""},"categories":[4,2,11],"tags":[4073,15,4075],"aioseo_notices":[],"_links":{"self":[{"href":"https:\/\/infonews.az\/index.php?rest_route=\/wp\/v2\/posts\/7046"}],"collection":[{"href":"https:\/\/infonews.az\/index.php?rest_route=\/wp\/v2\/posts"}],"about":[{"href":"https:\/\/infonews.az\/index.php?rest_route=\/wp\/v2\/types\/post"}],"author":[{"embeddable":true,"href":"https:\/\/infonews.az\/index.php?rest_route=\/wp\/v2\/users\/3"}],"replies":[{"embeddable":true,"href":"https:\/\/infonews.az\/index.php?rest_route=%2Fwp%2Fv2%2Fcomments&post=7046"}],"version-history":[{"count":3,"href":"https:\/\/infonews.az\/index.php?rest_route=\/wp\/v2\/posts\/7046\/revisions"}],"predecessor-version":[{"id":7053,"href":"https:\/\/infonews.az\/index.php?rest_route=\/wp\/v2\/posts\/7046\/revisions\/7053"}],"wp:featuredmedia":[{"embeddable":true,"href":"https:\/\/infonews.az\/index.php?rest_route=\/wp\/v2\/media\/7047"}],"wp:attachment":[{"href":"https:\/\/infonews.az\/index.php?rest_route=%2Fwp%2Fv2%2Fmedia&parent=7046"}],"wp:term":[{"taxonomy":"category","embeddable":true,"href":"https:\/\/infonews.az\/index.php?rest_route=%2Fwp%2Fv2%2Fcategories&post=7046"},{"taxonomy":"post_tag","embeddable":true,"href":"https:\/\/infonews.az\/index.php?rest_route=%2Fwp%2Fv2%2Ftags&post=7046"}],"curies":[{"name":"wp","href":"https:\/\/api.w.org\/{rel}","templated":true}]}}