{"id":7314,"date":"2021-04-14T22:18:20","date_gmt":"2021-04-14T18:18:20","guid":{"rendered":"https:\/\/infonews.az\/?p=7314"},"modified":"2021-04-15T23:06:24","modified_gmt":"2021-04-15T19:06:24","slug":"az%c9%99rbaycan-multikulturalizminin-elmi-f%c9%99ls%c9%99fi-v%c9%99-ictimai-publisistik-qaynaqlari-kitabinin-t%c9%99qdimati-kecirilib","status":"publish","type":"post","link":"https:\/\/infonews.az\/?p=7314","title":{"rendered":"\u201cAz\u0259rbaycan multikulturalizminin elmi-f\u0259ls\u0259fi v\u0259 ictimai-publisistik qaynaqlar\u0131\u201d kitab\u0131n\u0131n t\u0259qdimat\u0131 ke\u00e7irilib"},"content":{"rendered":"<p><span style=\"color: #ffffff;\">\u201cAz\u0259rbaycan multikulturalizminin elmi-f\u0259ls\u0259fi v\u0259 ictimai-publisistik qaynaqlar\u0131\u201d kitab\u0131n\u0131n t\u0259qdimat\u0131 ke\u00e7irilib<\/span><\/p>\n<p><a href=\"https:\/\/infonews.az\/\"><span style=\"color: #ff0000;\"><strong>&#8220;\u0130NFONEWS&#8221;<\/strong><\/span><\/a> x\u0259b\u0259r verir.<\/p>\n<p>Bak\u0131 Beyn\u0259lxalq Multikulturalizm M\u0259rk\u0259zi \u201cAz\u0259rbaycan multikulturalizminin elmi-f\u0259ls\u0259fi v\u0259 ictimai-publisistik qaynaqlar\u0131\u201d kitab\u0131n\u0131n onlayn t\u0259qdimat\u0131n\u0131 ke\u00e7irib.<\/p>\n<p>T\u0259dbir Bak\u0131 Beyn\u0259lxalq Multikulturalizm M\u0259rk\u0259zinin icra\u00e7\u0131 direktoru R\u0259van H\u0259s\u0259novun moderatorlu\u011fu il\u0259 ba\u015f tutub. M\u0259rk\u0259zin Himay\u0259\u00e7ilik \u015euras\u0131n\u0131n s\u0259dri, akademik Kamal Abdulla \u00e7\u0131x\u0131\u015f ed\u0259r\u0259k bildirib ki, kitab\u0131n \u201c\u00d6n s\u00f6z\u201d\u00fcnd\u0259 qeyd edildiyi kimi, m\u00fcasir d\u00fcnyada h\u0259r bir xalq\u0131n m\u0259d\u0259niyy\u0259tind\u0259 multikulturalizmin iki f\u0259ls\u0259fi m\u0259nas\u0131 vard\u0131r ki, biri birlik, dig\u0259ri is\u0259 m\u00fcxt\u0259liflik kimi q\u0259bul edilir. Az\u0259rbaycan\u0131n m\u0259d\u0259ni m\u00fcxt\u0259lifliliyi \u201cAz\u0259rbaycan\u00e7\u0131l\u0131q\u201d ideologiyas\u0131n\u0131n \u0259sas\u0131nda formala\u015fm\u0131\u015fd\u0131r. Bu ideologiya m\u0259d\u0259niyy\u0259timizin b\u00fct\u00fcn x\u00fcsusiyy\u0259t v\u0259 komponentl\u0259rini \u00f6z\u00fcnd\u0259 ehtiva edir. \u00dcmummilli Lider Heyd\u0259r \u018fliyev bu ideologiyada m\u0259d\u0259ni m\u00fcxt\u0259lifliyin \u0259saslar\u0131n\u0131 x\u00fcsusi olaraq vur\u011fulay\u0131b. C\u0259miyy\u0259timizd\u0259, el\u0259c\u0259 d\u0259 beyn\u0259lxalq al\u0259md\u0259 multikulturalizm\u0259 mara\u011f\u0131n artmas\u0131 \u00f6lk\u0259 Prezidenti c\u0259nab \u0130lham \u018fliyevin ad\u0131 il\u0259 ba\u011fl\u0131d\u0131r. Bu m\u0259nada \u0130lham \u018fliyevin t\u0259\u015f\u0259bb\u00fcs\u00fc il\u0259 2011-ci ild\u0259n Bak\u0131da ke\u00e7iril\u0259n v\u0259 art\u0131q \u00fcmumd\u00fcnya \u0259n\u0259n\u0259 hal\u0131n\u0131 alm\u0131\u015f \u201cBak\u0131 Beyn\u0259lxalq Humanitar Forumu\u201d, \u201cM\u0259d\u0259niyy\u0259tl\u0259raras\u0131 dialoq forumu\u201d, 2008-ci ild\u0259 \u0259sas\u0131 qoyulan \u201cBak\u0131 prosesi\u201d v\u0259 dig\u0259r m\u00f6t\u0259b\u0259r beyn\u0259lxalq konfranslar x\u00fcsusi \u0259h\u0259miyy\u0259t k\u0259sb edir. Bu forumlar\u0131n t\u0259\u015fkilind\u0259 \u00f6lk\u0259nin Birinci vitse-prezidenti Mehriban xan\u0131m \u018fliyevan\u0131n x\u00fcsusi rolu vard\u0131r.\u00a0Kitab\u0131n h\u0259mm\u00fc\u0259llifl\u0259ri \u0130lahiyyat \u0130nstitutunun rektoru Aqil \u015eirinov, f\u0259ls\u0259f\u0259 elml\u0259ri doktoru Sakit H\u00fcseynov, f\u0259ls\u0259f\u0259 \u00fczr\u0259 f\u0259ls\u0259f\u0259 doktoru Elsev\u0259r S\u0259m\u0259dov v\u0259 f\u0259ls\u0259f\u0259 \u00fczr\u0259 f\u0259ls\u0259f\u0259 doktoru \u018fhm\u0259d Q\u0259\u015f\u0259mo\u011flu \u00e7\u0131x\u0131\u015flar\u0131nda\u00a0m\u00fcasir d\u00f6vrd\u0259 miqrasiya, terror, m\u00fcxt\u0259lif d\u00f6vl\u0259tl\u0259rin qar\u015f\u0131durmas\u0131, identiklik, m\u00fcxt\u0259liflik, b\u0259rab\u0259rlik, ayr\u0131-se\u00e7kilik, tolerantl\u0131q v\u0259 zorak\u0131l\u0131q kimi ziddiyy\u0259tl\u0259rin h\u0259llinin daha \u00e7ox aktuall\u0131q k\u0259sb etdiyini vur\u011fulayaraq yax\u0131n g\u0259l\u0259c\u0259kd\u0259 d\u0259 bu m\u0259s\u0259l\u0259l\u0259rin aktual olaraq qalaca\u011f\u0131n\u0131 qeyd edibl\u0259r. Bu bax\u0131mdan multikulturalizm siyas\u0259tinin davam etdirilm\u0259sinin m\u00fcasir c\u0259miyy\u0259tl\u0259rd\u0259 m\u0259d\u0259ni inteqrasiyan\u0131n v\u0259 m\u0259d\u0259ni d\u0259y\u0259rl\u0259rin nec\u0259 y\u00f6nl\u0259ndiril\u0259c\u0259yi bax\u0131m\u0131ndan x\u00fcsusi \u00f6n\u0259m da\u015f\u0131mas\u0131n\u0131 vur\u011fulay\u0131blar.<\/p>\n<p>Daha sonra Roma-Katolik Kils\u0259sinin Az\u0259rbaycandak\u0131 ordinarisi Vladimir Fekete, \u201cSamur\u201d L\u0259zgi milli m\u0259rk\u0259zinin r\u0259hb\u0259ri \u0130mran Rzayev, Az\u0259rbaycan Alban-Udi xristian icmas\u0131n\u0131n r\u0259hb\u0259ri Robert Mobili, Az\u0259rbaycan-Ukrayna Konqresi ictimai birliyinin s\u0259dri Yuriy Osad\u00e7enko v\u0259 Az\u0259rbaycan Dill\u0259r Universitetinin magistri K\u0259mal\u0259 H\u0259s\u0259nova \u00e7\u0131x\u0131\u015f ed\u0259r\u0259k m\u00fcasir d\u00f6vrd\u0259 h\u0259r bir toplumun m\u0259d\u0259niyy\u0259tinin g\u00f6st\u0259ricisi kimi m\u00fcxt\u0259lifliyin t\u0259kzib edilm\u0259z fakt olaraq q\u0259bul edilm\u0259sini\u00a0ifad\u0259 edibl\u0259r. \u00c7\u0131x\u0131\u015f\u00e7\u0131lar bildiribl\u0259r ki, Az\u0259rbaycan m\u00fcxt\u0259lif etnoslar\u0131n, konfessiyalar\u0131n tarix\u0259n birg\u0259 ya\u015fad\u0131qlar\u0131 m\u0259kand\u0131r. Bu g\u00fcn d\u0259 \u00f6lk\u0259miz tolerant d\u0259y\u0259rl\u0259r\u0259 \u00fcst\u00fcnl\u00fck verir v\u0259 m\u0259d\u0259ni m\u00fcxt\u0259lifliyin ya\u015fand\u0131\u011f\u0131 yer kimi d\u00fcnyaya s\u0259s sal\u0131b.<\/p>\n<p>Qeyd ed\u0259k ki, \u201cAz\u0259rbaycan multikulturalizminin qaynaqlar\u0131\u201d seriyas\u0131ndan ikinci olan kitab\u0131n ba\u015f elmi redaktoru akademik Kamal Abdulla, t\u0259rtib\u00e7il\u0259r \u2013 f\u0259ls\u0259f\u0259 elml\u0259ri doktorlar\u0131 \u0130lham M\u0259mm\u0259dzad\u0259, Sakit H\u00fcseynov, Ayd\u0131n \u018flizad\u0259, Adil \u018fs\u0259dov, f\u0259ls\u0259f\u0259 \u00fczr\u0259 f\u0259ls\u0259f\u0259 doktorlar\u0131 \u018fhm\u0259d Q\u0259\u015f\u0259mo\u011flu, R\u0259\u015fad ilyasov, Elsev\u0259r S\u0259m\u0259dov, ilahiyyat \u00fczr\u0259 f\u0259ls\u0259f\u0259 doktorlar\u0131 Aqil \u015eirinov, \u018fli F\u0259rhadov, r\u0259y\u00e7i \u2013 professor Kamran \u0130manov, n\u0259\u015fr\u0259 m\u0259sul f\u0259ls\u0259f\u0259 doktoru R\u0259\u015fad \u0130lyasov,\u00a0redaktor Tahir Kaz\u0131ml\u0131d\u0131r.<\/p>\n<p>(AZ\u018fRTAC)<\/p>\n<p><img decoding=\"async\" src=\"https:\/\/www.adalet.az\/uploads\/img\/posts\/2021\/04\/14\/3png-1618404830.png\" \/><\/p>\n<p><img decoding=\"async\" src=\"https:\/\/www.adalet.az\/uploads\/img\/posts\/2021\/04\/14\/4png-1618404831.png\" \/><\/p>\n<p><img decoding=\"async\" src=\"https:\/\/www.adalet.az\/uploads\/img\/posts\/2021\/04\/14\/1png-1618404830.png\" \/><\/p>\n<p><img decoding=\"async\" src=\"https:\/\/www.adalet.az\/uploads\/img\/posts\/2021\/04\/14\/2png-1618404830.png\" \/><\/p>\n<p>&nbsp;<\/p>\n<p>&nbsp;<\/p>\n","protected":false},"excerpt":{"rendered":"<p>\u201cAz\u0259rbaycan multikulturalizminin elmi-f\u0259ls\u0259fi v\u0259 ictimai-publisistik qaynaqlar\u0131\u201d kitab\u0131n\u0131n t\u0259qdimat\u0131 ke\u00e7irilib &#8220;\u0130NFONEWS&#8221; x\u0259b\u0259r verir. Bak\u0131 Beyn\u0259lxalq Multikulturalizm M\u0259rk\u0259zi \u201cAz\u0259rbaycan multikulturalizminin elmi-f\u0259ls\u0259fi v\u0259 ictimai-publisistik qaynaqlar\u0131\u201d kitab\u0131n\u0131n onlayn t\u0259qdimat\u0131n\u0131 ke\u00e7irib. T\u0259dbir Bak\u0131 Beyn\u0259lxalq Multikulturalizm&hellip; <\/p>\n","protected":false},"author":3,"featured_media":7322,"comment_status":"open","ping_status":"open","sticky":false,"template":"","format":"standard","meta":{"_mi_skip_tracking":false,"_monsterinsights_sitenote_active":false,"_monsterinsights_sitenote_note":"","_monsterinsights_sitenote_category":0,"footnotes":""},"categories":[11,7],"tags":[3444,15],"aioseo_notices":[],"_links":{"self":[{"href":"https:\/\/infonews.az\/index.php?rest_route=\/wp\/v2\/posts\/7314"}],"collection":[{"href":"https:\/\/infonews.az\/index.php?rest_route=\/wp\/v2\/posts"}],"about":[{"href":"https:\/\/infonews.az\/index.php?rest_route=\/wp\/v2\/types\/post"}],"author":[{"embeddable":true,"href":"https:\/\/infonews.az\/index.php?rest_route=\/wp\/v2\/users\/3"}],"replies":[{"embeddable":true,"href":"https:\/\/infonews.az\/index.php?rest_route=%2Fwp%2Fv2%2Fcomments&post=7314"}],"version-history":[{"count":3,"href":"https:\/\/infonews.az\/index.php?rest_route=\/wp\/v2\/posts\/7314\/revisions"}],"predecessor-version":[{"id":7324,"href":"https:\/\/infonews.az\/index.php?rest_route=\/wp\/v2\/posts\/7314\/revisions\/7324"}],"wp:featuredmedia":[{"embeddable":true,"href":"https:\/\/infonews.az\/index.php?rest_route=\/wp\/v2\/media\/7322"}],"wp:attachment":[{"href":"https:\/\/infonews.az\/index.php?rest_route=%2Fwp%2Fv2%2Fmedia&parent=7314"}],"wp:term":[{"taxonomy":"category","embeddable":true,"href":"https:\/\/infonews.az\/index.php?rest_route=%2Fwp%2Fv2%2Fcategories&post=7314"},{"taxonomy":"post_tag","embeddable":true,"href":"https:\/\/infonews.az\/index.php?rest_route=%2Fwp%2Fv2%2Ftags&post=7314"}],"curies":[{"name":"wp","href":"https:\/\/api.w.org\/{rel}","templated":true}]}}