{"id":7335,"date":"2021-04-14T20:45:04","date_gmt":"2021-04-14T16:45:04","guid":{"rendered":"https:\/\/infonews.az\/?p=7335"},"modified":"2021-04-15T23:07:46","modified_gmt":"2021-04-15T19:07:46","slug":"indoneziyali-jurnalistl%c9%99r-az%c9%99rbaycanin-dahi-sairi-nizami-g%c9%99nc%c9%99vinin-yaradiciligi-bar%c9%99d%c9%99-m%c9%99lumatlandiriliblar","status":"publish","type":"post","link":"https:\/\/infonews.az\/?p=7335","title":{"rendered":"\u0130ndoneziyal\u0131 jurnalistl\u0259r Az\u0259rbaycan\u0131n dahi \u015fairi Nizami G\u0259nc\u0259vinin yarad\u0131c\u0131l\u0131\u011f\u0131 bar\u0259d\u0259 m\u0259lumatland\u0131r\u0131l\u0131blar"},"content":{"rendered":"<p><img loading=\"lazy\" decoding=\"async\" class=\"alignnone size-medium wp-image-7341\" src=\"https:\/\/infonews.az\/wp-content\/uploads\/2021\/04\/16183988112050463903_1000x669-300x168.jpg\" alt=\"\" width=\"300\" height=\"168\" srcset=\"https:\/\/infonews.az\/wp-content\/uploads\/2021\/04\/16183988112050463903_1000x669-300x168.jpg?v=1660871161 300w, https:\/\/infonews.az\/wp-content\/uploads\/2021\/04\/16183988112050463903_1000x669-768x431.jpg?v=1660871161 768w, https:\/\/infonews.az\/wp-content\/uploads\/2021\/04\/16183988112050463903_1000x669.jpg?v=1660871161 1000w\" sizes=\"(max-width: 300px) 100vw, 300px\" \/><\/p>\n<p class=\"content-title\"><span style=\"color: #ffffff;\">\u0130ndoneziyal\u0131 jurnalistl\u0259r Az\u0259rbaycan\u0131n dahi \u015fairi Nizami G\u0259nc\u0259vinin yarad\u0131c\u0131l\u0131\u011f\u0131 bar\u0259d\u0259 m\u0259lumatland\u0131r\u0131l\u0131blar<\/span><\/p>\n<p><a href=\"https:\/\/infonews.az\"><strong><span style=\"color: #ff0000;\">&#8220;\u0130NFONEWS&#8221;<\/span><\/strong><\/a> x\u0259b\u0259r verir.<\/p>\n<p><em><strong>Az\u0259rbaycan\u0131n \u0130ndoneziyadak\u0131 s\u0259firi C\u0259lal Mirz\u0259yev dahi Az\u0259rbaycan \u015fairi Nizami G\u0259nc\u0259vinin h\u0259yat v\u0259 yarad\u0131c\u0131l\u0131\u011f\u0131 il\u0259 ba\u011fl\u0131 indoneziyal\u0131 jurnalistl\u0259r\u0259 m\u00fcsahib\u0259 verib.<\/strong><\/em><\/p>\n<p>N\u00fcfuzlu \u201cKempalan News\u201d x\u0259b\u0259r portal\u0131n\u0131n jurnalistl\u0259rinin suallar\u0131n\u0131 cavabland\u0131ran s\u0259fir C.Mirz\u0259yev b\u00f6y\u00fck Az\u0259rbaycan m\u00fct\u0259f\u0259kkiri Nizami G\u0259nc\u0259vinin 880 illik yubileyi m\u00fcnasib\u0259til\u0259 Az\u0259rbaycan Prezidenti \u0130lham \u018fliyevin m\u00fcvafiq S\u0259r\u0259ncam\u0131 bar\u0259d\u0259 m\u0259lumat verib, 2021-ci ilin \u00f6lk\u0259mizd\u0259 \u201cNizami G\u0259nc\u0259vi \u0130li\u201d elan olundu\u011funu bildirib.<\/p>\n<p>S\u0259fir Az\u0259rbaycan d\u00f6vl\u0259ti t\u0259r\u0259find\u0259n \u015fairin yarad\u0131c\u0131l\u0131\u011f\u0131na b\u00f6y\u00fck \u00f6n\u0259m verildiyini v\u0259 \u015fairin xatir\u0259sinin \u0259b\u0259dil\u0259\u015fdirilm\u0259si m\u0259qs\u0259dil\u0259 m\u00fcxt\u0259lif \u015f\u0259h\u0259rl\u0259rd\u0259 onun abid\u0259sinin ucald\u0131ld\u0131\u011f\u0131n\u0131, bir s\u0131ra ictimai \u0259h\u0259miyy\u0259tli yerl\u0259r\u0259 onun ad\u0131n\u0131n verildiyini qeyd edib.<\/p>\n<p>Ulu \u00f6nd\u0259r Heyd\u0259r \u018fliyev t\u0259r\u0259find\u0259n 1979-cu v\u0259 1981-ci ill\u0259rd\u0259 imzalanan m\u00fcvafiq s\u0259r\u0259ncamlarla Nizami G\u0259nc\u0259vinin \u0259s\u0259rl\u0259rinin t\u0259rc\u00fcm\u0259 olunmas\u0131n\u0131n v\u0259 yarad\u0131c\u0131l\u0131\u011f\u0131n\u0131n t\u0259dqiq edilm\u0259sinin \u015fairin \u0259d\u0259bi irsinin g\u0259l\u0259c\u0259k n\u0259sill\u0259r\u0259 \u00f6t\u00fcr\u00fclm\u0259sind\u0259 b\u00f6y\u00fck rola malik oldu\u011funu vur\u011fulay\u0131b.<\/p>\n<p>\u00d6z\u00fcnd\u0259n sonra \u0259v\u0259zolunmaz \u0259d\u0259bi irs qoymu\u015f Nizami G\u0259nc\u0259vinin t\u0259k Az\u0259rbaycan \u0259d\u0259biyyat\u0131na deyil, h\u0259m\u00e7inin d\u00fcnya \u0259d\u0259biyyat\u0131na b\u00f6y\u00fck t\u00f6hf\u0259l\u0259r verdiyi, bir \u00e7ox \u015e\u0259rq v\u0259 Q\u0259rb \u015fairl\u0259rinin onun \u0259s\u0259rl\u0259rind\u0259n ilhamlanaraq yeni \u0259d\u0259bi n\u00fcmun\u0259l\u0259r \u0259rs\u0259y\u0259 g\u0259tirdikl\u0259ri qeyd olunub. Bununla yana\u015f\u0131, Az\u0259rbaycan\u0131n \u00dczeyir Hac\u0131b\u0259yli v\u0259 Qara Qarayev kimi b\u00f6y\u00fck b\u0259st\u0259karlar\u0131n\u0131n \u00f6z yarad\u0131c\u0131l\u0131qlar\u0131nda Nizami G\u0259nc\u0259vinin \u0259s\u0259rl\u0259rin\u0259 d\u00f6n\u0259-d\u00f6n\u0259 m\u00fcraci\u0259t etdikl\u0259ri bildirilib. Dahi Nizaminin \u201cX\u0259ms\u0259\u201dsi ba\u015fda olmaqla, onun yarad\u0131c\u0131l\u0131\u011f\u0131n\u0131n bu g\u00fcn d\u0259 Az\u0259rbaycanda geni\u015f \u015f\u0259kild\u0259 t\u0259bli\u011f edildiyi x\u00fcsusi vur\u011fulan\u0131b.<\/p>\n<p>Sonda s\u0259fir C.Mirz\u0259yev Nizami G\u0259nc\u0259vinin \u015e\u0259rq \u0259d\u0259biyyat\u0131nda \u00f6z d\u0259sti-x\u0259ttini yaratm\u0131\u015f nadir \u015fairl\u0259rd\u0259n biri oldu\u011funu qeyd ed\u0259r\u0259k, onun \u0259d\u0259bi irsinin \u0130ndoneziya xalq\u0131, x\u00fcsusil\u0259 g\u0259nc \u015fairl\u0259r aras\u0131nda \u00f6yr\u0259nilm\u0259sinin faydal\u0131 olaca\u011f\u0131n\u0131 bildirib.<\/p>\n<p>(AZ\u018fRTAC)<\/p>\n","protected":false},"excerpt":{"rendered":"<p>\u0130ndoneziyal\u0131 jurnalistl\u0259r Az\u0259rbaycan\u0131n dahi \u015fairi Nizami G\u0259nc\u0259vinin yarad\u0131c\u0131l\u0131\u011f\u0131 bar\u0259d\u0259 m\u0259lumatland\u0131r\u0131l\u0131blar &#8220;\u0130NFONEWS&#8221; x\u0259b\u0259r verir. Az\u0259rbaycan\u0131n \u0130ndoneziyadak\u0131 s\u0259firi C\u0259lal Mirz\u0259yev dahi Az\u0259rbaycan \u015fairi Nizami G\u0259nc\u0259vinin h\u0259yat v\u0259 yarad\u0131c\u0131l\u0131\u011f\u0131 il\u0259 ba\u011fl\u0131 indoneziyal\u0131 jurnalistl\u0259r\u0259&hellip; <\/p>\n","protected":false},"author":3,"featured_media":7336,"comment_status":"open","ping_status":"open","sticky":false,"template":"","format":"standard","meta":{"_mi_skip_tracking":false,"_monsterinsights_sitenote_active":false,"_monsterinsights_sitenote_note":"","_monsterinsights_sitenote_category":0,"footnotes":""},"categories":[9,10,11],"tags":[4205,15,3961],"aioseo_notices":[],"_links":{"self":[{"href":"https:\/\/infonews.az\/index.php?rest_route=\/wp\/v2\/posts\/7335"}],"collection":[{"href":"https:\/\/infonews.az\/index.php?rest_route=\/wp\/v2\/posts"}],"about":[{"href":"https:\/\/infonews.az\/index.php?rest_route=\/wp\/v2\/types\/post"}],"author":[{"embeddable":true,"href":"https:\/\/infonews.az\/index.php?rest_route=\/wp\/v2\/users\/3"}],"replies":[{"embeddable":true,"href":"https:\/\/infonews.az\/index.php?rest_route=%2Fwp%2Fv2%2Fcomments&post=7335"}],"version-history":[{"count":2,"href":"https:\/\/infonews.az\/index.php?rest_route=\/wp\/v2\/posts\/7335\/revisions"}],"predecessor-version":[{"id":7342,"href":"https:\/\/infonews.az\/index.php?rest_route=\/wp\/v2\/posts\/7335\/revisions\/7342"}],"wp:featuredmedia":[{"embeddable":true,"href":"https:\/\/infonews.az\/index.php?rest_route=\/wp\/v2\/media\/7336"}],"wp:attachment":[{"href":"https:\/\/infonews.az\/index.php?rest_route=%2Fwp%2Fv2%2Fmedia&parent=7335"}],"wp:term":[{"taxonomy":"category","embeddable":true,"href":"https:\/\/infonews.az\/index.php?rest_route=%2Fwp%2Fv2%2Fcategories&post=7335"},{"taxonomy":"post_tag","embeddable":true,"href":"https:\/\/infonews.az\/index.php?rest_route=%2Fwp%2Fv2%2Ftags&post=7335"}],"curies":[{"name":"wp","href":"https:\/\/api.w.org\/{rel}","templated":true}]}}