{"id":7338,"date":"2021-04-14T22:54:32","date_gmt":"2021-04-14T18:54:32","guid":{"rendered":"https:\/\/infonews.az\/?p=7338"},"modified":"2021-04-15T23:05:58","modified_gmt":"2021-04-15T19:05:58","slug":"az%c9%99rbaycanli-bokscu-dunya-birinciliyind%c9%99-erm%c9%99ni-idmancini-m%c9%99glub-edib","status":"publish","type":"post","link":"https:\/\/infonews.az\/?p=7338","title":{"rendered":"Az\u0259rbaycanl\u0131 boks\u00e7u d\u00fcnya birinciliyind\u0259 erm\u0259ni idman\u00e7\u0131n\u0131 m\u0259\u011flub edib"},"content":{"rendered":"<p><span style=\"color: #ffffff;\">Az\u0259rbaycanl\u0131 boks\u00e7u d\u00fcnya birinciliyind\u0259 erm\u0259ni idman\u00e7\u0131n\u0131 m\u0259\u011flub edib<\/span><\/p>\n<p><a href=\"https:\/\/infonews.az\"><strong><span style=\"color: #ff0000;\">&#8220;\u0130NFONEWS&#8221;<\/span> <\/strong><\/a>x\u0259b\u0259r verir.<\/p>\n<p><em><strong>Pol\u015fan\u0131n Keltse \u015f\u0259h\u0259rind\u0259 g\u0259nc boks\u00e7ular aras\u0131nda d\u00fcnya birinciliyi davam edir.<\/strong><\/em><\/p>\n<p>Mundial\u0131n ikinci g\u00fcn\u00fcnd\u0259 Az\u0259rbaycan millisinin \u00fczv\u00fc \u018fli Zamanov (52 kq) ilk d\u00f6y\u00fc\u015f\u00fcn\u00fc ke\u00e7irib. Bu d\u00f6y\u00fc\u015fd\u0259 Avropa \u00e7empionumuz erm\u0259nistanl\u0131 Ruben Qarboyanla (Erm\u0259nistan) \u00fcz-\u00fcz\u0259 g\u0259lib. \u018f.Zamanov r\u0259qibini 3:0 (28:28, 29:27, 29:27, 29:27, 28:28) hesab\u0131 il\u0259 m\u0259\u011flub edib. O, s\u0259kkizd\u0259bir finalda ilk m\u0259rh\u0259l\u0259d\u0259n azad olan tailandl\u0131 Tanakon Aonyaeml\u0259 qar\u015f\u0131la\u015facaq. G\u00f6r\u00fc\u015f aprelin 15-d\u0259 ba\u015f tutacaq.<\/p>\n<p>Qeyd ed\u0259k ki, y\u0131\u011fmam\u0131z 52 \u00f6lk\u0259d\u0259n 414 (274 o\u011flan, 140 q\u0131z) boks\u00e7unun qat\u0131ld\u0131\u011f\u0131 d\u00fcnya birinciliyind\u0259 9 idman\u00e7\u0131 il\u0259 t\u0259msil olunur. Yar\u0131\u015f aprelin 23-d\u0259 ba\u015fa \u00e7atacaq.<\/p>\n","protected":false},"excerpt":{"rendered":"<p>Az\u0259rbaycanl\u0131 boks\u00e7u d\u00fcnya birinciliyind\u0259 erm\u0259ni idman\u00e7\u0131n\u0131 m\u0259\u011flub edib &#8220;\u0130NFONEWS&#8221; x\u0259b\u0259r verir. Pol\u015fan\u0131n Keltse \u015f\u0259h\u0259rind\u0259 g\u0259nc boks\u00e7ular aras\u0131nda d\u00fcnya birinciliyi davam edir. Mundial\u0131n ikinci g\u00fcn\u00fcnd\u0259 Az\u0259rbaycan millisinin \u00fczv\u00fc \u018fli Zamanov (52&hellip; <\/p>\n","protected":false},"author":3,"featured_media":7339,"comment_status":"open","ping_status":"open","sticky":false,"template":"","format":"standard","meta":{"_mi_skip_tracking":false,"_monsterinsights_sitenote_active":false,"_monsterinsights_sitenote_note":"","_monsterinsights_sitenote_category":0,"footnotes":""},"categories":[58,11],"tags":[3508,15],"aioseo_notices":[],"_links":{"self":[{"href":"https:\/\/infonews.az\/index.php?rest_route=\/wp\/v2\/posts\/7338"}],"collection":[{"href":"https:\/\/infonews.az\/index.php?rest_route=\/wp\/v2\/posts"}],"about":[{"href":"https:\/\/infonews.az\/index.php?rest_route=\/wp\/v2\/types\/post"}],"author":[{"embeddable":true,"href":"https:\/\/infonews.az\/index.php?rest_route=\/wp\/v2\/users\/3"}],"replies":[{"embeddable":true,"href":"https:\/\/infonews.az\/index.php?rest_route=%2Fwp%2Fv2%2Fcomments&post=7338"}],"version-history":[{"count":1,"href":"https:\/\/infonews.az\/index.php?rest_route=\/wp\/v2\/posts\/7338\/revisions"}],"predecessor-version":[{"id":7340,"href":"https:\/\/infonews.az\/index.php?rest_route=\/wp\/v2\/posts\/7338\/revisions\/7340"}],"wp:featuredmedia":[{"embeddable":true,"href":"https:\/\/infonews.az\/index.php?rest_route=\/wp\/v2\/media\/7339"}],"wp:attachment":[{"href":"https:\/\/infonews.az\/index.php?rest_route=%2Fwp%2Fv2%2Fmedia&parent=7338"}],"wp:term":[{"taxonomy":"category","embeddable":true,"href":"https:\/\/infonews.az\/index.php?rest_route=%2Fwp%2Fv2%2Fcategories&post=7338"},{"taxonomy":"post_tag","embeddable":true,"href":"https:\/\/infonews.az\/index.php?rest_route=%2Fwp%2Fv2%2Ftags&post=7338"}],"curies":[{"name":"wp","href":"https:\/\/api.w.org\/{rel}","templated":true}]}}