{"id":7357,"date":"2021-04-15T17:17:33","date_gmt":"2021-04-15T13:17:33","guid":{"rendered":"https:\/\/infonews.az\/?p=7357"},"modified":"2021-04-15T23:02:30","modified_gmt":"2021-04-15T19:02:30","slug":"yap-g%c9%99ncl%c9%99r-birliyinin-uzvl%c9%99ri-umummilli-lider-heyd%c9%99r-%c9%99liyevin-m%c9%99zarini-ziyar%c9%99t-edibl%c9%99r","status":"publish","type":"post","link":"https:\/\/infonews.az\/?p=7357","title":{"rendered":"YAP G\u0259ncl\u0259r Birliyinin \u00fczvl\u0259ri \u00fcmummilli lider Heyd\u0259r \u018fliyevin m\u0259zar\u0131n\u0131 ziyar\u0259t edibl\u0259r"},"content":{"rendered":"<h1 class=\"content-title\"><span style=\"color: #ffffff;\">YAP G\u0259ncl\u0259r Birliyinin \u00fczvl\u0259ri \u00fcmummilli lider Heyd\u0259r \u018fliyevin m\u0259zar\u0131n\u0131 ziyar\u0259t edibl\u0259r<\/span><\/h1>\n<p>&nbsp;<\/p>\n<p><a href=\"https:\/\/infonews.az\/\"><span style=\"color: #ff0000;\"><strong>&#8220;\u0130NFONEWS&#8221;<\/strong><\/span><\/a> x\u0259b\u0259r verir.<\/p>\n<p>Yeni Az\u0259rbaycan Partiyas\u0131 (YAP) G\u0259ncl\u0259r Birliyinin \u00fczvl\u0259ri aprelin 15-d\u0259 F\u0259xri xiyabanda m\u00fcasir m\u00fcst\u0259qil d\u00f6vl\u0259timizin memar\u0131 v\u0259 qurucusu, xalq\u0131m\u0131z\u0131n \u00fcmummilli lideri Heyd\u0259r \u018fliyevin xatir\u0259sini yad edib, m\u0259zar\u0131 \u00f6n\u00fcn\u0259 \u0259klil v\u0259 g\u00fcl d\u0259st\u0259l\u0259ri qoyublar.<\/p>\n<p>G\u00f6rk\u0259mli oftalmoloq-alim, akademik Z\u0259rif\u0259 xan\u0131m \u018fliyevan\u0131n da xatir\u0259si an\u0131l\u0131b, m\u0259zar\u0131 \u00fcz\u0259rin\u0259 t\u0259r g\u00fcll\u0259r d\u00fcz\u00fcl\u00fcb.<\/p>\n<p><img decoding=\"async\" src=\"https:\/\/azertag.az\/files\/galleryphoto\/2021\/1\/1000x669\/w_1616184916901698852696_1000x669.jpg\" \/><\/p>\n","protected":false},"excerpt":{"rendered":"<p>YAP G\u0259ncl\u0259r Birliyinin \u00fczvl\u0259ri \u00fcmummilli lider Heyd\u0259r \u018fliyevin m\u0259zar\u0131n\u0131 ziyar\u0259t edibl\u0259r &nbsp; &#8220;\u0130NFONEWS&#8221; x\u0259b\u0259r verir. Yeni Az\u0259rbaycan Partiyas\u0131 (YAP) G\u0259ncl\u0259r Birliyinin \u00fczvl\u0259ri aprelin 15-d\u0259 F\u0259xri xiyabanda m\u00fcasir m\u00fcst\u0259qil d\u00f6vl\u0259timizin memar\u0131&hellip; <\/p>\n","protected":false},"author":3,"featured_media":7358,"comment_status":"open","ping_status":"open","sticky":false,"template":"","format":"standard","meta":{"_mi_skip_tracking":false,"_monsterinsights_sitenote_active":false,"_monsterinsights_sitenote_note":"","_monsterinsights_sitenote_category":0,"footnotes":""},"categories":[6,11],"tags":[15,3488],"aioseo_notices":[],"_links":{"self":[{"href":"https:\/\/infonews.az\/index.php?rest_route=\/wp\/v2\/posts\/7357"}],"collection":[{"href":"https:\/\/infonews.az\/index.php?rest_route=\/wp\/v2\/posts"}],"about":[{"href":"https:\/\/infonews.az\/index.php?rest_route=\/wp\/v2\/types\/post"}],"author":[{"embeddable":true,"href":"https:\/\/infonews.az\/index.php?rest_route=\/wp\/v2\/users\/3"}],"replies":[{"embeddable":true,"href":"https:\/\/infonews.az\/index.php?rest_route=%2Fwp%2Fv2%2Fcomments&post=7357"}],"version-history":[{"count":2,"href":"https:\/\/infonews.az\/index.php?rest_route=\/wp\/v2\/posts\/7357\/revisions"}],"predecessor-version":[{"id":7360,"href":"https:\/\/infonews.az\/index.php?rest_route=\/wp\/v2\/posts\/7357\/revisions\/7360"}],"wp:featuredmedia":[{"embeddable":true,"href":"https:\/\/infonews.az\/index.php?rest_route=\/wp\/v2\/media\/7358"}],"wp:attachment":[{"href":"https:\/\/infonews.az\/index.php?rest_route=%2Fwp%2Fv2%2Fmedia&parent=7357"}],"wp:term":[{"taxonomy":"category","embeddable":true,"href":"https:\/\/infonews.az\/index.php?rest_route=%2Fwp%2Fv2%2Fcategories&post=7357"},{"taxonomy":"post_tag","embeddable":true,"href":"https:\/\/infonews.az\/index.php?rest_route=%2Fwp%2Fv2%2Ftags&post=7357"}],"curies":[{"name":"wp","href":"https:\/\/api.w.org\/{rel}","templated":true}]}}