{"id":7415,"date":"2021-04-16T15:57:16","date_gmt":"2021-04-16T11:57:16","guid":{"rendered":"https:\/\/infonews.az\/?p=7415"},"modified":"2021-04-16T20:02:36","modified_gmt":"2021-04-16T16:02:36","slug":"medianin-inkisafi-agentliyind%c9%99-yeni-t%c9%99yinat","status":"publish","type":"post","link":"https:\/\/infonews.az\/?p=7415","title":{"rendered":"Median\u0131n \u0130nki\u015faf\u0131 Agentliyind\u0259 yeni t\u0259yinat"},"content":{"rendered":"<p><span style=\"color: #ffffff;\">Median\u0131n \u0130nki\u015faf\u0131 Agentliyind\u0259 yeni t\u0259yinat<\/span><\/p>\n<p><a href=\"https:\/\/infonews.az\"><strong><span style=\"color: #ff0000;\">&#8220;\u0130NFONEWS&#8221;<\/span><\/strong><\/a> x\u0259b\u0259r verir.<\/p>\n<p><strong>Tan\u0131nm\u0131\u015f jurnalist Natiq M\u0259mm\u0259dli Median\u0131n \u0130nki\u015faf\u0131 Agentliyind\u0259 (MED\u0130A) v\u0259zif\u0259y\u0259 t\u0259yin olunub.<\/strong><\/p>\n<p>Bu bar\u0259d\u0259 N.M\u0259mm\u0259dli &#8220;Facebook&#8221; hesab\u0131nda m\u0259lumat payla\u015f\u0131b.<\/p>\n<p>&#8220;25 illik jurnalistlik f\u0259aliyy\u0259timd\u0259 yeni, daha m\u0259suliyy\u0259tli m\u0259rh\u0259l\u0259y\u0259 q\u0259d\u0259m qoyuram. Az\u0259rbaycan Respublikas\u0131n\u0131n Median\u0131n \u0130nki\u015faf\u0131 Agentliyind\u0259 Media subyektl\u0259ri v\u0259 jurnalistl\u0259rl\u0259 i\u015f \u015f\u00f6b\u0259sinin m\u00fcdiri kimi f\u0259aliyy\u0259t\u0259 ba\u015flay\u0131ram. Bu ke\u00e7diyim h\u0259yat yoluna, t\u0259cr\u00fcb\u0259m\u0259 v\u0259 pe\u015f\u0259karl\u0131\u011f\u0131ma g\u00f6st\u0259ril\u0259n b\u00f6y\u00fck etimadd\u0131r. Yeni d\u00fc\u015f\u00fcnc\u0259li, v\u0259t\u0259np\u0259rv\u0259r, intellektual komandan\u0131n \u00fczv\u00fc kimi bu etimad\u0131 do\u011frultmaq \u00fc\u00e7\u00fcn s\u0259yl\u0259rimi \u0259sirg\u0259m\u0259y\u0259c\u0259y\u0259m. M\u0259suliyy\u0259ti d\u0259rk etm\u0259k v\u0259 vicdanla \u00e7al\u0131\u015fmaq \u2013 m\u0259nim k\u00f6hn\u0259 prinsipimdir, yeni i\u015fimd\u0259 d\u0259 ona sadiq qalaca\u011fam&#8221;, &#8211; jurnalist bildirib.<\/p>\n","protected":false},"excerpt":{"rendered":"<p>Median\u0131n \u0130nki\u015faf\u0131 Agentliyind\u0259 yeni t\u0259yinat &#8220;\u0130NFONEWS&#8221; x\u0259b\u0259r verir. Tan\u0131nm\u0131\u015f jurnalist Natiq M\u0259mm\u0259dli Median\u0131n \u0130nki\u015faf\u0131 Agentliyind\u0259 (MED\u0130A) v\u0259zif\u0259y\u0259 t\u0259yin olunub. Bu bar\u0259d\u0259 N.M\u0259mm\u0259dli &#8220;Facebook&#8221; hesab\u0131nda m\u0259lumat payla\u015f\u0131b. &#8220;25 illik jurnalistlik f\u0259aliyy\u0259timd\u0259&hellip; <\/p>\n","protected":false},"author":3,"featured_media":7416,"comment_status":"open","ping_status":"open","sticky":false,"template":"","format":"standard","meta":{"_mi_skip_tracking":false,"_monsterinsights_sitenote_active":false,"_monsterinsights_sitenote_note":"","_monsterinsights_sitenote_category":0,"footnotes":""},"categories":[1],"tags":[15,4227,4229],"aioseo_notices":[],"_links":{"self":[{"href":"https:\/\/infonews.az\/index.php?rest_route=\/wp\/v2\/posts\/7415"}],"collection":[{"href":"https:\/\/infonews.az\/index.php?rest_route=\/wp\/v2\/posts"}],"about":[{"href":"https:\/\/infonews.az\/index.php?rest_route=\/wp\/v2\/types\/post"}],"author":[{"embeddable":true,"href":"https:\/\/infonews.az\/index.php?rest_route=\/wp\/v2\/users\/3"}],"replies":[{"embeddable":true,"href":"https:\/\/infonews.az\/index.php?rest_route=%2Fwp%2Fv2%2Fcomments&post=7415"}],"version-history":[{"count":1,"href":"https:\/\/infonews.az\/index.php?rest_route=\/wp\/v2\/posts\/7415\/revisions"}],"predecessor-version":[{"id":7417,"href":"https:\/\/infonews.az\/index.php?rest_route=\/wp\/v2\/posts\/7415\/revisions\/7417"}],"wp:featuredmedia":[{"embeddable":true,"href":"https:\/\/infonews.az\/index.php?rest_route=\/wp\/v2\/media\/7416"}],"wp:attachment":[{"href":"https:\/\/infonews.az\/index.php?rest_route=%2Fwp%2Fv2%2Fmedia&parent=7415"}],"wp:term":[{"taxonomy":"category","embeddable":true,"href":"https:\/\/infonews.az\/index.php?rest_route=%2Fwp%2Fv2%2Fcategories&post=7415"},{"taxonomy":"post_tag","embeddable":true,"href":"https:\/\/infonews.az\/index.php?rest_route=%2Fwp%2Fv2%2Ftags&post=7415"}],"curies":[{"name":"wp","href":"https:\/\/api.w.org\/{rel}","templated":true}]}}