{"id":7591,"date":"2021-04-21T14:30:44","date_gmt":"2021-04-21T10:30:44","guid":{"rendered":"https:\/\/infonews.az\/?p=7591"},"modified":"2021-04-21T15:14:36","modified_gmt":"2021-04-21T11:14:36","slug":"az%c9%99rbaycanda-aktyor-v%c9%99-qardasi-koronavirusdan-olub","status":"publish","type":"post","link":"https:\/\/infonews.az\/?p=7591","title":{"rendered":"Az\u0259rbaycanda aktyor v\u0259 qarda\u015f\u0131 koronavirusdan \u00f6l\u00fcb"},"content":{"rendered":"<h1 class=\"news-title\"><span style=\"color: #ffffff;\">Az\u0259rbaycanda aktyor v\u0259 qarda\u015f\u0131 koronavirusdan \u00f6l\u00fcb.<\/span><\/h1>\n<p><span style=\"color: #ff0000;\"><strong>&#8220;INFONEWS&#8221;<\/strong><\/span> x\u0259b\u0259r verir.<\/p>\n<p>G\u0259nc Tama\u015fa\u00e7\u0131lar Teatr\u0131n\u0131n aktyoru\u00a0<strong>\u018fl\u0259sg\u0259r Qurban\u0259liyev<\/strong>\u00a073 ya\u015f\u0131nda v\u0259fat edib.<\/p>\n<p>Bu bar\u0259d\u0259\u00a0teatrdan m\u0259lumat verilib.<\/p>\n<p>Aktyor bu g\u00fcn koronavirus x\u0259st\u0259liyind\u0259n d\u00fcnyas\u0131n\u0131 d\u0259yi\u015fib.<\/p>\n<p>H\u0259m\u00e7inin bildirilib ki, bir m\u00fcdd\u0259t \u0259vv\u0259l \u018f.Qurban\u0259liyevin qarda\u015f\u0131 da COVID-19-dan v\u0259fat edib.<\/p>\n<p>Qeyd ed\u0259k ki, \u018fl\u0259sg\u0259r Qurban\u0259liyev 1948-ci ild\u0259 Ab\u015feron rayonunun Qobu q\u0259s\u0259b\u0259sind\u0259 anadan olub. O, 1971-ci ild\u0259 Az\u0259rbaycan D\u00f6vl\u0259t \u0130nc\u0259s\u0259n\u0259t Universitetinin &#8220;Dram v\u0259 kino aktyorlu\u011fu&#8221; fak\u00fclt\u0259sini bitirib. \u018fvv\u0259ll\u0259r Sumqay\u0131t D\u00f6vl\u0259t Dram Teatr\u0131nda i\u015fl\u0259y\u0259n aktyor 1979-cu ild\u0259n G\u0259nc Tama\u015fa\u00e7\u0131lar Teatr\u0131nda aktyor kimi f\u0259aliyy\u0259t\u0259 ba\u015flay\u0131b.<\/p>\n<p>Allah r\u0259hm\u0259t el\u0259sin!<\/p>\n","protected":false},"excerpt":{"rendered":"<p>Az\u0259rbaycanda aktyor v\u0259 qarda\u015f\u0131 koronavirusdan \u00f6l\u00fcb. &#8220;INFONEWS&#8221; x\u0259b\u0259r verir. G\u0259nc Tama\u015fa\u00e7\u0131lar Teatr\u0131n\u0131n aktyoru\u00a0\u018fl\u0259sg\u0259r Qurban\u0259liyev\u00a073 ya\u015f\u0131nda v\u0259fat edib. Bu bar\u0259d\u0259\u00a0teatrdan m\u0259lumat verilib. Aktyor bu g\u00fcn koronavirus x\u0259st\u0259liyind\u0259n d\u00fcnyas\u0131n\u0131 d\u0259yi\u015fib. H\u0259m\u00e7inin bildirilib&hellip; <\/p>\n","protected":false},"author":3,"featured_media":7592,"comment_status":"open","ping_status":"open","sticky":false,"template":"","format":"standard","meta":{"_mi_skip_tracking":false,"_monsterinsights_sitenote_active":false,"_monsterinsights_sitenote_note":"","_monsterinsights_sitenote_category":0,"footnotes":""},"categories":[330,10],"tags":[276],"aioseo_notices":[],"_links":{"self":[{"href":"https:\/\/infonews.az\/index.php?rest_route=\/wp\/v2\/posts\/7591"}],"collection":[{"href":"https:\/\/infonews.az\/index.php?rest_route=\/wp\/v2\/posts"}],"about":[{"href":"https:\/\/infonews.az\/index.php?rest_route=\/wp\/v2\/types\/post"}],"author":[{"embeddable":true,"href":"https:\/\/infonews.az\/index.php?rest_route=\/wp\/v2\/users\/3"}],"replies":[{"embeddable":true,"href":"https:\/\/infonews.az\/index.php?rest_route=%2Fwp%2Fv2%2Fcomments&post=7591"}],"version-history":[{"count":1,"href":"https:\/\/infonews.az\/index.php?rest_route=\/wp\/v2\/posts\/7591\/revisions"}],"predecessor-version":[{"id":7593,"href":"https:\/\/infonews.az\/index.php?rest_route=\/wp\/v2\/posts\/7591\/revisions\/7593"}],"wp:featuredmedia":[{"embeddable":true,"href":"https:\/\/infonews.az\/index.php?rest_route=\/wp\/v2\/media\/7592"}],"wp:attachment":[{"href":"https:\/\/infonews.az\/index.php?rest_route=%2Fwp%2Fv2%2Fmedia&parent=7591"}],"wp:term":[{"taxonomy":"category","embeddable":true,"href":"https:\/\/infonews.az\/index.php?rest_route=%2Fwp%2Fv2%2Fcategories&post=7591"},{"taxonomy":"post_tag","embeddable":true,"href":"https:\/\/infonews.az\/index.php?rest_route=%2Fwp%2Fv2%2Ftags&post=7591"}],"curies":[{"name":"wp","href":"https:\/\/api.w.org\/{rel}","templated":true}]}}