{"id":7716,"date":"2021-04-24T05:00:25","date_gmt":"2021-04-24T01:00:25","guid":{"rendered":"https:\/\/infonews.az\/?p=7716"},"modified":"2021-04-24T10:34:16","modified_gmt":"2021-04-24T06:34:16","slug":"meksika-televiziyasinda-qafqazda-munaqis%c9%99d%c9%99n-sonraki-v%c9%99ziyy%c9%99td%c9%99n-v%c9%99-az%c9%99rbaycanin-%c9%99sas-h%c9%99d%c9%99fl%c9%99rind%c9%99n-danisilib","status":"publish","type":"post","link":"https:\/\/infonews.az\/?p=7716","title":{"rendered":"Meksika televiziyas\u0131nda Qafqazda m\u00fcnaqi\u015f\u0259d\u0259n sonrak\u0131 v\u0259ziyy\u0259td\u0259n v\u0259 Az\u0259rbaycan\u0131n \u0259sas h\u0259d\u0259fl\u0259rind\u0259n dan\u0131\u015f\u0131l\u0131b"},"content":{"rendered":"<h1 class=\"news-item-title\"><span style=\"color: #ffffff;\">Meksika televiziyas\u0131nda Qafqazda m\u00fcnaqi\u015f\u0259d\u0259n sonrak\u0131 v\u0259ziyy\u0259td\u0259n v\u0259 Az\u0259rbaycan\u0131n \u0259sas h\u0259d\u0259fl\u0259rind\u0259n dan\u0131\u015f\u0131l\u0131b<\/span><\/h1>\n<p><a href=\"http:\/\/\u0130nfonews\"><strong><span style=\"color: #ff0000;\">&#8220;\u0130NFONEWS&#8221;<\/span><\/strong><\/a> x\u0259b\u0259r verir.<\/p>\n<p>Meksikan\u0131n geni\u015f izl\u0259yici k\u00fctl\u0259sin\u0259 malik \u201cCanal Once\u201d d\u00f6vl\u0259t televiziyas\u0131n\u0131n \u201cX\u0259b\u0259rl\u0259r\u201d proqram\u0131nda Qafqaz regionunda m\u00fcnaqi\u015f\u0259d\u0259n sonrak\u0131 v\u0259ziyy\u0259t v\u0259 Az\u0259rbaycan\u0131n azad edilmi\u015f \u0259razil\u0259rind\u0259ki \u0259sas h\u0259d\u0259fl\u0259ri bar\u0259d\u0259 s\u0259fir M\u0259mm\u0259d Tal\u0131bovun m\u00fcsahib\u0259si yay\u0131mlan\u0131b.<br \/>\n\u00d6lk\u0259mizin Meksikadak\u0131 s\u0259firliyind\u0259n bildiribl\u0259r ki, m\u00fcsahib\u0259d\u0259 i\u015f\u011faldan azad edilmi\u015f \u0259razil\u0259rd\u0259 Az\u0259rbaycan\u0131n qar\u015f\u0131s\u0131nda duran \u0259n \u00fcmd\u0259 m\u0259qs\u0259dl\u0259rin bu torpaqlarda ya\u015fay\u0131\u015f infrastrukturunun yenid\u0259n qurulmas\u0131 v\u0259 az\u0259rbaycanl\u0131 m\u0259cburi k\u00f6\u00e7k\u00fcnl\u0259rin t\u0259hl\u00fck\u0259siz \u015f\u0259kild\u0259 \u00f6z yurdlar\u0131na qay\u0131tmas\u0131n\u0131n t\u0259min edilm\u0259si oldu\u011fu bildirilib.<br \/>\nBununla bel\u0259, bu h\u0259d\u0259fl\u0259rin q\u0131sa zamanda realla\u015fd\u0131r\u0131lmas\u0131 \u00fc\u00e7\u00fcn ciddi mane\u0259l\u0259rin m\u00f6vcud oldu\u011fu, bu x\u00fcsusda, 30 il\u0259 yax\u0131n i\u015f\u011fal m\u00fcdd\u0259tind\u0259 bu \u0259razil\u0259rin infrastrukturunun tamamil\u0259 da\u011f\u0131d\u0131ld\u0131\u011f\u0131, tarixi-m\u0259d\u0259ni irsimizin b\u00f6y\u00fck \u00f6l\u00e7\u00fcd\u0259 m\u0259hv edildiyi, habel\u0259 \u0259razinin tamamil\u0259 minaland\u0131\u011f\u0131, haz\u0131rda Erm\u0259nistan\u0131n beyn\u0259lxalq humanitar h\u00fcququn t\u0259l\u0259bl\u0259rin\u0259 zidd olaraq minalanm\u0131\u015f \u0259razil\u0259rin x\u0259rit\u0259sini verm\u0259kd\u0259n boyun qa\u00e7\u0131rd\u0131\u011f\u0131 diqq\u0259t\u0259 \u00e7atd\u0131r\u0131l\u0131b.<br \/>\nQeyd edilib ki, regionda davaml\u0131 s\u00fclh v\u0259 t\u0259hl\u00fck\u0259sizliyin t\u0259min edilm\u0259si \u00fc\u00e7\u00fcn Erm\u0259nistan t\u0259cav\u00fczkar siyas\u0259tind\u0259n \u0259l \u00e7\u0259km\u0259li, Az\u0259rbaycan\u0131n \u0259razi b\u00fct\u00f6vl\u00fcy\u00fcn\u00fc tan\u0131mal\u0131 v\u0259 xalq\u0131n\u0131 bar\u0131\u015f\u0131\u011fa haz\u0131rlamal\u0131d\u0131r.<br \/>\nM\u00fcxbirin Almaniya Kansleri Angela Merkelin A\u015ePA-dak\u0131 \u00e7\u0131x\u0131\u015f\u0131 zaman\u0131 beyn\u0259lxalq h\u00fcququn fundamental prinsipl\u0259rinin pozulmas\u0131ndan dan\u0131\u015fark\u0259n Qaraba\u011f\u0131 n\u00fcmun\u0259 g\u00f6st\u0259rm\u0259si il\u0259 ba\u011fl\u0131 suala m\u00fcnasib\u0259t bildir\u0259n s\u0259fir Az\u0259rbaycan\u0131n 30 il\u0259 yax\u0131n m\u00fcdd\u0259td\u0259 m\u0259hz bu vacib m\u0259qama diqq\u0259t \u00e7\u0259km\u0259y\u0259 \u00e7al\u0131\u015fd\u0131\u011f\u0131n\u0131 qeyd edib, davaml\u0131 s\u00fclh \u00fc\u00e7\u00fcn yegan\u0259 yolun d\u00f6vl\u0259tl\u0259rin \u0259razi b\u00fct\u00f6vl\u00fcy\u00fc v\u0259 suverenliyin\u0259 h\u00f6rm\u0259t edilm\u0259si oldu\u011fu bildirilib.<\/p>\n","protected":false},"excerpt":{"rendered":"<p>Meksika televiziyas\u0131nda Qafqazda m\u00fcnaqi\u015f\u0259d\u0259n sonrak\u0131 v\u0259ziyy\u0259td\u0259n v\u0259 Az\u0259rbaycan\u0131n \u0259sas h\u0259d\u0259fl\u0259rind\u0259n dan\u0131\u015f\u0131l\u0131b &#8220;\u0130NFONEWS&#8221; x\u0259b\u0259r verir. Meksikan\u0131n geni\u015f izl\u0259yici k\u00fctl\u0259sin\u0259 malik \u201cCanal Once\u201d d\u00f6vl\u0259t televiziyas\u0131n\u0131n \u201cX\u0259b\u0259rl\u0259r\u201d proqram\u0131nda Qafqaz regionunda m\u00fcnaqi\u015f\u0259d\u0259n sonrak\u0131 v\u0259ziyy\u0259t&hellip; <\/p>\n","protected":false},"author":3,"featured_media":0,"comment_status":"open","ping_status":"open","sticky":false,"template":"","format":"standard","meta":{"_mi_skip_tracking":false,"_monsterinsights_sitenote_active":false,"_monsterinsights_sitenote_note":"","_monsterinsights_sitenote_category":0,"footnotes":""},"categories":[11],"tags":[276],"aioseo_notices":[],"_links":{"self":[{"href":"https:\/\/infonews.az\/index.php?rest_route=\/wp\/v2\/posts\/7716"}],"collection":[{"href":"https:\/\/infonews.az\/index.php?rest_route=\/wp\/v2\/posts"}],"about":[{"href":"https:\/\/infonews.az\/index.php?rest_route=\/wp\/v2\/types\/post"}],"author":[{"embeddable":true,"href":"https:\/\/infonews.az\/index.php?rest_route=\/wp\/v2\/users\/3"}],"replies":[{"embeddable":true,"href":"https:\/\/infonews.az\/index.php?rest_route=%2Fwp%2Fv2%2Fcomments&post=7716"}],"version-history":[{"count":1,"href":"https:\/\/infonews.az\/index.php?rest_route=\/wp\/v2\/posts\/7716\/revisions"}],"predecessor-version":[{"id":7717,"href":"https:\/\/infonews.az\/index.php?rest_route=\/wp\/v2\/posts\/7716\/revisions\/7717"}],"wp:attachment":[{"href":"https:\/\/infonews.az\/index.php?rest_route=%2Fwp%2Fv2%2Fmedia&parent=7716"}],"wp:term":[{"taxonomy":"category","embeddable":true,"href":"https:\/\/infonews.az\/index.php?rest_route=%2Fwp%2Fv2%2Fcategories&post=7716"},{"taxonomy":"post_tag","embeddable":true,"href":"https:\/\/infonews.az\/index.php?rest_route=%2Fwp%2Fv2%2Ftags&post=7716"}],"curies":[{"name":"wp","href":"https:\/\/api.w.org\/{rel}","templated":true}]}}