{"id":7732,"date":"2021-04-24T16:05:51","date_gmt":"2021-04-24T12:05:51","guid":{"rendered":"https:\/\/infonews.az\/?p=7732"},"modified":"2021-04-24T22:47:55","modified_gmt":"2021-04-24T18:47:55","slug":"uefa-super-liqa-klublarina-qarsi-c%c9%99za-t%c9%99tbiq-ed%c9%99-bil%c9%99r","status":"publish","type":"post","link":"https:\/\/infonews.az\/?p=7732","title":{"rendered":"UEFA Super Liqa klublar\u0131na qar\u015f\u0131 c\u0259za t\u0259tbiq ed\u0259 bil\u0259r"},"content":{"rendered":"<h1 class=\"news-item-title\"><span style=\"color: #ffffff;\">UEFA Super Liqa klublar\u0131na qar\u015f\u0131 c\u0259za t\u0259tbiq ed\u0259 bil\u0259r<\/span><\/h1>\n<p><a href=\"https:\/\/infonews.az\/\"><strong><span style=\"color: #ff0000;\">&#8220;\u0130NFONEWS&#8221;<\/span><\/strong><\/a> Az\u0259rtac&#8217;a istinad\u0259n x\u0259b\u0259r verir.<\/p>\n<div class=\"content-back ui-content\" role=\"main\" data-role=\"content\">\n<div class=\"ui-shadow ui-body body-back \">\n<p>UEFA prezidenti Aleksander \u00c7eferin n\u00f6vb\u0259ti h\u0259ft\u0259 Super Liqan\u0131n yarad\u0131lmas\u0131 ideyas\u0131ndan h\u0259l\u0259 d\u0259 \u0259l \u00e7\u0259km\u0259y\u0259n klublara qar\u015f\u0131 c\u0259za t\u0259tbiqinin m\u00fczakir\u0259 edil\u0259c\u0259yini bildirib.<br \/>\nO, UEFA-n\u0131n haz\u0131rda h\u00fcquqi qiym\u0259tl\u0259ndirm\u0259nin n\u0259tic\u0259sini g\u00f6zl\u0259yir v\u0259 onun \u0259sas\u0131nda q\u0259rar q\u0259bul ed\u0259c\u0259kdir. A.\u00c7eferin Asso\u015fieyted Press Agentliyin\u0259 verdiyi m\u00fcsahib\u0259d\u0259, h\u0259m\u00e7inin qeyd edib ki, h\u0259r k\u0259s \u00f6z q\u0259rarlar\u0131ndan do\u011fan n\u0259tic\u0259l\u0259r\u0259 g\u00f6r\u0259 m\u0259suliyy\u0259t da\u015f\u0131mal\u0131d\u0131r v\u0259 klublar bunu yax\u015f\u0131 bilirl\u0259r.<br \/>\nPrezident qeyd edib ki, UEFA \u0130craiyy\u0259 Komit\u0259sinin iclas\u0131nda Super Liqan\u0131n yarad\u0131lmas\u0131nda i\u015ftirak ed\u0259n klublar\u0131n yerl\u0259\u015fdiyi \u00f6lk\u0259l\u0259rin milli federasiya v\u0259 liqalar\u0131 il\u0259 m\u00fczakir\u0259l\u0259r bar\u0259d\u0259 d\u0259 q\u0259rar q\u0259bul edilib. M\u0259qs\u0259d m\u00fcvafiq liqa, federasiya v\u0259 UEFA-n\u0131n bu prosesl\u0259 ba\u011fl\u0131 hans\u0131 add\u0131mla ata bil\u0259c\u0259yini m\u00fc\u0259yy\u0259n etm\u0259kdir: \u201cKlublar Super Liqada oynamaq, yaxud da Avropa klubu olaraq qalmaq bar\u0259d\u0259 q\u0259rar verm\u0259lidirl\u0259r. \u018fg\u0259r onlar Super Liqada olacaqlarsa, onda t\u0259bii ki, \u00c7empionlar Liqas\u0131nda i\u015ftirak ed\u0259 bilm\u0259y\u0259c\u0259kl\u0259r.\u201d 53 ya\u015fl\u0131 sloveniyal\u0131 UEFA r\u0259hb\u0259ri bununla da Super Liqa layih\u0259sind\u0259n h\u0259l\u0259lik r\u0259smi imtina etm\u0259mi\u015f \u0130spaniyan\u0131n \u201cBarselona\u201d v\u0259 \u201cReal Madrid\u201d v\u0259 \u0130taliyan\u0131n \u201cYuventus\u201d, \u201cMilan\u201d v\u0259 \u201c\u0130nter\u201d klublar\u0131n\u0131 n\u0259z\u0259rd\u0259 tutub. O, bu layih\u0259d\u0259 i\u015ftirak ed\u0259n v\u0259 s\u0259hvl\u0259rini anlayaraq imtina ed\u0259n dig\u0259r klublarla ba\u011fl\u0131 m\u0259s\u0259l\u0259nin is\u0259 tam f\u0259rqli oldu\u011funu s\u00f6yl\u0259yib.<br \/>\nSuper Liqa layih\u0259sinin \u0259sas t\u0259\u015f\u0259bb\u00fcskar\u0131, \u201cReal Madrid\u201d klubunun prezidenti Florentino Perez ilkin olaraq Avropan\u0131n 12 apar\u0131c\u0131 klubunun qo\u015fuldu\u011fu v\u0259 haz\u0131rda ciddi t\u0259nqidl\u0259r\u0259 m\u0259ruz qalan ideyan\u0131n iflasa u\u011frad\u0131\u011f\u0131 fikrini r\u0259dd edib. \u00d6z\u00fcn\u00fc Avropada futbolun xilaskar\u0131 hesab ed\u0259n F.Perezin bu layih\u0259si ilk n\u00f6vb\u0259d\u0259 \u0259z\u0259li r\u0259qib \u201cBarselona\u201c klubu t\u0259r\u0259find\u0259n d\u0259st\u0259kl\u0259nir.<br \/>\nQeyd ed\u0259k ki, aprelin 19-da Avropan\u0131n on iki futbol klubu Super Liqan\u0131n yarad\u0131ld\u0131\u011f\u0131n\u0131 b\u0259yan edib. Bu q\u0259rar UEFA-n\u0131n etiraz\u0131na s\u0259b\u0259b olub. \u201cReal Madrid\u201d v\u0259 \u201cBarselona\u201c klublar\u0131 istisna olmaqla, bu layih\u0259y\u0259 qo\u015fulan B\u00f6y\u00fck Britaniya, \u0130taliya v\u0259 \u0130spaniya klublar\u0131 r\u0259smi v\u0259 ya qeyri-r\u0259smi \u015f\u0259kild\u0259 daha bu ideyan\u0131n t\u0259rkib hiss\u0259si olmad\u0131qlar\u0131n\u0131 b\u0259yan edibl\u0259r.<\/p>\n<\/div>\n<\/div>\n","protected":false},"excerpt":{"rendered":"<p>UEFA Super Liqa klublar\u0131na qar\u015f\u0131 c\u0259za t\u0259tbiq ed\u0259 bil\u0259r &#8220;\u0130NFONEWS&#8221; Az\u0259rtac&#8217;a istinad\u0259n x\u0259b\u0259r verir. UEFA prezidenti Aleksander \u00c7eferin n\u00f6vb\u0259ti h\u0259ft\u0259 Super Liqan\u0131n yarad\u0131lmas\u0131 ideyas\u0131ndan h\u0259l\u0259 d\u0259 \u0259l \u00e7\u0259km\u0259y\u0259n klublara qar\u015f\u0131&hellip; <\/p>\n","protected":false},"author":3,"featured_media":7733,"comment_status":"open","ping_status":"open","sticky":false,"template":"","format":"standard","meta":{"_mi_skip_tracking":false,"_monsterinsights_sitenote_active":false,"_monsterinsights_sitenote_note":"","_monsterinsights_sitenote_category":0,"footnotes":""},"categories":[58,11],"tags":[276],"aioseo_notices":[],"_links":{"self":[{"href":"https:\/\/infonews.az\/index.php?rest_route=\/wp\/v2\/posts\/7732"}],"collection":[{"href":"https:\/\/infonews.az\/index.php?rest_route=\/wp\/v2\/posts"}],"about":[{"href":"https:\/\/infonews.az\/index.php?rest_route=\/wp\/v2\/types\/post"}],"author":[{"embeddable":true,"href":"https:\/\/infonews.az\/index.php?rest_route=\/wp\/v2\/users\/3"}],"replies":[{"embeddable":true,"href":"https:\/\/infonews.az\/index.php?rest_route=%2Fwp%2Fv2%2Fcomments&post=7732"}],"version-history":[{"count":3,"href":"https:\/\/infonews.az\/index.php?rest_route=\/wp\/v2\/posts\/7732\/revisions"}],"predecessor-version":[{"id":7736,"href":"https:\/\/infonews.az\/index.php?rest_route=\/wp\/v2\/posts\/7732\/revisions\/7736"}],"wp:featuredmedia":[{"embeddable":true,"href":"https:\/\/infonews.az\/index.php?rest_route=\/wp\/v2\/media\/7733"}],"wp:attachment":[{"href":"https:\/\/infonews.az\/index.php?rest_route=%2Fwp%2Fv2%2Fmedia&parent=7732"}],"wp:term":[{"taxonomy":"category","embeddable":true,"href":"https:\/\/infonews.az\/index.php?rest_route=%2Fwp%2Fv2%2Fcategories&post=7732"},{"taxonomy":"post_tag","embeddable":true,"href":"https:\/\/infonews.az\/index.php?rest_route=%2Fwp%2Fv2%2Ftags&post=7732"}],"curies":[{"name":"wp","href":"https:\/\/api.w.org\/{rel}","templated":true}]}}