{"id":7775,"date":"2021-04-26T18:59:51","date_gmt":"2021-04-26T14:59:51","guid":{"rendered":"https:\/\/infonews.az\/?p=7775"},"modified":"2021-04-26T22:15:40","modified_gmt":"2021-04-26T18:15:40","slug":"m%c9%99shur-musiqici-x%c9%99rc%c9%99ngd%c9%99n-v%c9%99fat-etdi","status":"publish","type":"post","link":"https:\/\/infonews.az\/?p=7775","title":{"rendered":"M\u0259\u015fhur musiqi\u00e7i x\u0259r\u00e7\u0259ngd\u0259n v\u0259fat etdi"},"content":{"rendered":"<p><span style=\"color: #ffffff;\">M\u0259\u015fhur musiqi\u00e7i x\u0259r\u00e7\u0259ngd\u0259n v\u0259fat etdi<\/span><\/p>\n<blockquote><p><b>M\u0259\u015fhur t\u00fcrkiy\u0259li musiqi\u00e7i As\u0131m Ekren v\u0259fat edib.<\/b><\/p><\/blockquote>\n<p><a href=\"https:\/\/infonews.az\/?p=7775\"><strong><span style=\"color: #ff0000;\">&#8220;\u0130NFONEWS&#8221;<\/span><\/strong><\/a> x\u0259b\u0259r verir ki, T\u00fcrkiy\u0259nin ke\u00e7mi\u015f prezidenti Turqut \u00d6zal\u0131n q\u0131z\u0131 Zeynep \u00d6zalla ail\u0259li olan Ekren bu g\u00fcn d\u00fcnyas\u0131n\u0131 d\u0259yi\u015fib.<br \/>\nBir vaxtlar &#8220;milli k\u00fcr\u0259k\u0259n&#8221; adland\u0131r\u0131lan Ekren daha sonra Zeynep \u00d6zaldan ayr\u0131lm\u0131\u015fd\u0131. O, 2011-ci ild\u0259 x\u0259r\u00e7\u0259ng x\u0259st\u0259liyi oldu\u011funu \u00f6yr\u0259nib. Uzun m\u00fcdd\u0259tdir m\u00fcalic\u0259 \u00fc\u00e7\u00fcn \u0130stanbulda ya\u015fay\u0131rd\u0131.<\/p>\n","protected":false},"excerpt":{"rendered":"<p>M\u0259\u015fhur musiqi\u00e7i x\u0259r\u00e7\u0259ngd\u0259n v\u0259fat etdi M\u0259\u015fhur t\u00fcrkiy\u0259li musiqi\u00e7i As\u0131m Ekren v\u0259fat edib. &#8220;\u0130NFONEWS&#8221; x\u0259b\u0259r verir ki, T\u00fcrkiy\u0259nin ke\u00e7mi\u015f prezidenti Turqut \u00d6zal\u0131n q\u0131z\u0131 Zeynep \u00d6zalla ail\u0259li olan Ekren bu g\u00fcn d\u00fcnyas\u0131n\u0131&hellip; <\/p>\n","protected":false},"author":3,"featured_media":7776,"comment_status":"open","ping_status":"open","sticky":false,"template":"","format":"standard","meta":{"_mi_skip_tracking":false,"_monsterinsights_sitenote_active":false,"_monsterinsights_sitenote_note":"","_monsterinsights_sitenote_category":0,"footnotes":""},"categories":[9,11],"tags":[15,12],"aioseo_notices":[],"_links":{"self":[{"href":"https:\/\/infonews.az\/index.php?rest_route=\/wp\/v2\/posts\/7775"}],"collection":[{"href":"https:\/\/infonews.az\/index.php?rest_route=\/wp\/v2\/posts"}],"about":[{"href":"https:\/\/infonews.az\/index.php?rest_route=\/wp\/v2\/types\/post"}],"author":[{"embeddable":true,"href":"https:\/\/infonews.az\/index.php?rest_route=\/wp\/v2\/users\/3"}],"replies":[{"embeddable":true,"href":"https:\/\/infonews.az\/index.php?rest_route=%2Fwp%2Fv2%2Fcomments&post=7775"}],"version-history":[{"count":1,"href":"https:\/\/infonews.az\/index.php?rest_route=\/wp\/v2\/posts\/7775\/revisions"}],"predecessor-version":[{"id":7777,"href":"https:\/\/infonews.az\/index.php?rest_route=\/wp\/v2\/posts\/7775\/revisions\/7777"}],"wp:featuredmedia":[{"embeddable":true,"href":"https:\/\/infonews.az\/index.php?rest_route=\/wp\/v2\/media\/7776"}],"wp:attachment":[{"href":"https:\/\/infonews.az\/index.php?rest_route=%2Fwp%2Fv2%2Fmedia&parent=7775"}],"wp:term":[{"taxonomy":"category","embeddable":true,"href":"https:\/\/infonews.az\/index.php?rest_route=%2Fwp%2Fv2%2Fcategories&post=7775"},{"taxonomy":"post_tag","embeddable":true,"href":"https:\/\/infonews.az\/index.php?rest_route=%2Fwp%2Fv2%2Ftags&post=7775"}],"curies":[{"name":"wp","href":"https:\/\/api.w.org\/{rel}","templated":true}]}}