{"id":7823,"date":"2021-04-27T14:19:24","date_gmt":"2021-04-27T10:19:24","guid":{"rendered":"https:\/\/infonews.az\/?p=7823"},"modified":"2021-04-27T15:55:10","modified_gmt":"2021-04-27T11:55:10","slug":"prezident-ail%c9%99si-il%c9%99-c%c9%99brayil-v%c9%99-z%c9%99ngilanda","status":"publish","type":"post","link":"https:\/\/infonews.az\/?p=7823","title":{"rendered":"Prezident ail\u0259si il\u0259 C\u0259bray\u0131l v\u0259 Z\u0259ngilanda"},"content":{"rendered":"<p><img loading=\"lazy\" decoding=\"async\" class=\"alignnone size-medium wp-image-7824 aligncenter\" src=\"https:\/\/infonews.az\/wp-content\/uploads\/2021\/04\/16194620835052133183_1000x669-239x300.jpg\" alt=\"\" width=\"239\" height=\"300\" srcset=\"https:\/\/infonews.az\/wp-content\/uploads\/2021\/04\/16194620835052133183_1000x669-239x300.jpg?v=1660871088 239w, https:\/\/infonews.az\/wp-content\/uploads\/2021\/04\/16194620835052133183_1000x669.jpg?v=1660871088 534w\" sizes=\"(max-width: 239px) 100vw, 239px\" \/><\/p>\n<p><span style=\"color: #ffffff;\">Prezident ail\u0259si il\u0259 C\u0259bray\u0131l v\u0259 Z\u0259ngilanda<\/span><\/p>\n<p><a href=\"https:\/\/infonews.az\"><strong><span style=\"color: #ff0000;\">&#8220;\u0130NFONEWS&#8221;<\/span><\/strong><\/a> x\u0259b\u0259r verir.<\/p>\n<p><b>Aprelin 26-da Az\u0259rbaycan Respublikas\u0131n\u0131n Prezidenti \u0130lham \u018fliyev, birinci xan\u0131m Mehriban \u018fliyeva, q\u0131zlar\u0131 Leyla \u018fliyeva C\u0259bray\u0131l v\u0259 Z\u0259ngilan rayonlar\u0131nda olublar.<\/b><\/p>\n<p>D\u00f6vl\u0259timizin ba\u015f\u00e7\u0131s\u0131, birinci xan\u0131m v\u0259 q\u0131zlar\u0131 C\u0259bray\u0131l rayonunun giri\u015find\u0259 \u201cC\u0259bray\u0131la xo\u015f g\u0259lmi\u015fsiniz!\u201d s\u00f6zl\u0259ri yaz\u0131lm\u0131\u015f l\u00f6vh\u0259nin qar\u015f\u0131s\u0131na g\u0259ldil\u0259r.<\/p>\n<p>Prezident \u0130lham \u018fliyev:<\/p>\n<blockquote><p>C\u0259bray\u0131l rayonuna g\u0259lmi\u015fik. Vaxtil\u0259 C\u0259bray\u0131l rayonunun giri\u015find\u0259 ucald\u0131lm\u0131\u015f l\u00f6vh\u0259ni biz indi yenid\u0259n qurduq v\u0259 eyni formada, eyni dizaynla. Biz \u201cC\u0259bray\u0131la xo\u015f g\u0259lmi\u015fsiniz!\u201d l\u00f6vh\u0259sini b\u0259rpa etdik. Sovet vaxt\u0131nda bu abid\u0259, &#8211; \u0259g\u0259r bel\u0259 dem\u0259k m\u00fcmk\u00fcnd\u00fcrs\u0259, &#8211; qoyulmu\u015fdur, ucald\u0131lm\u0131\u015fd\u0131r v\u0259 i\u015f\u011fal d\u00f6vr\u00fcnd\u0259 tamamil\u0259 s\u00f6k\u00fclm\u00fc\u015f, paslanm\u0131\u015fd\u0131r. Bunun paslanm\u0131\u015f g\u00f6r\u00fcnt\u00fcl\u0259ri art\u0131q m\u0259tbuatda da var. Ona g\u00f6r\u0259 tarixi \u0259dal\u0259ti b\u0259rpa ed\u0259r\u0259k, C\u0259bray\u0131l rayonunun giri\u015find\u0259 yerl\u0259\u015f\u0259n bu \u201cXo\u015f g\u0259lmi\u015fsiniz!\u201d l\u00f6vh\u0259sini, abid\u0259ni biz yenid\u0259n b\u0259rpa etdik. Azad edilmi\u015f b\u00fct\u00fcn torpaqlar\u0131 b\u0259rpa ed\u0259c\u0259yik, b\u00fct\u00fcn \u015f\u0259h\u0259rl\u0259ri, k\u0259ndl\u0259ri b\u0259rpa ed\u0259c\u0259yik.<\/p>\n<p><img loading=\"lazy\" decoding=\"async\" class=\"alignnone size-medium wp-image-7826\" src=\"https:\/\/infonews.az\/wp-content\/uploads\/2021\/04\/16194660742083652780_1000x669-222x300.jpg\" alt=\"\" width=\"222\" height=\"300\" srcset=\"https:\/\/infonews.az\/wp-content\/uploads\/2021\/04\/16194660742083652780_1000x669-222x300.jpg?v=1660871087 222w, https:\/\/infonews.az\/wp-content\/uploads\/2021\/04\/16194660742083652780_1000x669.jpg?v=1660871087 496w\" sizes=\"(max-width: 222px) 100vw, 222px\" \/> <img loading=\"lazy\" decoding=\"async\" class=\"alignnone size-medium wp-image-7827\" src=\"https:\/\/infonews.az\/wp-content\/uploads\/2021\/04\/16194660744640730250_1000x669-220x300.jpg\" alt=\"\" width=\"220\" height=\"300\" srcset=\"https:\/\/infonews.az\/wp-content\/uploads\/2021\/04\/16194660744640730250_1000x669-220x300.jpg?v=1660871087 220w, https:\/\/infonews.az\/wp-content\/uploads\/2021\/04\/16194660744640730250_1000x669.jpg?v=1660871087 491w\" sizes=\"(max-width: 220px) 100vw, 220px\" \/> <img loading=\"lazy\" decoding=\"async\" class=\"alignnone size-medium wp-image-7828\" src=\"https:\/\/infonews.az\/wp-content\/uploads\/2021\/04\/16194620834931016784_1000x669-240x300.jpg\" alt=\"\" width=\"240\" height=\"300\" srcset=\"https:\/\/infonews.az\/wp-content\/uploads\/2021\/04\/16194620834931016784_1000x669-240x300.jpg?v=1660871086 240w, https:\/\/infonews.az\/wp-content\/uploads\/2021\/04\/16194620834931016784_1000x669.jpg?v=1660871086 535w\" sizes=\"(max-width: 240px) 100vw, 240px\" \/><\/p><\/blockquote>\n","protected":false},"excerpt":{"rendered":"<p>Prezident ail\u0259si il\u0259 C\u0259bray\u0131l v\u0259 Z\u0259ngilanda &#8220;\u0130NFONEWS&#8221; x\u0259b\u0259r verir. Aprelin 26-da Az\u0259rbaycan Respublikas\u0131n\u0131n Prezidenti \u0130lham \u018fliyev, birinci xan\u0131m Mehriban \u018fliyeva, q\u0131zlar\u0131 Leyla \u018fliyeva C\u0259bray\u0131l v\u0259 Z\u0259ngilan rayonlar\u0131nda olublar. D\u00f6vl\u0259timizin ba\u015f\u00e7\u0131s\u0131,&hellip; <\/p>\n","protected":false},"author":3,"featured_media":7825,"comment_status":"open","ping_status":"open","sticky":false,"template":"","format":"standard","meta":{"_mi_skip_tracking":false,"_monsterinsights_sitenote_active":false,"_monsterinsights_sitenote_note":"","_monsterinsights_sitenote_category":0,"footnotes":""},"categories":[4,6,11],"tags":[473,962,4307,15,37,303],"aioseo_notices":[],"_links":{"self":[{"href":"https:\/\/infonews.az\/index.php?rest_route=\/wp\/v2\/posts\/7823"}],"collection":[{"href":"https:\/\/infonews.az\/index.php?rest_route=\/wp\/v2\/posts"}],"about":[{"href":"https:\/\/infonews.az\/index.php?rest_route=\/wp\/v2\/types\/post"}],"author":[{"embeddable":true,"href":"https:\/\/infonews.az\/index.php?rest_route=\/wp\/v2\/users\/3"}],"replies":[{"embeddable":true,"href":"https:\/\/infonews.az\/index.php?rest_route=%2Fwp%2Fv2%2Fcomments&post=7823"}],"version-history":[{"count":1,"href":"https:\/\/infonews.az\/index.php?rest_route=\/wp\/v2\/posts\/7823\/revisions"}],"predecessor-version":[{"id":7829,"href":"https:\/\/infonews.az\/index.php?rest_route=\/wp\/v2\/posts\/7823\/revisions\/7829"}],"wp:featuredmedia":[{"embeddable":true,"href":"https:\/\/infonews.az\/index.php?rest_route=\/wp\/v2\/media\/7825"}],"wp:attachment":[{"href":"https:\/\/infonews.az\/index.php?rest_route=%2Fwp%2Fv2%2Fmedia&parent=7823"}],"wp:term":[{"taxonomy":"category","embeddable":true,"href":"https:\/\/infonews.az\/index.php?rest_route=%2Fwp%2Fv2%2Fcategories&post=7823"},{"taxonomy":"post_tag","embeddable":true,"href":"https:\/\/infonews.az\/index.php?rest_route=%2Fwp%2Fv2%2Ftags&post=7823"}],"curies":[{"name":"wp","href":"https:\/\/api.w.org\/{rel}","templated":true}]}}