{"id":7845,"date":"2021-04-27T15:07:01","date_gmt":"2021-04-27T11:07:01","guid":{"rendered":"https:\/\/infonews.az\/?p=7845"},"modified":"2021-04-27T16:13:27","modified_gmt":"2021-04-27T12:13:27","slug":"prezident-z%c9%99ngilanda-hava-limaninin-t%c9%99m%c9%99lini-qoydu","status":"publish","type":"post","link":"https:\/\/infonews.az\/?p=7845","title":{"rendered":"Prezident Z\u0259ngilanda hava liman\u0131n\u0131n t\u0259m\u0259lini qoydu"},"content":{"rendered":"<p><img loading=\"lazy\" decoding=\"async\" class=\"alignnone size-medium wp-image-7846\" src=\"https:\/\/infonews.az\/wp-content\/uploads\/2021\/04\/16195190436139422144_1000x669-293x300.jpg\" alt=\"\" width=\"293\" height=\"300\" srcset=\"https:\/\/infonews.az\/wp-content\/uploads\/2021\/04\/16195190436139422144_1000x669-293x300.jpg?v=1660871080 293w, https:\/\/infonews.az\/wp-content\/uploads\/2021\/04\/16195190436139422144_1000x669.jpg?v=1660871080 653w\" sizes=\"(max-width: 293px) 100vw, 293px\" \/> <img loading=\"lazy\" decoding=\"async\" class=\"alignnone size-medium wp-image-7847\" src=\"https:\/\/infonews.az\/wp-content\/uploads\/2021\/04\/16195190435189210073_1000x669-300x214.jpg\" alt=\"\" width=\"300\" height=\"214\" srcset=\"https:\/\/infonews.az\/wp-content\/uploads\/2021\/04\/16195190435189210073_1000x669-300x214.jpg?v=1660871080 300w, https:\/\/infonews.az\/wp-content\/uploads\/2021\/04\/16195190435189210073_1000x669-768x547.jpg?v=1660871080 768w, https:\/\/infonews.az\/wp-content\/uploads\/2021\/04\/16195190435189210073_1000x669.jpg?v=1660871080 940w\" sizes=\"(max-width: 300px) 100vw, 300px\" \/><\/p>\n<p><span style=\"color: #ffffff;\">Prezident Z\u0259ngilanda hava liman\u0131n\u0131n t\u0259m\u0259lini qoydu<\/span><\/p>\n<p><a href=\"https:\/\/infonews.az\"><strong><span style=\"color: #ff0000;\">&#8220;\u0130NFONEWS&#8221;<\/span><\/strong><\/a> x\u0259b\u0259r verir.<\/p>\n<p><strong>Prezident \u0130lham \u018fliyev aprelin 26-da Z\u0259ngilan rayonunda beyn\u0259lxalq hava liman\u0131n\u0131n t\u0259m\u0259lini qoyub.<\/strong><\/p>\n<p>T\u0259m\u0259lqoyma m\u0259rasimi Prezident \u0130lham \u018fliyev, birinci xan\u0131m Mehriban \u018fliyeva v\u0259 q\u0131zlar\u0131 Leyla \u018fliyevan\u0131n C\u0259bray\u0131l v\u0259 Z\u0259ngilan rayonlar\u0131na s\u0259f\u0259ri \u00e7\u0259r\u00e7iv\u0259sind\u0259 ba\u015f tutub.<\/p>\n<p>D\u00f6vl\u0259t ba\u015f\u00e7\u0131s\u0131 bildirib ki, Z\u0259ngilan beyn\u0259lxalq hava liman\u0131 a\u011f\u0131r y\u00fck t\u0259yyar\u0259l\u0259rini d\u0259 q\u0259bul ed\u0259 bil\u0259c\u0259k. Prezident bunun i\u015f\u011faldan azad edilmi\u015f \u0259razil\u0259rd\u0259 in\u015fa edil\u0259n ikinci beyn\u0259lxalq hava liman\u0131 oldu\u011funu deyib, birinci beyn\u0259lxalq hava liman\u0131n\u0131n in\u015fas\u0131n\u0131n F\u00fczuli rayonu \u0259razisind\u0259 u\u011furla davam etdiyini bildirib.<\/p>\n<p>D\u00f6vl\u0259t ba\u015f\u00e7\u0131s\u0131 F\u00fczuli beyn\u0259lxalq hava liman\u0131n\u0131n u\u00e7u\u015f-enm\u0259 zola\u011f\u0131n\u0131n bu il istismara veril\u0259c\u0259yini qeyd edib.<\/p>\n","protected":false},"excerpt":{"rendered":"<p>Prezident Z\u0259ngilanda hava liman\u0131n\u0131n t\u0259m\u0259lini qoydu &#8220;\u0130NFONEWS&#8221; x\u0259b\u0259r verir. Prezident \u0130lham \u018fliyev aprelin 26-da Z\u0259ngilan rayonunda beyn\u0259lxalq hava liman\u0131n\u0131n t\u0259m\u0259lini qoyub. T\u0259m\u0259lqoyma m\u0259rasimi Prezident \u0130lham \u018fliyev, birinci xan\u0131m Mehriban \u018fliyeva&hellip; <\/p>\n","protected":false},"author":3,"featured_media":7848,"comment_status":"open","ping_status":"open","sticky":false,"template":"","format":"standard","meta":{"_mi_skip_tracking":false,"_monsterinsights_sitenote_active":false,"_monsterinsights_sitenote_note":"","_monsterinsights_sitenote_category":0,"footnotes":""},"categories":[4,6,11],"tags":[473,15,303],"aioseo_notices":[],"_links":{"self":[{"href":"https:\/\/infonews.az\/index.php?rest_route=\/wp\/v2\/posts\/7845"}],"collection":[{"href":"https:\/\/infonews.az\/index.php?rest_route=\/wp\/v2\/posts"}],"about":[{"href":"https:\/\/infonews.az\/index.php?rest_route=\/wp\/v2\/types\/post"}],"author":[{"embeddable":true,"href":"https:\/\/infonews.az\/index.php?rest_route=\/wp\/v2\/users\/3"}],"replies":[{"embeddable":true,"href":"https:\/\/infonews.az\/index.php?rest_route=%2Fwp%2Fv2%2Fcomments&post=7845"}],"version-history":[{"count":1,"href":"https:\/\/infonews.az\/index.php?rest_route=\/wp\/v2\/posts\/7845\/revisions"}],"predecessor-version":[{"id":7849,"href":"https:\/\/infonews.az\/index.php?rest_route=\/wp\/v2\/posts\/7845\/revisions\/7849"}],"wp:featuredmedia":[{"embeddable":true,"href":"https:\/\/infonews.az\/index.php?rest_route=\/wp\/v2\/media\/7848"}],"wp:attachment":[{"href":"https:\/\/infonews.az\/index.php?rest_route=%2Fwp%2Fv2%2Fmedia&parent=7845"}],"wp:term":[{"taxonomy":"category","embeddable":true,"href":"https:\/\/infonews.az\/index.php?rest_route=%2Fwp%2Fv2%2Fcategories&post=7845"},{"taxonomy":"post_tag","embeddable":true,"href":"https:\/\/infonews.az\/index.php?rest_route=%2Fwp%2Fv2%2Ftags&post=7845"}],"curies":[{"name":"wp","href":"https:\/\/api.w.org\/{rel}","templated":true}]}}