{"id":7850,"date":"2021-04-27T15:14:16","date_gmt":"2021-04-27T11:14:16","guid":{"rendered":"https:\/\/infonews.az\/?p=7850"},"modified":"2021-04-27T16:41:39","modified_gmt":"2021-04-27T12:41:39","slug":"prezident-v%c9%99-birinci-xanim-z%c9%99ngilan-m%c9%99scidinin-divarina-das-hordul%c9%99r","status":"publish","type":"post","link":"https:\/\/infonews.az\/?p=7850","title":{"rendered":"Prezident v\u0259 birinci xan\u0131m Z\u0259ngilan m\u0259scidinin divar\u0131na da\u015f h\u00f6rd\u00fcl\u0259r"},"content":{"rendered":"<p><img loading=\"lazy\" decoding=\"async\" class=\"alignnone size-medium wp-image-7851\" src=\"https:\/\/infonews.az\/wp-content\/uploads\/2021\/04\/16195190444949933314_1000x669-300x200.jpg\" alt=\"\" width=\"300\" height=\"200\" srcset=\"https:\/\/infonews.az\/wp-content\/uploads\/2021\/04\/16195190444949933314_1000x669-300x200.jpg?v=1660871079 300w, https:\/\/infonews.az\/wp-content\/uploads\/2021\/04\/16195190444949933314_1000x669-768x511.jpg?v=1660871079 768w, https:\/\/infonews.az\/wp-content\/uploads\/2021\/04\/16195190444949933314_1000x669.jpg?v=1660871079 1000w\" sizes=\"(max-width: 300px) 100vw, 300px\" \/> <img loading=\"lazy\" decoding=\"async\" class=\"alignnone size-medium wp-image-7852\" src=\"https:\/\/infonews.az\/wp-content\/uploads\/2021\/04\/1619519044259124140_1000x669-300x210.jpg\" alt=\"\" width=\"300\" height=\"210\" srcset=\"https:\/\/infonews.az\/wp-content\/uploads\/2021\/04\/1619519044259124140_1000x669-300x210.jpg?v=1660871078 300w, https:\/\/infonews.az\/wp-content\/uploads\/2021\/04\/1619519044259124140_1000x669-768x538.jpg?v=1660871078 768w, https:\/\/infonews.az\/wp-content\/uploads\/2021\/04\/1619519044259124140_1000x669.jpg?v=1660871078 955w\" sizes=\"(max-width: 300px) 100vw, 300px\" \/><\/p>\n<p><span style=\"color: #ffffff;\">Prezident v\u0259 birinci xan\u0131m Z\u0259ngilan m\u0259scidinin divar\u0131na da\u015f h\u00f6rd\u00fcl\u0259r<\/span><\/p>\n<p><a href=\"https:\/\/infonews.az\"><strong><span style=\"color: #ff0000;\">&#8220;\u0130NFONEWS&#8221;<\/span><\/strong><\/a> x\u0259b\u0259r verir.<\/p>\n<p><strong>Aprelin 26-da Prezident \u0130lham \u018fliyev, birinci xan\u0131m Mehriban \u018fliyeva v\u0259 q\u0131zlar\u0131 Leyla Heyd\u0259r \u018fliyev Fondu t\u0259r\u0259find\u0259n b\u0259rpa olunacaq Z\u0259ngilan m\u0259scidin\u0259 g\u0259libl\u0259r.<\/strong><\/p>\n<p>G\u00f6r\u00fc\u015f\u00fcn dialoqunu t\u0259qdim edirik:<\/p>\n<p>Memar:Xo\u015f g\u0259lmisiniz, c\u0259nab Prezident,<\/p>\n<p>Prezident \u0130lham \u018fliyev:Salam. M\u0259lumat ver, hans\u0131 i\u015fl\u0259r g\u00f6r\u00fcl\u00fcr?<\/p>\n<p>Memar: Heyd\u0259r \u018fliyev Fondunun prezidenti Mehriban xan\u0131m \u018fliyevan\u0131n tap\u015f\u0131r\u0131\u011f\u0131na uy\u011fun olaraq, Fond t\u0259r\u0259find\u0259n t\u0259\u015fkil olunan h\u0259m xarici, h\u0259m yerli ekspertl\u0259rd\u0259n ibar\u0259t olan komissiya m\u0259scidin m\u00f6vcud binas\u0131n\u0131 qiym\u0259tl\u0259ndirmi\u015fdir. H\u0259m\u00e7inin bir \u015feyi d\u0259 qeyd etm\u0259k ist\u0259yir\u0259m ki, m\u0259\u015fhur Otelye Kummer Agentliyinin n\u00fcmay\u0259nd\u0259l\u0259ri buraya q\u0131sam\u00fcdd\u0259tli missiya il\u0259 g\u0259lmi\u015fl\u0259r v\u0259 m\u00f6vcud binan\u0131 qiym\u0259tl\u0259ndirmi\u015fl\u0259r. Haz\u0131rda bizim t\u0259r\u0259fimizd\u0259n m\u00f6vcud binan\u0131n konservasiyas\u0131 v\u0259 b\u0259rpas\u0131 il\u0259 ba\u011fl\u0131 t\u0259klifl\u0259r haz\u0131rlan\u0131r, o c\u00fcml\u0259d\u0259n, bu \u0259razid\u0259 yeni m\u0259scidin tikilm\u0259si il\u0259 ba\u011fl\u0131 t\u0259klifl\u0259rimizi v\u0259 layih\u0259ni haz\u0131rlam\u0131\u015f\u0131q.<\/p>\n<p>Prezident \u0130lham \u018fliyev:Yenid\u0259n, yoxsa qiym\u0259tl\u0259ndirm\u0259 n\u0259 g\u00f6st\u0259rir? Da\u015flar bel\u0259 salamat da\u015flard\u0131r.<\/p>\n<p>Memar:Biz t\u0259klif ed\u0259rdik ki, daha geni\u015f \u0259razid\u0259 yeni m\u0259scid tikilsin. Burada \u00fcmumi \u0259razi 50 sota yax\u0131nd\u0131r, c\u0259nab Prezident. Bu k\u00f6hn\u0259 bina konservasiya olunandan sonra h\u0259min m\u0259scid-kompleksin i\u00e7ind\u0259 qals\u0131n.<\/p>\n<p>Prezident \u0130lham \u018fliyev:Bax\u0131n, ola bil\u0259r ki, \u0259g\u0259r bu da\u015flar, divarlar bel\u0259 sa\u011flamd\u0131rsa, b\u0259lk\u0259 bunun \u00fcst\u00fcn\u00fc ba\u011flamaq, onu da etm\u0259k olar. T\u0259klifl\u0259r haz\u0131r olanda.<\/p>\n<p>Birinci xan\u0131m Mehriban \u018fliyeva:Balaca m\u0259scid olub, y\u0259qin ki, balaca da olmal\u0131d\u0131r.<\/p>\n<p>Prezident \u0130lham \u018fliyev:Balaca, \u00f6z\u00fc d\u0259 birm\u0259rt\u0259b\u0259li olub, k\u00fcmb\u0259z o q\u0259d\u0259r d\u0259 b\u00f6y\u00fck olmay\u0131b.<\/p>\n<p>Birinci xan\u0131m Mehriban \u018fliyeva:Minar\u0259si d\u0259 olmay\u0131b.<\/p>\n<p>Memar:1988-ci ild\u0259, sovet d\u00f6n\u0259mind\u0259 h\u0259min bina qiym\u0259tl\u0259ndirilib.<\/p>\n<p>Prezident \u0130lham \u018fliyev:\u015e\u0259kili olub? Yoxsa tap\u0131lmad\u0131?<\/p>\n<p>Memar:Sxeml\u0259ri var.<\/p>\n<p>Prezident \u0130lham \u018fliyev:Sxeml\u0259ri var o vaxtdan?<\/p>\n<p>Memar:B\u0259li. 1988-ci ilin m\u0259lumatlar\u0131d\u0131r.<\/p>\n<p>Prezident \u0130lham \u018fliyev:Bel\u0259 olub. Faktiki olaraq bunun bir divar\u0131n\u0131 v\u0259 dam \u00f6rt\u00fcy\u00fcn\u00fc u\u00e7urublar. \u00dcst divar qal\u0131b.<\/p>\n<p>Birinci xan\u0131m Mehriban \u018fliyeva:Onlar t\u0259klifl\u0259rdir?<\/p>\n<p>Memar:\u0130lkin t\u0259klifl\u0259rdir.<\/p>\n<p>Prezident \u0130lham \u018fliyev:El\u0259 bu da\u015fdan tikilib.<\/p>\n<p>Birinci xan\u0131m Mehriban \u018fliyeva:H\u0259min da\u015fdan, i\u00e7\u0259risi d\u0259 bel\u0259 olmu\u015fdu. T\u0259klifl\u0259rd\u0259 o \u0259ski divarlar i\u00e7ind\u0259 qal\u0131r?<\/p>\n<p>Memar:B\u0259li, kompleks kimi yarad\u0131l\u0131r.<\/p>\n<p>Prezident \u0130lham \u018fliyev:Bu divarlar i\u00e7ind\u0259 qal\u0131r.<\/p>\n<p>Memar:Bu, \u0259lav\u0259 tikili idi. Sonradan tikilib, sovet d\u00f6n\u0259mind\u0259, 1930-cu ill\u0259rd\u0259.<\/p>\n<p>Prezident \u0130lham \u018fIiyev:\u018fsas bina orada olub?<\/p>\n<p>Memar:B\u0259li, burada m\u0259kt\u0259b olub, sonra t\u0259s\u0259rr\u00fcfat m\u0259qs\u0259dl\u0259ri il\u0259 o binadan istifad\u0259 edibl\u0259r.<\/p>\n<p>Prezident \u0130lham \u018fliyev:Nec\u0259 olub, el\u0259 d\u0259 b\u0259rpa etm\u0259k laz\u0131md\u0131r.<\/p>\n<p>***<\/p>\n<p>D\u00f6vl\u0259timizin ba\u015f\u00e7\u0131s\u0131 v\u0259 birinci xan\u0131m m\u0259scidin divar\u0131na da\u015f h\u00f6rd\u00fcl\u0259r.<\/p>\n<p>Prezident \u0130lham \u018fliyev dedi:<\/p>\n<p>&#8211; Z\u0259ngilan m\u0259scidi b\u0259rpa edil\u0259c\u0259k. Bu m\u0259scid m\u0259nfur d\u00fc\u015fm\u0259n t\u0259r\u0259find\u0259n da\u011f\u0131d\u0131lm\u0131\u015fd\u0131r. M\u00fcharib\u0259d\u0259n sonra Z\u0259ngilana s\u0259f\u0259r ed\u0259rk\u0259n buraya da g\u0259ldim, m\u0259nz\u0259r\u0259 il\u0259 tan\u0131\u015f oldum v\u0259 bildirdim ki, h\u0259r k\u0259s bunu g\u00f6rm\u0259lidir. B\u00fct\u00fcn beyn\u0259lxalq t\u0259\u015fkilatlar bunu g\u00f6rm\u0259lidir, erm\u0259ni v\u0259h\u015filiyini g\u00f6rm\u0259lidir. Bir daha dem\u0259k ist\u0259yir\u0259m ki, bu g\u00fcn erm\u0259nil\u0259r\u0259 havadarl\u0131q ed\u0259nl\u0259r g\u0259lsinl\u0259r, g\u00f6rs\u00fcnl\u0259r, bizim m\u0259scidl\u0259rimizi n\u0259 g\u00fcn\u0259 qoyublar v\u0259 t\u0259kc\u0259 bu m\u0259scidi deyil. Azad edilmi\u015f b\u00fct\u00fcn torpaqlarda bizim tarixi, m\u0259d\u0259ni, dini irsimiz erm\u0259nil\u0259r t\u0259r\u0259find\u0259n da\u011f\u0131d\u0131l\u0131b, t\u0259hqir edilib, s\u00f6k\u00fcl\u00fcb.<\/p>\n<p>Z\u0259ngilan rayonunda yar\u0131da\u011f\u0131lm\u0131\u015f b\u0259zi m\u0259scidl\u0259rd\u0259n t\u00f6vl\u0259 kimi istifad\u0259 olunub, orada donuz saxlan\u0131l\u0131b. Bu videokadrlar var. A\u011fdam m\u0259scidind\u0259 donuz saxlan\u0131l\u0131b v\u0259 bu, b\u00fct\u00fcn m\u00fcs\u0259lman al\u0259min\u0259 qar\u015f\u0131 cinay\u0259tdir, \u0130slam dinin\u0259 qar\u015f\u0131 cinay\u0259tdir. B\u00fct\u00fcn m\u00fcs\u0259lman d\u00f6vl\u0259tl\u0259ri bunu g\u00f6rm\u0259lidir v\u0259 biz bu h\u0259qiq\u0259tl\u0259ri b\u00fct\u00fcn m\u00fcs\u0259lman \u00f6lk\u0259l\u0259rinin r\u0259hb\u0259rl\u0259rinin diqq\u0259tin\u0259 \u00e7atd\u0131r\u0131r\u0131q. Azad edilmi\u015f torpaqlara bu g\u00fcn g\u0259l\u0259n xarici qonaqlar erm\u0259ni v\u0259h\u015filiyini \u00f6z g\u00f6zl\u0259ri il\u0259 g\u00f6r\u00fcrl\u0259r. Bu yax\u0131nlarda Az\u0259rbaycanda s\u0259f\u0259rd\u0259 olmu\u015f \u0130slam \u018fm\u0259kda\u015fl\u0131q T\u0259\u015fkilat\u0131n\u0131n Ba\u015f katibi \u00f6z etiraz s\u0259sini ucaltm\u0131\u015fd\u0131r. ICESCO-nun Ba\u015f katibi azad edilmi\u015f torpaqlarda olub, da\u011f\u0131d\u0131lm\u0131\u015f A\u011fdam m\u0259scidini g\u00f6r\u00fcb v\u0259 erm\u0259ni v\u0259h\u015filiyi haqq\u0131nda art\u0131q b\u00fct\u00fcn m\u00fcs\u0259lman \u00f6lk\u0259l\u0259rini m\u0259lumatland\u0131r\u0131r. Biz d\u0259 bu i\u015fd\u0259 f\u0259al olmal\u0131y\u0131q. B\u00fct\u00fcn d\u00f6vl\u0259t qurumlar\u0131na g\u00f6st\u0259ri\u015f verildi, ictimai t\u0259\u015fkilatlardan xahi\u015f edildi ki, b\u00fct\u00fcn beyn\u0259lxalq qurumlarda erm\u0259ni v\u0259h\u015filiyi haqq\u0131nda m\u0259lumatlar verilsin &#8211; faktlarla, s\u00fcbutlarla, \u015f\u0259kill\u0259rl\u0259.<\/p>\n<p>Erm\u0259nil\u0259r t\u0259r\u0259find\u0259n da\u011f\u0131d\u0131lm\u0131\u015f v\u0259 t\u0259hqir edilmi\u015f b\u00fct\u00fcn dini m\u0259b\u0259dl\u0259rimizin \u0259vv\u0259lki g\u00f6r\u00fcnt\u00fcl\u0259ri v\u0259 i\u015f\u011faldan sonrak\u0131 g\u00f6r\u00fcnt\u00fcl\u0259ri t\u0259rtib edilir v\u0259 d\u00fcnya birliyinin diqq\u0259tin\u0259 \u00e7atd\u0131r\u0131l\u0131r. Bu g\u00fcn erm\u0259nil\u0259rin m\u0259d\u0259ni irsi il\u0259 \u0259laq\u0259dar \u00f6z narahatl\u0131\u011f\u0131n\u0131 ifad\u0259 ed\u0259n b\u0259zi xarici n\u00fcmay\u0259nd\u0259l\u0259r, bax, bunu g\u00f6rs\u00fcnl\u0259r, Z\u0259ngilan m\u0259scidinin qal\u0131qlar\u0131n\u0131 g\u00f6rs\u00fcnl\u0259r, \u015eu\u015fa m\u0259scidl\u0259rinin qal\u0131qlar\u0131n\u0131 g\u00f6rs\u00fcnl\u0259r v\u0259 g\u00f6rs\u00fcnl\u0259r ki, Erm\u0259nistan d\u00f6vl\u0259ti biz\u0259 qar\u015f\u0131 m\u0259d\u0259ni soyq\u0131r\u0131m\u0131 da t\u00f6r\u0259dib.<\/p>\n<p>Biz is\u0259 b\u00fct\u00fcn tarixi, dini abid\u0259l\u0259rimizi b\u0259rpa ed\u0259c\u0259yik. \u015eu\u015fa \u015f\u0259h\u0259rind\u0259 art\u0131q m\u0259scidl\u0259rin b\u0259rpas\u0131na start verilib. A\u011fdam C\u00fcm\u0259 m\u0259scidinin b\u0259rpas\u0131 il\u0259 \u0259laq\u0259dar haz\u0131rl\u0131q i\u015fl\u0259ri gedir. Bu g\u00fcn Z\u0259ngilan \u015f\u0259h\u0259rind\u0259 yerl\u0259\u015f\u0259n m\u0259scidin yenid\u0259n b\u0259rpas\u0131, konservasiyas\u0131 i\u015fl\u0259rin\u0259 start verilir.<\/p>\n","protected":false},"excerpt":{"rendered":"<p>Prezident v\u0259 birinci xan\u0131m Z\u0259ngilan m\u0259scidinin divar\u0131na da\u015f h\u00f6rd\u00fcl\u0259r &#8220;\u0130NFONEWS&#8221; x\u0259b\u0259r verir. Aprelin 26-da Prezident \u0130lham \u018fliyev, birinci xan\u0131m Mehriban \u018fliyeva v\u0259 q\u0131zlar\u0131 Leyla Heyd\u0259r \u018fliyev Fondu t\u0259r\u0259find\u0259n b\u0259rpa olunacaq&hellip; <\/p>\n","protected":false},"author":3,"featured_media":7853,"comment_status":"open","ping_status":"open","sticky":false,"template":"","format":"standard","meta":{"_mi_skip_tracking":false,"_monsterinsights_sitenote_active":false,"_monsterinsights_sitenote_note":"","_monsterinsights_sitenote_category":0,"footnotes":""},"categories":[4,6,11],"tags":[473,962,15,303],"aioseo_notices":[],"_links":{"self":[{"href":"https:\/\/infonews.az\/index.php?rest_route=\/wp\/v2\/posts\/7850"}],"collection":[{"href":"https:\/\/infonews.az\/index.php?rest_route=\/wp\/v2\/posts"}],"about":[{"href":"https:\/\/infonews.az\/index.php?rest_route=\/wp\/v2\/types\/post"}],"author":[{"embeddable":true,"href":"https:\/\/infonews.az\/index.php?rest_route=\/wp\/v2\/users\/3"}],"replies":[{"embeddable":true,"href":"https:\/\/infonews.az\/index.php?rest_route=%2Fwp%2Fv2%2Fcomments&post=7850"}],"version-history":[{"count":1,"href":"https:\/\/infonews.az\/index.php?rest_route=\/wp\/v2\/posts\/7850\/revisions"}],"predecessor-version":[{"id":7854,"href":"https:\/\/infonews.az\/index.php?rest_route=\/wp\/v2\/posts\/7850\/revisions\/7854"}],"wp:featuredmedia":[{"embeddable":true,"href":"https:\/\/infonews.az\/index.php?rest_route=\/wp\/v2\/media\/7853"}],"wp:attachment":[{"href":"https:\/\/infonews.az\/index.php?rest_route=%2Fwp%2Fv2%2Fmedia&parent=7850"}],"wp:term":[{"taxonomy":"category","embeddable":true,"href":"https:\/\/infonews.az\/index.php?rest_route=%2Fwp%2Fv2%2Fcategories&post=7850"},{"taxonomy":"post_tag","embeddable":true,"href":"https:\/\/infonews.az\/index.php?rest_route=%2Fwp%2Fv2%2Ftags&post=7850"}],"curies":[{"name":"wp","href":"https:\/\/api.w.org\/{rel}","templated":true}]}}