{"id":7855,"date":"2021-04-27T15:55:12","date_gmt":"2021-04-27T11:55:12","guid":{"rendered":"https:\/\/infonews.az\/?p=7855"},"modified":"2021-04-27T16:52:36","modified_gmt":"2021-04-27T12:52:36","slug":"berlin-qacqinlarin-yunanistanda-yerl%c9%99sm%c9%99si-ucun-afinaya-pul-t%c9%99klif-edib","status":"publish","type":"post","link":"https:\/\/infonews.az\/?p=7855","title":{"rendered":"Berlin qa\u00e7q\u0131nlar\u0131n Yunan\u0131standa yerl\u0259\u015fm\u0259si \u00fc\u00e7\u00fcn Afinaya pul t\u0259klif edib"},"content":{"rendered":"<p class=\"content-title\"><span style=\"color: #ffffff;\">Berlin qa\u00e7q\u0131nlar\u0131n Yunan\u0131standa yerl\u0259\u015fm\u0259si \u00fc\u00e7\u00fcn Afinaya pul t\u0259klif edib<\/span><\/p>\n<p><a href=\"https:\/\/infonews.az\"><strong><span style=\"color: #ff0000;\">&#8220;\u0130NFONEWS&#8221;<\/span> <\/strong><\/a>x\u0259b\u0259r verir.<\/p>\n<p><strong>Almaniya Daxili \u0130\u015fl\u0259r Nazirliyi narahatd\u0131r ki, Avropa \u0130ttifaq\u0131n\u0131n s\u0131\u011f\u0131nacaqla t\u0259minetm\u0259 sistemi bir anda b\u00fcsb\u00fct\u00fcn da\u011f\u0131la bil\u0259r.<\/strong><\/p>\n<p>Almaniya D\u0130N-nin m\u0259lumatlar\u0131na istinadla x\u0259b\u0259r verir ki, cari ilin ilk \u00fc\u00e7 ay\u0131 \u0259rzind\u0259 Yunan\u0131standa art\u0131q qa\u00e7q\u0131n statusu verilmi\u015f 2900-\u0259 yax\u0131n \u0259cn\u0259bi \u0259riz\u0259 il\u0259 t\u0259krar Almaniyaya m\u00fcraci\u0259t edib ki, bu da Dublin raz\u0131la\u015fmas\u0131na ziddir. N\u0259z\u0259ri olaraq, yenid\u0259n m\u00fcraci\u0259t edil\u0259 bilm\u0259z v\u0259 bu \u0259riz\u0259l\u0259r r\u0259dd edilm\u0259lidir. Amma Yunan\u0131stan, \u00f6lk\u0259d\u0259ki bo\u015f evl\u0259rin yet\u0259rli olmad\u0131\u011f\u0131n\u0131 \u0259sas g\u0259tir\u0259r\u0259k, ka\u011f\u0131z \u00fcz\u0259rind\u0259 art\u0131q qa\u00e7q\u0131n statusu verdiyi \u015f\u0259xsl\u0259ri q\u0259bul etm\u0259k ist\u0259mir. Haz\u0131rda Almaniya Federal H\u00f6kum\u0259ti geri g\u00f6nd\u0259rm\u0259k ist\u0259diyi qa\u00e7q\u0131nlar\u0131n Yunan\u0131standa yerl\u0259\u015fm\u0259si \u00fc\u00e7\u00fcn Afinaya maliyy\u0259 d\u0259st\u0259yi t\u0259klif edib.<\/p>\n<p>Berlin, h\u0259m\u00e7inin s\u0131\u011f\u0131nacaq ist\u0259y\u0259n 2100 n\u0259f\u0259r\u0259 g\u00f6nd\u0259rdiyi cavabda Dublin reqlamentin\u0259 uy\u011fun olaraq onlar\u0131n Yunan\u0131stana k\u00f6\u00e7\u00fcr\u00fclm\u0259sinin vacibliyini d\u0259 xat\u0131rlad\u0131b. Bu s\u0259n\u0259d\u0259 \u0259sas\u0259n, s\u0131\u011f\u0131nacaq ist\u0259y\u0259n \u015f\u0259xsin qeydiyyata al\u0131nd\u0131\u011f\u0131 \u00f6lk\u0259 \u0259riz\u0259nin verilm\u0259si \u00fc\u00e7\u00fcn m\u0259suliyy\u0259t da\u015f\u0131y\u0131r. Bel\u0259 bir \u00f6lk\u0259 is\u0259 Yunan\u0131stand\u0131r.<\/p>\n<p>Almaniyan\u0131n Balkanlara geri g\u00f6nd\u0259rm\u0259k ist\u0259diyi s\u0131\u011f\u0131nacaq axtaranlar\u0131n yerl\u0259\u015fdirilm\u0259sin\u0259 v\u0259 qullu\u011funa n\u0259 q\u0259d\u0259r pul s\u0259rf ed\u0259c\u0259yi b\u0259lli deyil.<\/p>\n<p>(AZ\u018fRTAC)<\/p>\n","protected":false},"excerpt":{"rendered":"<p>Berlin qa\u00e7q\u0131nlar\u0131n Yunan\u0131standa yerl\u0259\u015fm\u0259si \u00fc\u00e7\u00fcn Afinaya pul t\u0259klif edib &#8220;\u0130NFONEWS&#8221; x\u0259b\u0259r verir. Almaniya Daxili \u0130\u015fl\u0259r Nazirliyi narahatd\u0131r ki, Avropa \u0130ttifaq\u0131n\u0131n s\u0131\u011f\u0131nacaqla t\u0259minetm\u0259 sistemi bir anda b\u00fcsb\u00fct\u00fcn da\u011f\u0131la bil\u0259r. Almaniya D\u0130N-nin&hellip; <\/p>\n","protected":false},"author":3,"featured_media":7856,"comment_status":"open","ping_status":"open","sticky":false,"template":"","format":"standard","meta":{"_mi_skip_tracking":false,"_monsterinsights_sitenote_active":false,"_monsterinsights_sitenote_note":"","_monsterinsights_sitenote_category":0,"footnotes":""},"categories":[9,6,11],"tags":[4309,15,410],"aioseo_notices":[],"_links":{"self":[{"href":"https:\/\/infonews.az\/index.php?rest_route=\/wp\/v2\/posts\/7855"}],"collection":[{"href":"https:\/\/infonews.az\/index.php?rest_route=\/wp\/v2\/posts"}],"about":[{"href":"https:\/\/infonews.az\/index.php?rest_route=\/wp\/v2\/types\/post"}],"author":[{"embeddable":true,"href":"https:\/\/infonews.az\/index.php?rest_route=\/wp\/v2\/users\/3"}],"replies":[{"embeddable":true,"href":"https:\/\/infonews.az\/index.php?rest_route=%2Fwp%2Fv2%2Fcomments&post=7855"}],"version-history":[{"count":1,"href":"https:\/\/infonews.az\/index.php?rest_route=\/wp\/v2\/posts\/7855\/revisions"}],"predecessor-version":[{"id":7857,"href":"https:\/\/infonews.az\/index.php?rest_route=\/wp\/v2\/posts\/7855\/revisions\/7857"}],"wp:featuredmedia":[{"embeddable":true,"href":"https:\/\/infonews.az\/index.php?rest_route=\/wp\/v2\/media\/7856"}],"wp:attachment":[{"href":"https:\/\/infonews.az\/index.php?rest_route=%2Fwp%2Fv2%2Fmedia&parent=7855"}],"wp:term":[{"taxonomy":"category","embeddable":true,"href":"https:\/\/infonews.az\/index.php?rest_route=%2Fwp%2Fv2%2Fcategories&post=7855"},{"taxonomy":"post_tag","embeddable":true,"href":"https:\/\/infonews.az\/index.php?rest_route=%2Fwp%2Fv2%2Ftags&post=7855"}],"curies":[{"name":"wp","href":"https:\/\/api.w.org\/{rel}","templated":true}]}}