{"id":789,"date":"2020-12-18T13:22:42","date_gmt":"2020-12-18T09:22:42","guid":{"rendered":"http:\/\/infonews.az\/?p=789"},"modified":"2020-12-18T13:22:42","modified_gmt":"2020-12-18T09:22:42","slug":"sahib%c9%99-qafarova-s%c9%99hid-v%c9%99-qazi-ail%c9%99l%c9%99rin%c9%99-problem-yaradanlarin-adlarini-aciqlamaq-lazimdir","status":"publish","type":"post","link":"https:\/\/infonews.az\/?p=789","title":{"rendered":"Sahib\u0259 Qafarova: \u201c\u015e\u0259hid v\u0259 qazi ail\u0259l\u0259rin\u0259 problem yaradanlar\u0131n adlar\u0131n\u0131 a\u00e7\u0131qlamaq laz\u0131md\u0131r\u201d"},"content":{"rendered":"<p>\u0130NFONEWS \u201cReport\u201d-a istinad\u0259n<\/p>\n<p>\u201cSiqnallar g\u0259lir ki, \u015f\u0259hid v\u0259 qazi ail\u0259l\u0259rini incid\u0259nl\u0259r var. Onlara xidm\u0259ti y\u00fcks\u0259k s\u0259viyy\u0259d\u0259 h\u0259yata ke\u00e7irm\u0259k vacibdir\u201d. Bunu Milli M\u0259clisin bu g\u00fcn ke\u00e7iril\u0259n plenar iclas\u0131nda deputat Sabir R\u00fcst\u0259mxanl\u0131 deyib.<\/p>\n<p>Onun s\u00f6zl\u0259rin\u0259 g\u00f6r\u0259, d\u0259rsl\u0259rin onlayn formada ke\u00e7irilm\u0259si il\u0259 \u0259laq\u0259dar b\u00fct\u00fcn k\u0259ndl\u0259rd\u0259 internet olmal\u0131d\u0131r: \u201cRabit\u0259, N\u0259qliyyat v\u0259 Y\u00fcks\u0259k Texnologiyalar Nazirliyi z\u0259hm\u0259t \u00e7\u0259ksin, h\u0259min o y\u00fcks\u0259k texnologiyan\u0131 k\u0259ndl\u0259rd\u0259 t\u0259tbiq etsin\u201d.<\/p>\n<p>Milli M\u0259clisin s\u0259dri Sahib\u0259 Qafarova is\u0259 deyib ki, \u015f\u0259hid v\u0259 qazi ail\u0259l\u0259rin\u0259 problem yaradanlar\u0131n adlar\u0131n\u0131 a\u00e7\u0131qlamaq laz\u0131md\u0131r.<\/p>\n","protected":false},"excerpt":{"rendered":"<p>\u0130NFONEWS \u201cReport\u201d-a istinad\u0259n \u201cSiqnallar g\u0259lir ki, \u015f\u0259hid v\u0259 qazi ail\u0259l\u0259rini incid\u0259nl\u0259r var. Onlara xidm\u0259ti y\u00fcks\u0259k s\u0259viyy\u0259d\u0259 h\u0259yata ke\u00e7irm\u0259k vacibdir\u201d. Bunu Milli M\u0259clisin bu g\u00fcn ke\u00e7iril\u0259n plenar iclas\u0131nda deputat Sabir R\u00fcst\u0259mxanl\u0131&hellip; <\/p>\n","protected":false},"author":3,"featured_media":790,"comment_status":"open","ping_status":"open","sticky":false,"template":"","format":"standard","meta":{"_mi_skip_tracking":false,"_monsterinsights_sitenote_active":false,"_monsterinsights_sitenote_note":"","_monsterinsights_sitenote_category":0,"footnotes":""},"categories":[4,11],"tags":[133],"aioseo_notices":[],"_links":{"self":[{"href":"https:\/\/infonews.az\/index.php?rest_route=\/wp\/v2\/posts\/789"}],"collection":[{"href":"https:\/\/infonews.az\/index.php?rest_route=\/wp\/v2\/posts"}],"about":[{"href":"https:\/\/infonews.az\/index.php?rest_route=\/wp\/v2\/types\/post"}],"author":[{"embeddable":true,"href":"https:\/\/infonews.az\/index.php?rest_route=\/wp\/v2\/users\/3"}],"replies":[{"embeddable":true,"href":"https:\/\/infonews.az\/index.php?rest_route=%2Fwp%2Fv2%2Fcomments&post=789"}],"version-history":[{"count":1,"href":"https:\/\/infonews.az\/index.php?rest_route=\/wp\/v2\/posts\/789\/revisions"}],"predecessor-version":[{"id":791,"href":"https:\/\/infonews.az\/index.php?rest_route=\/wp\/v2\/posts\/789\/revisions\/791"}],"wp:featuredmedia":[{"embeddable":true,"href":"https:\/\/infonews.az\/index.php?rest_route=\/wp\/v2\/media\/790"}],"wp:attachment":[{"href":"https:\/\/infonews.az\/index.php?rest_route=%2Fwp%2Fv2%2Fmedia&parent=789"}],"wp:term":[{"taxonomy":"category","embeddable":true,"href":"https:\/\/infonews.az\/index.php?rest_route=%2Fwp%2Fv2%2Fcategories&post=789"},{"taxonomy":"post_tag","embeddable":true,"href":"https:\/\/infonews.az\/index.php?rest_route=%2Fwp%2Fv2%2Ftags&post=789"}],"curies":[{"name":"wp","href":"https:\/\/api.w.org\/{rel}","templated":true}]}}