{"id":7906,"date":"2021-04-29T10:45:11","date_gmt":"2021-04-29T06:45:11","guid":{"rendered":"https:\/\/infonews.az\/?p=7906"},"modified":"2021-04-29T12:24:49","modified_gmt":"2021-04-29T08:24:49","slug":"az%c9%99rbaycanda-yumsaldilmalar-bu-tarixd%c9%99-ola-bil%c9%99r-aciqlama","status":"publish","type":"post","link":"https:\/\/infonews.az\/?p=7906","title":{"rendered":"Az\u0259rbaycanda yum\u015fald\u0131lmalar bu tarixd\u0259 ola bil\u0259r &#8211; A\u00c7IQLAMA"},"content":{"rendered":"<p><span style=\"color: #ffffff;\">Az\u0259rbaycanda yum\u015fald\u0131lmalar bu tarixd\u0259 ola bil\u0259r &#8211; A\u00c7IQLAMA<\/span><\/p>\n<blockquote><p><b>&#8220;Az\u0259rbaycan s\u0259hiyy\u0259si son bir ayda artan dal\u011fa qar\u015f\u0131s\u0131nda y\u00fckl\u0259nmi\u015f v\u0259ziyy\u0259td\u0259dir. Buna uy\u011fun olaraq d\u00f6vl\u0259tin adiyy\u0259ti qurumlar\u0131 t\u0259dbirl\u0259r g\u00f6r\u00fcrl\u0259r. H\u0259r bir dal\u011fan\u0131n ortalama bir-iki ayl\u0131q y\u00fcks\u0259lm\u0259 v\u0259 d\u00fc\u015fm\u0259 reall\u0131\u011f\u0131 var&#8221;.<\/b><\/p><\/blockquote>\n<p><a href=\"https:\/\/infonews.az\"><span style=\"color: #ff0000;\"><b>&#8220;\u0130NFONEWS&#8221;<\/b><\/span><\/a> baku.ws-\u0259 istinad\u0259n x\u0259b\u0259r verir ki, Milli M\u0259clisin S\u0259hiyy\u0259 Komit\u0259sinin s\u0259drinin m\u00fcavini R\u0259\u015fad Mahmudov bildirib.<\/p>\n<p>Deputat hesab edir ki, qar\u015f\u0131dak\u0131 bir-iki h\u0259ft\u0259 \u0259rzind\u0259 dal\u011fan\u0131n s\u00f6nm\u0259si v\u0259 s\u0259hiyy\u0259 \u00fc\u00e7\u00fcn y\u00fck yaratmayacaq r\u0259q\u0259ml\u0259r\u0259 \u00e7ataca\u011f\u0131 il\u0259 \u00fczl\u0259\u015f\u0259c\u0259yik:<\/p>\n<p>&#8220;\u00dcmid edir\u0259m ki, yay\u0131n g\u0259lm\u0259si v\u0259 d\u0259niz m\u00f6vs\u00fcm\u00fcn\u00fcn ba\u015flamas\u0131 il\u0259 \u0259laq\u0259dar, h\u0259m d\u0259 r\u0259q\u0259ml\u0259rin bu \u015f\u0259kild\u0259 a\u015fa\u011f\u0131 d\u00fc\u015fm\u0259sind\u0259n sonra h\u00f6kum\u0259t insanlar\u0131n normal h\u0259yata d\u00f6nm\u0259sin\u0259 uy\u011fun q\u0259rarlar ver\u0259c\u0259k&#8221;.<\/p>\n","protected":false},"excerpt":{"rendered":"<p>Az\u0259rbaycanda yum\u015fald\u0131lmalar bu tarixd\u0259 ola bil\u0259r &#8211; A\u00c7IQLAMA &#8220;Az\u0259rbaycan s\u0259hiyy\u0259si son bir ayda artan dal\u011fa qar\u015f\u0131s\u0131nda y\u00fckl\u0259nmi\u015f v\u0259ziyy\u0259td\u0259dir. Buna uy\u011fun olaraq d\u00f6vl\u0259tin adiyy\u0259ti qurumlar\u0131 t\u0259dbirl\u0259r g\u00f6r\u00fcrl\u0259r. H\u0259r bir dal\u011fan\u0131n ortalama&hellip; <\/p>\n","protected":false},"author":3,"featured_media":1265,"comment_status":"open","ping_status":"open","sticky":false,"template":"","format":"standard","meta":{"_mi_skip_tracking":false,"_monsterinsights_sitenote_active":false,"_monsterinsights_sitenote_note":"","_monsterinsights_sitenote_category":0,"footnotes":""},"categories":[4,11],"tags":[1395,39],"aioseo_notices":[],"_links":{"self":[{"href":"https:\/\/infonews.az\/index.php?rest_route=\/wp\/v2\/posts\/7906"}],"collection":[{"href":"https:\/\/infonews.az\/index.php?rest_route=\/wp\/v2\/posts"}],"about":[{"href":"https:\/\/infonews.az\/index.php?rest_route=\/wp\/v2\/types\/post"}],"author":[{"embeddable":true,"href":"https:\/\/infonews.az\/index.php?rest_route=\/wp\/v2\/users\/3"}],"replies":[{"embeddable":true,"href":"https:\/\/infonews.az\/index.php?rest_route=%2Fwp%2Fv2%2Fcomments&post=7906"}],"version-history":[{"count":1,"href":"https:\/\/infonews.az\/index.php?rest_route=\/wp\/v2\/posts\/7906\/revisions"}],"predecessor-version":[{"id":7907,"href":"https:\/\/infonews.az\/index.php?rest_route=\/wp\/v2\/posts\/7906\/revisions\/7907"}],"wp:featuredmedia":[{"embeddable":true,"href":"https:\/\/infonews.az\/index.php?rest_route=\/wp\/v2\/media\/1265"}],"wp:attachment":[{"href":"https:\/\/infonews.az\/index.php?rest_route=%2Fwp%2Fv2%2Fmedia&parent=7906"}],"wp:term":[{"taxonomy":"category","embeddable":true,"href":"https:\/\/infonews.az\/index.php?rest_route=%2Fwp%2Fv2%2Fcategories&post=7906"},{"taxonomy":"post_tag","embeddable":true,"href":"https:\/\/infonews.az\/index.php?rest_route=%2Fwp%2Fv2%2Ftags&post=7906"}],"curies":[{"name":"wp","href":"https:\/\/api.w.org\/{rel}","templated":true}]}}