{"id":792,"date":"2020-12-18T13:42:58","date_gmt":"2020-12-18T09:42:58","guid":{"rendered":"http:\/\/infonews.az\/?p=792"},"modified":"2020-12-18T13:42:58","modified_gmt":"2020-12-18T09:42:58","slug":"karantin-postunu-kecm%c9%99k-ist%c9%99y%c9%99n-koronavirus-x%c9%99st%c9%99l%c9%99ri-saxlanilib","status":"publish","type":"post","link":"https:\/\/infonews.az\/?p=792","title":{"rendered":"Karantin postunu ke\u00e7m\u0259k ist\u0259y\u0259n koronavirus x\u0259st\u0259l\u0259ri saxlan\u0131l\u0131b"},"content":{"rendered":"<p><a href=\"http:\/\/infonews.az\/\"><strong>\u0130NFONEWS <\/strong>\u00a0<\/a>\u201cTrend\u201d-\u0259 istinad\u0259n<\/p>\n<p>Masall\u0131 Rayon Polis \u015e\u00f6b\u0259sinin \u0259m\u0259kda\u015flar\u0131n\u0131n ke\u00e7irdiyi m\u00fcvafiq yoxlamalar zaman\u0131 karantin postundan \u015f\u0259h\u0259r \u0259razisin\u0259 daxil olmaq ist\u0259y\u0259n 2 n\u0259f\u0259r aktiv koronavirus infeksiyas\u0131 da\u015f\u0131y\u0131c\u0131s\u0131 a\u015fkarlan\u0131b.<\/p>\n<p>D\u0130N M\u0259tbuat Xidm\u0259tinin L\u0259nk\u0259ran regional qrupundan Trend-\u0259 veril\u0259n m\u0259lumata g\u00f6r\u0259, Masall\u0131 rayonunun Hac\u0131t\u0259p\u0259 k\u0259nd sakini M.\u015e\u00fck\u00fcrl\u00fc v\u0259 Astara rayonunun Pens\u0259r k\u0259nd sakini F.Z\u0259k\u0259riyayevaya COV\u0130D-19 infeksiyas\u0131 testinin pozitiv n\u0259tic\u0259sin\u0259 go\u0308r\u0259 ev s\u0327\u0259raitind\u0259 mu\u0308alic\u0259 t\u0259yin edilib v\u0259 onlara ya\u015fay\u0131\u015f yerini t\u0259rk etm\u0259m\u0259l\u0259ri tap\u015f\u0131r\u0131l\u0131b.<\/p>\n<p>Lakin polis \u0259m\u0259kda\u015flar\u0131n\u0131n ke\u00e7irdiyi m\u00fcvafiq t\u0259dbirl\u0259rl\u0259 h\u0259min \u015f\u0259xsl\u0259rin karantin qaydalar\u0131n\u0131 kobud \u015f\u0259kild\u0259 pozaraq ya\u015fay\u0131\u015f yerl\u0259rini t\u0259rk etdiyi m\u00fc\u0259yy\u0259n edilib v\u0259 onlar Masall\u0131 \u015f\u0259h\u0259rinin giri\u015f hiss\u0259l\u0259rind\u0259 qurulmu\u015f stasionar postlarda m\u00fcvafiq yoxlama zaman\u0131 a\u015fkarlanaraq ya\u015fad\u0131qlar\u0131 \u00fcnvanlara geri qaytar\u0131l\u0131blar.<\/p>\n","protected":false},"excerpt":{"rendered":"<p>\u0130NFONEWS \u00a0\u201cTrend\u201d-\u0259 istinad\u0259n Masall\u0131 Rayon Polis \u015e\u00f6b\u0259sinin \u0259m\u0259kda\u015flar\u0131n\u0131n ke\u00e7irdiyi m\u00fcvafiq yoxlamalar zaman\u0131 karantin postundan \u015f\u0259h\u0259r \u0259razisin\u0259 daxil olmaq ist\u0259y\u0259n 2 n\u0259f\u0259r aktiv koronavirus infeksiyas\u0131 da\u015f\u0131y\u0131c\u0131s\u0131 a\u015fkarlan\u0131b. D\u0130N M\u0259tbuat Xidm\u0259tinin L\u0259nk\u0259ran&hellip; <\/p>\n","protected":false},"author":3,"featured_media":793,"comment_status":"open","ping_status":"open","sticky":false,"template":"","format":"standard","meta":{"_mi_skip_tracking":false,"_monsterinsights_sitenote_active":false,"_monsterinsights_sitenote_note":"","_monsterinsights_sitenote_category":0,"footnotes":""},"categories":[5,11],"tags":[135,136,134,86],"aioseo_notices":[],"_links":{"self":[{"href":"https:\/\/infonews.az\/index.php?rest_route=\/wp\/v2\/posts\/792"}],"collection":[{"href":"https:\/\/infonews.az\/index.php?rest_route=\/wp\/v2\/posts"}],"about":[{"href":"https:\/\/infonews.az\/index.php?rest_route=\/wp\/v2\/types\/post"}],"author":[{"embeddable":true,"href":"https:\/\/infonews.az\/index.php?rest_route=\/wp\/v2\/users\/3"}],"replies":[{"embeddable":true,"href":"https:\/\/infonews.az\/index.php?rest_route=%2Fwp%2Fv2%2Fcomments&post=792"}],"version-history":[{"count":1,"href":"https:\/\/infonews.az\/index.php?rest_route=\/wp\/v2\/posts\/792\/revisions"}],"predecessor-version":[{"id":794,"href":"https:\/\/infonews.az\/index.php?rest_route=\/wp\/v2\/posts\/792\/revisions\/794"}],"wp:featuredmedia":[{"embeddable":true,"href":"https:\/\/infonews.az\/index.php?rest_route=\/wp\/v2\/media\/793"}],"wp:attachment":[{"href":"https:\/\/infonews.az\/index.php?rest_route=%2Fwp%2Fv2%2Fmedia&parent=792"}],"wp:term":[{"taxonomy":"category","embeddable":true,"href":"https:\/\/infonews.az\/index.php?rest_route=%2Fwp%2Fv2%2Fcategories&post=792"},{"taxonomy":"post_tag","embeddable":true,"href":"https:\/\/infonews.az\/index.php?rest_route=%2Fwp%2Fv2%2Ftags&post=792"}],"curies":[{"name":"wp","href":"https:\/\/api.w.org\/{rel}","templated":true}]}}