{"id":8038,"date":"2021-05-02T10:44:29","date_gmt":"2021-05-02T06:44:29","guid":{"rendered":"https:\/\/infonews.az\/?p=8038"},"modified":"2021-05-02T12:51:27","modified_gmt":"2021-05-02T08:51:27","slug":"daha-bir-saygac-ogrusu-yaxalanib","status":"publish","type":"post","link":"https:\/\/infonews.az\/?p=8038","title":{"rendered":"Daha bir say\u011fac o\u011frusu yaxalan\u0131b"},"content":{"rendered":"<p><span style=\"color: #ffffff;\">Daha bir say\u011fac o\u011frusu yaxalan\u0131b<\/span><\/p>\n<p><a href=\"https:\/\/infonews.az\"><strong><span style=\"color: #ff0000;\">&#8220;\u0130NFONEWS&#8221;<\/span><\/strong><\/a> x\u0259b\u0259r verir.<\/p>\n<p><strong>\u201cAz\u0259riqaz\u201d \u0130B-nin \u015fikay\u0259ti \u0259sas\u0131nda daha bir say\u011fac o\u011frusu m\u0259suliyy\u0259t\u0259 c\u0259lb olunub.<\/strong><\/p>\n<p>\u0130B-d\u0259n bildirilib ki, 1989-cu il t\u0259v\u0259ll\u00fcdl\u00fc Qurbanov Hafiz Kaz\u0131m o\u011flu cinay\u0259t m\u0259c\u0259ll\u0259sinin 177-ci madd\u0259sinin t\u0259l\u0259bl\u0259ri \u0259sas\u0131nda c\u0259zaland\u0131r\u0131l\u0131b. O, N\u0259simi rayon m\u0259hk\u0259m\u0259sinin h\u00f6km\u00fc il\u0259 2 il 6 ay m\u00fcdd\u0259tin\u0259 azadl\u0131qdan m\u0259hrumetm\u0259 c\u0259zas\u0131na m\u0259hkum edilib. Bak\u0131 Regional Qaz\u0131n Sat\u0131\u015f\u0131 Departamentinin H\u00fcquq \u015f\u00f6b\u0259sinin r\u0259isi R\u00f6yal S\u00fcleymanov bildirib ki, o\u011furluq etm\u0259kl\u0259 \u0130B-y\u0259 ziyan vurmu\u015f h\u0259min \u015f\u0259xs bar\u0259sind\u0259 m\u0259hk\u0259m\u0259nin 2021-ci il mart\u0131n 11-d\u0259 q\u0259bul olunan h\u00f6km\u00fc art\u0131q qanuni q\u00fcvv\u0259sini al\u0131b.<\/p>\n<p>Onun s\u00f6zl\u0259rin\u0259 g\u00f6r\u0259 bundan sonra da \u201cAz\u0259riqaz\u201d \u0130B-y\u0259 m\u0259xsus \u0259mlak o\u011furland\u0131\u011f\u0131 t\u0259qdird\u0259 d\u0259rhal h\u00fcquq-m\u00fchafiz\u0259 orqanlar\u0131na m\u00fcraci\u0259t edil\u0259c\u0259k.<\/p>\n","protected":false},"excerpt":{"rendered":"<p>Daha bir say\u011fac o\u011frusu yaxalan\u0131b &#8220;\u0130NFONEWS&#8221; x\u0259b\u0259r verir. \u201cAz\u0259riqaz\u201d \u0130B-nin \u015fikay\u0259ti \u0259sas\u0131nda daha bir say\u011fac o\u011frusu m\u0259suliyy\u0259t\u0259 c\u0259lb olunub. \u0130B-d\u0259n bildirilib ki, 1989-cu il t\u0259v\u0259ll\u00fcdl\u00fc Qurbanov Hafiz Kaz\u0131m o\u011flu cinay\u0259t&hellip; <\/p>\n","protected":false},"author":3,"featured_media":8041,"comment_status":"open","ping_status":"open","sticky":false,"template":"","format":"standard","meta":{"_mi_skip_tracking":false,"_monsterinsights_sitenote_active":false,"_monsterinsights_sitenote_note":"","_monsterinsights_sitenote_category":0,"footnotes":""},"categories":[5,11],"tags":[911,15],"aioseo_notices":[],"_links":{"self":[{"href":"https:\/\/infonews.az\/index.php?rest_route=\/wp\/v2\/posts\/8038"}],"collection":[{"href":"https:\/\/infonews.az\/index.php?rest_route=\/wp\/v2\/posts"}],"about":[{"href":"https:\/\/infonews.az\/index.php?rest_route=\/wp\/v2\/types\/post"}],"author":[{"embeddable":true,"href":"https:\/\/infonews.az\/index.php?rest_route=\/wp\/v2\/users\/3"}],"replies":[{"embeddable":true,"href":"https:\/\/infonews.az\/index.php?rest_route=%2Fwp%2Fv2%2Fcomments&post=8038"}],"version-history":[{"count":1,"href":"https:\/\/infonews.az\/index.php?rest_route=\/wp\/v2\/posts\/8038\/revisions"}],"predecessor-version":[{"id":8042,"href":"https:\/\/infonews.az\/index.php?rest_route=\/wp\/v2\/posts\/8038\/revisions\/8042"}],"wp:featuredmedia":[{"embeddable":true,"href":"https:\/\/infonews.az\/index.php?rest_route=\/wp\/v2\/media\/8041"}],"wp:attachment":[{"href":"https:\/\/infonews.az\/index.php?rest_route=%2Fwp%2Fv2%2Fmedia&parent=8038"}],"wp:term":[{"taxonomy":"category","embeddable":true,"href":"https:\/\/infonews.az\/index.php?rest_route=%2Fwp%2Fv2%2Fcategories&post=8038"},{"taxonomy":"post_tag","embeddable":true,"href":"https:\/\/infonews.az\/index.php?rest_route=%2Fwp%2Fv2%2Ftags&post=8038"}],"curies":[{"name":"wp","href":"https:\/\/api.w.org\/{rel}","templated":true}]}}