{"id":8265,"date":"2021-05-06T20:37:35","date_gmt":"2021-05-06T16:37:35","guid":{"rendered":"https:\/\/infonews.az\/?p=8265"},"modified":"2021-05-06T20:37:35","modified_gmt":"2021-05-06T16:37:35","slug":"prezidentin-tapsirigi-il%c9%99-bagli-iclas-kecirildi","status":"publish","type":"post","link":"https:\/\/infonews.az\/?p=8265","title":{"rendered":"Prezidentin tap\u015f\u0131r\u0131\u011f\u0131 il\u0259 ba\u011fl\u0131 iclas ke\u00e7irildi"},"content":{"rendered":"<p><a href=\"http:\/\/infonews.az\">&#8220;\u0130NFONEWS&#8221;<\/a> x\u0259b\u0259r verir ki,<strong>\u0130\u015f\u011faldan azad edilmi\u015f \u0259razil\u0259rd\u0259 m\u0259s\u0259l\u0259l\u0259rin m\u0259rk\u0259zl\u0259\u015fdirilmi\u015f qaydada h\u0259lli \u00fc\u00e7\u00fcn Az\u0259rbaycan\u00a0 Prezidentinin 2020-ci ilin 24 noyabr tarixli S\u0259r\u0259ncam\u0131 il\u0259 yarad\u0131lm\u0131\u015f \u018flaq\u0259l\u0259ndirm\u0259 Q\u0259rargah\u0131n\u0131n videoformatda n\u00f6vb\u0259ti, 5-ci iclas\u0131 ke\u00e7irilib.<\/strong><\/p>\n<p>iclas\u0131 a\u00e7an Prezident Administrasiyas\u0131n\u0131n v\u0259 Q\u0259rargah\u0131n r\u0259hb\u0259ri Samir Nuriyev i\u015f\u011faldan azad olunmu\u015f \u0259razil\u0259rd\u0259 b\u0259rpa v\u0259 quruculuq i\u015fl\u0259rinin d\u00f6vl\u0259t ba\u015f\u00e7\u0131s\u0131n\u0131n daim diqq\u0259t m\u0259rk\u0259zind\u0259 oldu\u011funu, h\u0259yata ke\u00e7iril\u0259c\u0259k f\u0259aliyy\u0259tl\u0259r il\u0259 ba\u011fl\u0131 m\u00fch\u00fcm istiqam\u0259tl\u0259rin m\u00fc\u0259yy\u0259nl\u0259\u015fdirildiyini qeyd edib.<\/p>\n<p>Samir Nuriyev bildirib ki, Prezident \u0130lham \u018fliyev t\u0259r\u0259find\u0259n d\u0259 qeyd edildiyi kimi, i\u015f\u011faldan azad olunmu\u015f torpaqlar\u0131m\u0131zda i\u015f\u011fal\u00e7\u0131 Erm\u0259nistan t\u0259r\u0259find\u0259n \u015f\u0259h\u0259r v\u0259 k\u0259ndl\u0259rimiz viran qoyulub, tarixi v\u0259 dini abid\u0259l\u0259rimiz yerl\u0259-yeksan edilib ki, bu da b\u00f6y\u00fck miqyasda planla\u015fd\u0131rma v\u0259 b\u0259rpa i\u015fl\u0259rinin h\u0259yata ke\u00e7irilm\u0259sinin t\u0259l\u0259b edildiyini g\u00f6st\u0259rir.<\/p>\n<div id=\"AdviadNativeVideo0\" class=\"AdviadNativeVideo\"><\/div>\n<p>\u0130clasda i\u015f\u011faldan azad edilmi\u015f \u0259razil\u0259rd\u0259 h\u0259lledici \u0259h\u0259miyy\u0259t k\u0259sb ed\u0259n minalardan t\u0259mizl\u0259m\u0259, \u201cAz\u0259rbaycan Respublikas\u0131n\u0131n i\u015f\u011faldan azad edilmi\u015f \u0259razil\u0259rinin 2021-2025-ci ill\u0259r \u00fczr\u0259 b\u0259rpas\u0131 v\u0259 dayan\u0131ql\u0131 inki\u015faf\u0131\u201d D\u00f6vl\u0259t Proqram\u0131n\u0131n haz\u0131rlanmas\u0131 istiqam\u0259tind\u0259 g\u00f6r\u00fcl\u0259n i\u015fl\u0259r, ke\u00e7mi\u015f m\u0259cburi k\u00f6\u00e7k\u00fcnl\u0259rin \u00f6z ata-baba yurdlar\u0131na qay\u0131d\u0131\u015f\u0131, i\u015f\u011faldan azad olunmu\u015f \u0259razil\u0259rd\u0259 enerji t\u0259minat\u0131 v\u0259 x\u00fcsusil\u0259 d\u0259 \u201cYa\u015f\u0131l enerji\u201d m\u0259s\u0259l\u0259l\u0259ri, \u015f\u0259h\u0259rsalma v\u0259 n\u0259qliyyat-rabit\u0259 infrastrukturunun qurulmas\u0131, ADA Universiteti t\u0259r\u0259find\u0259n apar\u0131lan \u201cAz\u0259rbaycan\u0131n postkonflikt \u0259razil\u0259rin\u0259 repatriasiyan\u0131n proqnozla\u015fd\u0131r\u0131lmas\u0131 v\u0259 effektiv t\u0259\u015fkili \u00fczr\u0259 t\u0259klifl\u0259rin haz\u0131rlanmas\u0131\u201d t\u0259dqiqat i\u015fi \u00e7\u0259r\u00e7iv\u0259sind\u0259 g\u00f6r\u00fcl\u0259n i\u015fl\u0259r v\u0259 ke\u00e7irilmi\u015f sor\u011fular\u0131n n\u0259tic\u0259l\u0259ri \u00fczr\u0259 m\u0259ruz\u0259l\u0259r dinl\u0259nilib v\u0259 m\u00fcvafiq tap\u015f\u0131r\u0131qlar verilib.<\/p>\n<p>\u0130clasda d\u00f6vl\u0259t ba\u015f\u00e7\u0131s\u0131n\u0131n tap\u015f\u0131r\u0131qlar\u0131na uy\u011fun olaraq i\u015fl\u0259rin s\u00fcr\u0259t v\u0259 keyfiyy\u0259tin v\u0259hd\u0259ti n\u0259z\u0259r\u0259 al\u0131nmaqla apar\u0131lmas\u0131n\u0131n vacibliyi vur\u011fulan\u0131b.<\/p>\n<p><img loading=\"lazy\" decoding=\"async\" class=\"alignnone size-medium wp-image-8266\" src=\"https:\/\/infonews.az\/wp-content\/uploads\/2021\/05\/s1-300x191.jpg\" alt=\"\" width=\"300\" height=\"191\" srcset=\"https:\/\/infonews.az\/wp-content\/uploads\/2021\/05\/s1-300x191.jpg?v=1660871022 300w, https:\/\/infonews.az\/wp-content\/uploads\/2021\/05\/s1-768x489.jpg?v=1660871022 768w, https:\/\/infonews.az\/wp-content\/uploads\/2021\/05\/s1.jpg?v=1660871022 1000w\" sizes=\"(max-width: 300px) 100vw, 300px\" \/><\/p>\n<p><img loading=\"lazy\" decoding=\"async\" class=\"alignnone size-medium wp-image-8267\" src=\"https:\/\/infonews.az\/wp-content\/uploads\/2021\/05\/s2-300x174.jpg\" alt=\"\" width=\"300\" height=\"174\" srcset=\"https:\/\/infonews.az\/wp-content\/uploads\/2021\/05\/s2-300x174.jpg?v=1660871021 300w, https:\/\/infonews.az\/wp-content\/uploads\/2021\/05\/s2-768x445.jpg?v=1660871021 768w, https:\/\/infonews.az\/wp-content\/uploads\/2021\/05\/s2.jpg?v=1660871021 1000w\" sizes=\"(max-width: 300px) 100vw, 300px\" \/><\/p>\n","protected":false},"excerpt":{"rendered":"<p>&#8220;\u0130NFONEWS&#8221; x\u0259b\u0259r verir ki,\u0130\u015f\u011faldan azad edilmi\u015f \u0259razil\u0259rd\u0259 m\u0259s\u0259l\u0259l\u0259rin m\u0259rk\u0259zl\u0259\u015fdirilmi\u015f qaydada h\u0259lli \u00fc\u00e7\u00fcn Az\u0259rbaycan\u00a0 Prezidentinin 2020-ci ilin 24 noyabr tarixli S\u0259r\u0259ncam\u0131 il\u0259 yarad\u0131lm\u0131\u015f \u018flaq\u0259l\u0259ndirm\u0259 Q\u0259rargah\u0131n\u0131n videoformatda n\u00f6vb\u0259ti, 5-ci iclas\u0131 ke\u00e7irilib. iclas\u0131&hellip; <\/p>\n","protected":false},"author":3,"featured_media":8268,"comment_status":"open","ping_status":"open","sticky":false,"template":"","format":"standard","meta":{"_mi_skip_tracking":false,"_monsterinsights_sitenote_active":false,"_monsterinsights_sitenote_note":"","_monsterinsights_sitenote_category":0,"footnotes":""},"categories":[6,11],"tags":[15,4378],"aioseo_notices":[],"_links":{"self":[{"href":"https:\/\/infonews.az\/index.php?rest_route=\/wp\/v2\/posts\/8265"}],"collection":[{"href":"https:\/\/infonews.az\/index.php?rest_route=\/wp\/v2\/posts"}],"about":[{"href":"https:\/\/infonews.az\/index.php?rest_route=\/wp\/v2\/types\/post"}],"author":[{"embeddable":true,"href":"https:\/\/infonews.az\/index.php?rest_route=\/wp\/v2\/users\/3"}],"replies":[{"embeddable":true,"href":"https:\/\/infonews.az\/index.php?rest_route=%2Fwp%2Fv2%2Fcomments&post=8265"}],"version-history":[{"count":1,"href":"https:\/\/infonews.az\/index.php?rest_route=\/wp\/v2\/posts\/8265\/revisions"}],"predecessor-version":[{"id":8269,"href":"https:\/\/infonews.az\/index.php?rest_route=\/wp\/v2\/posts\/8265\/revisions\/8269"}],"wp:featuredmedia":[{"embeddable":true,"href":"https:\/\/infonews.az\/index.php?rest_route=\/wp\/v2\/media\/8268"}],"wp:attachment":[{"href":"https:\/\/infonews.az\/index.php?rest_route=%2Fwp%2Fv2%2Fmedia&parent=8265"}],"wp:term":[{"taxonomy":"category","embeddable":true,"href":"https:\/\/infonews.az\/index.php?rest_route=%2Fwp%2Fv2%2Fcategories&post=8265"},{"taxonomy":"post_tag","embeddable":true,"href":"https:\/\/infonews.az\/index.php?rest_route=%2Fwp%2Fv2%2Ftags&post=8265"}],"curies":[{"name":"wp","href":"https:\/\/api.w.org\/{rel}","templated":true}]}}