{"id":8377,"date":"2021-05-08T13:15:26","date_gmt":"2021-05-08T09:15:26","guid":{"rendered":"https:\/\/infonews.az\/?p=8377"},"modified":"2021-05-08T13:15:26","modified_gmt":"2021-05-08T09:15:26","slug":"bdu-nun-jurnalistika-fakult%c9%99sind%c9%99-heyd%c9%99r-%c9%99liyev-v%c9%99-m%c9%99tbuat-movzusunda-ustad-d%c9%99rsi-kecirilib","status":"publish","type":"post","link":"https:\/\/infonews.az\/?p=8377","title":{"rendered":"BDU-nun Jurnalistika fak\u00fclt\u0259sind\u0259 \u201cHeyd\u0259r \u018fliyev v\u0259 m\u0259tbuat\u201d m\u00f6vzusunda ustad d\u0259rsi ke\u00e7irilib"},"content":{"rendered":"<h1 class=\"news-item-title\"><span style=\"color: #ffffff;\">BDU-nun Jurnalistika fak\u00fclt\u0259sind\u0259 \u201cHeyd\u0259r \u018fliyev v\u0259 m\u0259tbuat\u201d m\u00f6vzusund bua ustad d\u0259rsi ke\u00e7irilib<\/span><\/h1>\n<p><span style=\"color: #ff0000;\"><strong>\u201d\u0130NFONEWS\u201d<\/strong><\/span> x\u0259b\u0259r verir.<\/p>\n<p>Bak\u0131 D\u00f6vl\u0259t Universitetinin (BDU) Jurnalistika fak\u00fclt\u0259sind\u0259 \u00fcmummilli lider Heyd\u0259r \u018fliyevin anadan olmas\u0131n\u0131n 98-ci ild\u00f6n\u00fcm\u00fcn\u0259 h\u0259sr edilmi\u015f \u201cHeyd\u0259r \u018fliyev v\u0259 m\u0259tbuat\u201d m\u00f6vzusunda ustad d\u0259rsi ke\u00e7irilib.<\/p>\n<p>Universitetd\u0259n\u00a0 bildirilib ki, moderator, fak\u00fclt\u0259nin dekan m\u00fcavini Samir Mirz\u0259yev \u00e7\u0131x\u0131\u015f ed\u0259r\u0259k t\u0259dbirin \u0259h\u0259miyy\u0259tini, Ulu \u00d6nd\u0259rin say\u0259sind\u0259 Az\u0259rbaycan milli m\u0259tbuat\u0131n\u0131n \u00f6lk\u0259mizd\u0259 h\u0259r zaman qabaqc\u0131l ideyalar\u0131n car\u00e7\u0131s\u0131 oldu\u011funu diqq\u0259t\u0259 \u00e7atd\u0131r\u0131b.<\/p>\n<p>Fak\u00fclt\u0259nin dekan\u0131, filologiya \u00fczr\u0259 elml\u0259r doktoru V\u00fcqar \u018fliyev \u00dcmummilli Liderin hakimiyy\u0259t\u0259 g\u0259ldiyi g\u00fcnd\u0259n b\u0259ri Az\u0259rbaycanda m\u0259tbuat\u0131n inki\u015faf\u0131na, jurnalistl\u0259rin sosial m\u00fcdafi\u0259sinin g\u00fccl\u0259ndirilm\u0259sin\u0259 x\u00fcsusi diqq\u0259t g\u00f6st\u0259rm\u0259sini vur\u011fulay\u0131b. O, \u00f6lk\u0259mizd\u0259 azad, demokratik m\u0259tbuat\u0131n m\u0259hz Heyd\u0259r \u018fliyevin hakimiyy\u0259t\u0259 g\u0259ldikd\u0259n sonra inki\u015faf etdiyini v\u0259 bu sah\u0259d\u0259 yenilikl\u0259rin ba\u015f verdiyini t\u0259dbir i\u015ftirak\u00e7\u0131lar\u0131n\u0131n diqq\u0259tin\u0259 \u00e7atd\u0131r\u0131b.<\/p>\n<p>Sonra Yeni media v\u0259 kommunikasiya n\u0259z\u0259riyy\u0259si kafedras\u0131n\u0131n m\u00fcdiri, professor Cahangir M\u0259mm\u0259dli \u201cHeyd\u0259r \u018fliyev v\u0259 m\u0259tbuat\u201d m\u00f6vzusunda m\u00fchazir\u0259 oxuyub. O, Ulu \u00d6nd\u0259rin m\u0259tbuatla, jurnalistl\u0259rl\u0259 \u00e7ox s\u0131x m\u00fcnasib\u0259td\u0259 oldu\u011funu, h\u0259r zaman onlar\u0131n probleml\u0259ri il\u0259 maraqland\u0131\u011f\u0131n\u0131, m\u0259tbuat\u0131m\u0131z\u0131n inki\u015faf\u0131 namin\u0259 b\u00f6y\u00fck i\u015fl\u0259r g\u00f6rd\u00fcy\u00fcn\u00fc qeyd edib. Professor bildirib ki, bu g\u00fcn Heyd\u0259r \u018fliyev siyasi kursunu Prezident \u0130lham \u018fliyev u\u011furla davam etdirir, davaml\u0131 d\u00f6vl\u0259t qay\u011f\u0131s\u0131 median\u0131n inki\u015faf\u0131nda m\u00fch\u00fcm yer tutur.<\/p>\n<p>Cahangir M\u0259mm\u0259dli ulu \u00f6nd\u0259r Heyd\u0259r \u018fliyevin v\u0259 Prezident \u0130lham \u018fliyevin \u201cjurnalistl\u0259rin dostu\u201d m\u00fckafat\u0131na layiq g\u00f6r\u00fclm\u0259l\u0259rinin x\u00fcsusi \u0259h\u0259miyy\u0259t da\u015f\u0131d\u0131\u011f\u0131n\u0131 v\u0259 bel\u0259likl\u0259 m\u0259tbuata, onun azad inki\u015faf\u0131na veril\u0259n diqq\u0259ti v\u0259 jurnalistl\u0259r\u0259 b\u00f6y\u00fck inam g\u00f6st\u0259rilm\u0259sini x\u00fcsusil\u0259 vur\u011fulay\u0131b.<\/p>\n<p>Ustad d\u0259rsi auditoriya t\u0259r\u0259find\u0259n maraqla dinl\u0259nilib, professor C.M\u0259mm\u0259dli t\u0259l\u0259b\u0259l\u0259rin m\u00f6vzu il\u0259 ba\u011fl\u0131 suallar\u0131n\u0131 cavabland\u0131r\u0131b.<\/p>\n","protected":false},"excerpt":{"rendered":"<p>BDU-nun Jurnalistika fak\u00fclt\u0259sind\u0259 \u201cHeyd\u0259r \u018fliyev v\u0259 m\u0259tbuat\u201d m\u00f6vzusund bua ustad d\u0259rsi ke\u00e7irilib \u201d\u0130NFONEWS\u201d x\u0259b\u0259r verir. Bak\u0131 D\u00f6vl\u0259t Universitetinin (BDU) Jurnalistika fak\u00fclt\u0259sind\u0259 \u00fcmummilli lider Heyd\u0259r \u018fliyevin anadan olmas\u0131n\u0131n 98-ci ild\u00f6n\u00fcm\u00fcn\u0259 h\u0259sr&hellip; <\/p>\n","protected":false},"author":3,"featured_media":8378,"comment_status":"open","ping_status":"open","sticky":false,"template":"","format":"standard","meta":{"_mi_skip_tracking":false,"_monsterinsights_sitenote_active":false,"_monsterinsights_sitenote_note":"","_monsterinsights_sitenote_category":0,"footnotes":""},"categories":[11,3],"tags":[786,276],"aioseo_notices":[],"_links":{"self":[{"href":"https:\/\/infonews.az\/index.php?rest_route=\/wp\/v2\/posts\/8377"}],"collection":[{"href":"https:\/\/infonews.az\/index.php?rest_route=\/wp\/v2\/posts"}],"about":[{"href":"https:\/\/infonews.az\/index.php?rest_route=\/wp\/v2\/types\/post"}],"author":[{"embeddable":true,"href":"https:\/\/infonews.az\/index.php?rest_route=\/wp\/v2\/users\/3"}],"replies":[{"embeddable":true,"href":"https:\/\/infonews.az\/index.php?rest_route=%2Fwp%2Fv2%2Fcomments&post=8377"}],"version-history":[{"count":1,"href":"https:\/\/infonews.az\/index.php?rest_route=\/wp\/v2\/posts\/8377\/revisions"}],"predecessor-version":[{"id":8379,"href":"https:\/\/infonews.az\/index.php?rest_route=\/wp\/v2\/posts\/8377\/revisions\/8379"}],"wp:featuredmedia":[{"embeddable":true,"href":"https:\/\/infonews.az\/index.php?rest_route=\/wp\/v2\/media\/8378"}],"wp:attachment":[{"href":"https:\/\/infonews.az\/index.php?rest_route=%2Fwp%2Fv2%2Fmedia&parent=8377"}],"wp:term":[{"taxonomy":"category","embeddable":true,"href":"https:\/\/infonews.az\/index.php?rest_route=%2Fwp%2Fv2%2Fcategories&post=8377"},{"taxonomy":"post_tag","embeddable":true,"href":"https:\/\/infonews.az\/index.php?rest_route=%2Fwp%2Fv2%2Ftags&post=8377"}],"curies":[{"name":"wp","href":"https:\/\/api.w.org\/{rel}","templated":true}]}}