{"id":8382,"date":"2021-05-08T14:38:43","date_gmt":"2021-05-08T10:38:43","guid":{"rendered":"https:\/\/infonews.az\/?p=8382"},"modified":"2021-05-08T14:38:43","modified_gmt":"2021-05-08T10:38:43","slug":"fovq%c9%99lad%c9%99-hallar-nazirliyi-bayram-gunl%c9%99rind%c9%99-gucl%c9%99ndirilmis-is-rejimind%c9%99-calisacaq","status":"publish","type":"post","link":"https:\/\/infonews.az\/?p=8382","title":{"rendered":"F\u00f6vq\u0259lad\u0259 Hallar Nazirliyi bayram g\u00fcnl\u0259rind\u0259 g\u00fccl\u0259ndirilmi\u015f i\u015f rejimind\u0259 \u00e7al\u0131\u015facaq"},"content":{"rendered":"<p><span style=\"color: #ffffff;\">F\u00f6vq\u0259lad\u0259 Hallar Nazirliyi bayram g\u00fcnl\u0259rind\u0259 g\u00fccl\u0259ndirilmi\u015f i\u015f rejimind\u0259 \u00e7al\u0131\u015facaq<\/span><\/p>\n<p><span style=\"color: #ff0000;\"><strong>\u201d\u0130NFONEWS\u201d<\/strong><\/span> x\u0259b\u0259r verir.<\/p>\n<p>Az\u0259rbaycan Respublikas\u0131n\u0131n F\u00f6vq\u0259lad\u0259 Hallar Nazirliyi (FHN) may\u0131n 9-dan 16-d\u0259k bayram v\u0259 istirah\u0259t g\u00fcnl\u0259rind\u0259 (qeyri-i\u015f g\u00fcnl\u0259rind\u0259) g\u00fccl\u0259ndirilmi\u015f i\u015f rejimind\u0259 \u00e7al\u0131\u015facaq.<br \/>\nFHN-in m\u0259tbuat xidm\u0259tind\u0259n\u00a0 bildiribl\u0259r ki, f\u00f6vq\u0259lad\u0259 hallar naziri general-polkovnik K\u0259mal\u0259ddin Heyd\u0259rov bununla ba\u011fl\u0131 \u0259mr imzalay\u0131b.<br \/>\n\u018fmr\u0259 \u0259sas\u0259n, qar\u015f\u0131dan g\u0259l\u0259n qeyri-i\u015f g\u00fcnl\u0259rind\u0259 v\u0259t\u0259nda\u015flar\u0131n h\u0259yat v\u0259 f\u0259aliyy\u0259tinin t\u0259hl\u00fck\u0259sizliyinin t\u0259min edilm\u0259si, h\u0259yat t\u0259minat\u0131 v\u0259 dig\u0259r m\u00fch\u00fcm \u0259h\u0259miyy\u0259tli obyektl\u0259rd\u0259 ba\u015f ver\u0259 bil\u0259c\u0259k f\u00f6vq\u0259lad\u0259 hadis\u0259l\u0259r\u0259 \u00e7evik reaksiya verilm\u0259si, onlar\u0131n m\u00fcmk\u00fcn n\u0259tic\u0259l\u0259rinin operativ \u015f\u0259kild\u0259 aradan qald\u0131r\u0131lmas\u0131 i\u015finin t\u0259\u015fkili m\u0259qs\u0259dil\u0259 nazirliyin aidiyy\u0259ti struktur b\u00f6lm\u0259 v\u0259 qurumlar\u0131na m\u00fcvafiq tap\u015f\u0131r\u0131qlar verilib.<\/p>\n","protected":false},"excerpt":{"rendered":"<p>F\u00f6vq\u0259lad\u0259 Hallar Nazirliyi bayram g\u00fcnl\u0259rind\u0259 g\u00fccl\u0259ndirilmi\u015f i\u015f rejimind\u0259 \u00e7al\u0131\u015facaq \u201d\u0130NFONEWS\u201d x\u0259b\u0259r verir. Az\u0259rbaycan Respublikas\u0131n\u0131n F\u00f6vq\u0259lad\u0259 Hallar Nazirliyi (FHN) may\u0131n 9-dan 16-d\u0259k bayram v\u0259 istirah\u0259t g\u00fcnl\u0259rind\u0259 (qeyri-i\u015f g\u00fcnl\u0259rind\u0259) g\u00fccl\u0259ndirilmi\u015f i\u015f rejimind\u0259&hellip; <\/p>\n","protected":false},"author":3,"featured_media":8383,"comment_status":"open","ping_status":"open","sticky":false,"template":"","format":"standard","meta":{"_mi_skip_tracking":false,"_monsterinsights_sitenote_active":false,"_monsterinsights_sitenote_note":"","_monsterinsights_sitenote_category":0,"footnotes":""},"categories":[11],"tags":[15],"aioseo_notices":[],"_links":{"self":[{"href":"https:\/\/infonews.az\/index.php?rest_route=\/wp\/v2\/posts\/8382"}],"collection":[{"href":"https:\/\/infonews.az\/index.php?rest_route=\/wp\/v2\/posts"}],"about":[{"href":"https:\/\/infonews.az\/index.php?rest_route=\/wp\/v2\/types\/post"}],"author":[{"embeddable":true,"href":"https:\/\/infonews.az\/index.php?rest_route=\/wp\/v2\/users\/3"}],"replies":[{"embeddable":true,"href":"https:\/\/infonews.az\/index.php?rest_route=%2Fwp%2Fv2%2Fcomments&post=8382"}],"version-history":[{"count":1,"href":"https:\/\/infonews.az\/index.php?rest_route=\/wp\/v2\/posts\/8382\/revisions"}],"predecessor-version":[{"id":8384,"href":"https:\/\/infonews.az\/index.php?rest_route=\/wp\/v2\/posts\/8382\/revisions\/8384"}],"wp:featuredmedia":[{"embeddable":true,"href":"https:\/\/infonews.az\/index.php?rest_route=\/wp\/v2\/media\/8383"}],"wp:attachment":[{"href":"https:\/\/infonews.az\/index.php?rest_route=%2Fwp%2Fv2%2Fmedia&parent=8382"}],"wp:term":[{"taxonomy":"category","embeddable":true,"href":"https:\/\/infonews.az\/index.php?rest_route=%2Fwp%2Fv2%2Fcategories&post=8382"},{"taxonomy":"post_tag","embeddable":true,"href":"https:\/\/infonews.az\/index.php?rest_route=%2Fwp%2Fv2%2Ftags&post=8382"}],"curies":[{"name":"wp","href":"https:\/\/api.w.org\/{rel}","templated":true}]}}