{"id":8467,"date":"2021-05-09T14:42:24","date_gmt":"2021-05-09T10:42:24","guid":{"rendered":"https:\/\/infonews.az\/?p=8467"},"modified":"2021-05-09T14:42:24","modified_gmt":"2021-05-09T10:42:24","slug":"muasir-must%c9%99qil-dovl%c9%99timizin-qurucusu-heyd%c9%99r-%c9%99liyevin-adi-az%c9%99rbaycanin-ozu-q%c9%99d%c9%99r-%c9%99b%c9%99didir","status":"publish","type":"post","link":"https:\/\/infonews.az\/?p=8467","title":{"rendered":"M\u00fcasir m\u00fcst\u0259qil d\u00f6vl\u0259timizin qurucusu Heyd\u0259r \u018fliyevin ad\u0131 Az\u0259rbaycan\u0131n \u00f6z\u00fc q\u0259d\u0259r \u0259b\u0259didir"},"content":{"rendered":"<p><span style=\"color: #ffffff;\">M\u00fcasir m\u00fcst\u0259qil d\u00f6vl\u0259timizin qurucusu Heyd\u0259r \u018fliyevin ad\u0131 A doz\u0259rbaycan\u0131n \u00f6z\u00fc q\u0259d\u0259r \u0259b\u0259didir<\/span><\/p>\n<p><span style=\"color: #ff0000;\"><strong>\u201d\u0130NFONEWS\u201d<\/strong> <\/span>x\u0259b\u0259r verir.<\/p>\n<p>Az\u0259rbaycan xalq\u0131 \u00fcmummilli lider Heyd\u0259r \u018fliyevin anadan olmas\u0131n\u0131n 98-ci ild\u00f6n\u00fcm\u00fcn\u00fc b\u00f6y\u00fck t\u0259nt\u0259n\u0259 il\u0259 qeyd edir. Ulu \u00d6nd\u0259rin m\u00fcdrik v\u0259 uzaqg\u00f6r\u0259n idar\u0259\u00e7iliyi say\u0259sind\u0259 Az\u0259rbaycan bu g\u00fcn xarici siyas\u0259tind\u0259 etibar v\u0259 sabitlik amili kimi \u00e7\u0131x\u0131\u015f ed\u0259n, iqtisadi inki\u015faf v\u0259 sosial rifah yolunda m\u0259tin add\u0131mlarla ir\u0259lil\u0259y\u0259n, demokratik t\u0259sisatlar\u0131n t\u0259\u015f\u0259kk\u00fcl tapd\u0131\u011f\u0131 m\u00fcasir \u00f6lk\u0259dir. G\u00f6rk\u0259mli d\u00f6vl\u0259t xadimi Heyd\u0259r \u018fliyevin Az\u0259rbaycana r\u0259hb\u0259rliyi d\u00f6vr\u00fcnd\u0259 xalq\u0131n min ill\u0259rl\u0259 arzusunda oldu\u011fu niyy\u0259tl\u0259r ger\u00e7\u0259y\u0259 \u00e7evrilib, m\u00fcst\u0259qil Az\u0259rbaycan\u0131n davaml\u0131 inki\u015faf\u0131 t\u0259min edilib.<\/p>\n<p>Bu fikirl\u0259ri Milli M\u0259clisin Beyn\u0259lxalq m\u00fcnasib\u0259tl\u0259r v\u0259 parlamentl\u0259raras\u0131 \u0259laq\u0259l\u0259r komit\u0259sinin s\u0259dr m\u00fcavini Sevinc F\u0259t\u0259liyeva deyib.<\/p>\n<p>S.F\u0259t\u0259liyeva bildirib ki, d\u00fcnya siyas\u0259tinin n\u0259h\u0259ngl\u0259rind\u0259n hesab olunan Heyd\u0259r \u018fliyev Tanr\u0131 t\u0259r\u0259find\u0259n Az\u0259rbaycan\u0131n taleyin\u0259 b\u0259x\u015f edilmi\u015f v\u0259 bu q\u00fcrurlu taleyin zirv\u0259sini m\u00fc\u0259yy\u0259n etmi\u015f nadir \u015f\u0259xsiyy\u0259tl\u0259rd\u0259n biridir. Bu dahi insan\u0131n Az\u0259rbaycan xalq\u0131n\u0131n qan v\u0259 q\u0259lb yadda\u015f\u0131nda qurucu v\u0259 xilaskar d\u00f6vl\u0259t xadimi, milli lider v\u0259 xalq m\u0259h\u0259bb\u0259tini qazanan \u00f6nd\u0259r kimi qalmas\u0131 he\u00e7 \u015f\u00fcbh\u0259siz ki, t\u0259sad\u00fcfi deyildir. Xalq\u0131n\u0131n taleyind\u0259, m\u0259n\u0259vi, siyasi v\u0259 ictimai h\u0259yat\u0131nda, d\u00f6vl\u0259t quruculu\u011funda onun q\u0259d\u0259r misilsiz xidm\u0259tl\u0259r g\u00f6st\u0259r\u0259n ikinci d\u00f6vl\u0259t xadimi tapmaq m\u00fcmk\u00fcns\u00fczd\u00fcr. El\u0259 bu s\u0259b\u0259bd\u0259ndir ki, Heyd\u0259r \u018fliyevi tan\u0131d\u0131\u011f\u0131m\u0131z g\u00fcnd\u0259n ona \u0259n b\u00f6y\u00fck az\u0259rbaycanl\u0131 demi\u015fik.<\/p>\n<p>Deputat\u0131n s\u00f6zl\u0259rin\u0259 g\u00f6r\u0259, m\u0259hz Heyd\u0259r \u018fliyevin m\u00fc\u0259yy\u0259nl\u0259\u015fdirdiyi siyasi kurs n\u0259tic\u0259sind\u0259 Az\u0259rbaycan \u00f6z\u00fcn\u00fcn geostrateji, iqtisadi v\u0259 m\u0259d\u0259ni potensial\u0131ndan istifad\u0259 ed\u0259r\u0259k \u015e\u0259rql\u0259 Q\u0259rb aras\u0131nda etibarl\u0131 k\u00f6rp\u00fc rolunu oynam\u0131\u015f v\u0259 onu d\u00fcnyan\u0131n \u0259n dinamik inki\u015faf ed\u0259n \u00f6lk\u0259l\u0259rind\u0259n birin\u0259 \u00e7evirmi\u015fdir: \u201cHeyd\u0259r \u018fliyev d\u00f6vl\u0259t ba\u015f\u00e7\u0131s\u0131 v\u0259 siyasi xadim kimi beyn\u0259lxalq v\u0259ziyy\u0259ti d\u00fczg\u00fcn t\u0259hlil ed\u0259r\u0259k, Az\u0259rbaycan d\u00f6vl\u0259tinin m\u00fcst\u0259qilliyinin qorunmas\u0131 v\u0259 inki\u015faf\u0131 yolunda m\u00fcst\u0259qil siyas\u0259t apararaq xalq\u0131 \u00f6z \u0259traf\u0131nda birl\u0259\u015fdirm\u0259yi bacar\u0131b. M\u00fcst\u0259qil d\u00f6vl\u0259t quruculu\u011fundan dan\u0131\u015fark\u0259n \u00f6lk\u0259nin xarici siyas\u0259t kursuna n\u0259z\u0259r salmamaq m\u00fcmk\u00fcn deyildir. Heyd\u0259r \u018fliyev m\u00fcr\u0259kk\u0259b qlobal v\u0259 regional v\u0259ziyy\u0259tin m\u00f6vcudlu\u011fu, \u00f6lk\u0259 daxilind\u0259 destruktiv q\u00fcvv\u0259l\u0259rin f\u0259alla\u015fd\u0131\u011f\u0131 bir \u015f\u0259raitd\u0259 \u0259sasland\u0131r\u0131lm\u0131\u015f xarici siyas\u0259t kursu m\u00fc\u0259yy\u0259nl\u0259\u015fdirdi. Bu, Az\u0259rbaycan d\u00f6vl\u0259t\u00e7iliyi \u00fc\u00e7\u00fcn tarixi t\u00f6hf\u0259 idi. Ulu \u00d6nd\u0259rimizin m\u00fc\u0259yy\u0259nl\u0259\u015fdirdiyi xarici siyas\u0259td\u0259 Erm\u0259nistan-Az\u0259rbaycan Da\u011fl\u0131q Qaraba\u011f m\u00fcnaqi\u015f\u0259sinin h\u0259lli \u0259n ba\u015fl\u0131ca yer tuturdu. Bu siyas\u0259t n\u0259tic\u0259sind\u0259 \u00f6lk\u0259miz diplomatik m\u00fcst\u0259vid\u0259 Erm\u0259nistan\u0131 k\u00fcnc\u0259 s\u0131x\u0131\u015fd\u0131rd\u0131 v\u0259 beyn\u0259lxalq t\u0259\u015fkilatlar\u0131n q\u0259bul etdiyi s\u0259n\u0259dl\u0259rd\u0259 Az\u0259rbaycan\u0131n \u0259razi b\u00fct\u00f6vl\u00fcy\u00fc tan\u0131n\u0131rd\u0131. 44 g\u00fcnl\u00fck V\u0259t\u0259n m\u00fcharib\u0259si n\u0259tic\u0259sind\u0259 qazan\u0131lan Q\u0259l\u0259b\u0259nin \u0259sas\u0131nda m\u0259hz Ulu \u00d6nd\u0259rimizin \u0259sas\u0131n\u0131 qoydu\u011fu uzaqg\u00f6r\u0259n siyas\u0259t dayan\u0131r\u201d.<\/p>\n<p>S.F\u0259t\u0259liyeva qeyd edib ki, ulu \u00f6nd\u0259r Heyd\u0259r \u018fliyevin xaos v\u0259 anarxiyadan, d\u00f6vl\u0259t\u00e7iliyin itirilm\u0259si t\u0259hl\u00fck\u0259sind\u0259n xilas edib dinamik islahatlar yoluna \u00e7\u0131xard\u0131\u011f\u0131 Az\u0259rbaycan haz\u0131rda onun layiqli davam\u00e7\u0131s\u0131, Az\u0259rbaycan Prezidenti \u0130lham \u018fliyevin r\u0259hb\u0259rliyi alt\u0131nda d\u00fcnyan\u0131n \u0259n s\u00fcr\u0259tl\u0259 inki\u015faf ed\u0259n, yenil\u0259\u015f\u0259n, m\u00fcasirl\u0259\u015f\u0259n, demokratikl\u0259\u015f\u0259n d\u00f6vl\u0259tin\u0259 \u00e7evrilib. Qazan\u0131lan u\u011furlar Az\u0259rbaycan\u0131n beyn\u0259lxalq al\u0259md\u0259 m\u00f6vqeyini d\u0259 \u0259h\u0259miyy\u0259tli d\u0259r\u0259c\u0259d\u0259 g\u00fccl\u0259ndirir. \u018fminlikl\u0259 dem\u0259k olar ki, bu g\u00fcn \u00f6lk\u0259miz d\u00fcnya birliyinin tam b\u0259rab\u0259rh\u00fcquqlu \u00fczv\u00fcd\u00fcr, s\u00f6z sahibi olan d\u00f6vl\u0259tdir. Az\u0259rbaycan\u0131n inki\u015faf\u0131 onu siyasi, iqtisadi v\u0259 m\u0259d\u0259ni c\u0259h\u0259td\u0259n n\u0259inki regional, h\u0259tta qlobal m\u0259rk\u0259z\u0259 \u00e7evirm\u0259kd\u0259dir. \u0130lk n\u00f6vb\u0259d\u0259, siyasi sah\u0259d\u0259 qazan\u0131lan nailiyy\u0259tl\u0259r Az\u0259rbaycan\u0131 beyn\u0259lxalq ictimaiyy\u0259t\u0259 daha yax\u015f\u0131 tan\u0131td\u0131rmaqla b\u0259rab\u0259r, d\u00fcnyan\u0131n diqq\u0259tini respublikam\u0131za y\u00f6n\u0259ld\u0259 bilib. \u00d6lk\u0259miz beyn\u0259lxalq birliyin m\u00fcst\u0259qil \u00fczv\u00fc kimi \u00f6z m\u0259nafel\u0259rini qar\u015f\u0131l\u0131ql\u0131 h\u00f6rm\u0259t prinsipi \u00e7\u0259r\u00e7iv\u0259sind\u0259 h\u0259yata ke\u00e7irir. Bu is\u0259 Az\u0259rbaycan\u0131n m\u00fcst\u0259qil inki\u015faf\u0131n\u0131 t\u0259min etm\u0259kl\u0259 yana\u015f\u0131, \u00f6z g\u00fcc\u00fcn\u0259 inam\u0131n\u0131, el\u0259c\u0259 d\u0259 \u00f6lk\u0259miz\u0259 olan etimad\u0131 art\u0131r\u0131r.<\/p>\n<p>\u201cSonda onu qeyd etm\u0259k ist\u0259yir\u0259m ki, m\u00fcst\u0259qil v\u0259 q\u00fcdr\u0259tli Az\u0259rbaycan\u0131n memar\u0131 v\u0259 qurucusu Heyd\u0259r \u018fliyevin ad\u0131 Az\u0259rbaycan\u0131n \u00f6z\u00fc q\u0259d\u0259r \u0259b\u0259di olacaq, onun ideyalar\u0131 g\u0259l\u0259c\u0259yimizi daim i\u015f\u0131qland\u0131racaq\u201d, &#8211; dey\u0259 deputat vur\u011fulay\u0131b.<\/p>\n","protected":false},"excerpt":{"rendered":"<p>M\u00fcasir m\u00fcst\u0259qil d\u00f6vl\u0259timizin qurucusu Heyd\u0259r \u018fliyevin ad\u0131 A doz\u0259rbaycan\u0131n \u00f6z\u00fc q\u0259d\u0259r \u0259b\u0259didir \u201d\u0130NFONEWS\u201d x\u0259b\u0259r verir. Az\u0259rbaycan xalq\u0131 \u00fcmummilli lider Heyd\u0259r \u018fliyevin anadan olmas\u0131n\u0131n 98-ci ild\u00f6n\u00fcm\u00fcn\u00fc b\u00f6y\u00fck t\u0259nt\u0259n\u0259 il\u0259 qeyd edir.&hellip; <\/p>\n","protected":false},"author":3,"featured_media":8468,"comment_status":"open","ping_status":"open","sticky":false,"template":"","format":"standard","meta":{"_mi_skip_tracking":false,"_monsterinsights_sitenote_active":false,"_monsterinsights_sitenote_note":"","_monsterinsights_sitenote_category":0,"footnotes":""},"categories":[6,11],"tags":[276],"aioseo_notices":[],"_links":{"self":[{"href":"https:\/\/infonews.az\/index.php?rest_route=\/wp\/v2\/posts\/8467"}],"collection":[{"href":"https:\/\/infonews.az\/index.php?rest_route=\/wp\/v2\/posts"}],"about":[{"href":"https:\/\/infonews.az\/index.php?rest_route=\/wp\/v2\/types\/post"}],"author":[{"embeddable":true,"href":"https:\/\/infonews.az\/index.php?rest_route=\/wp\/v2\/users\/3"}],"replies":[{"embeddable":true,"href":"https:\/\/infonews.az\/index.php?rest_route=%2Fwp%2Fv2%2Fcomments&post=8467"}],"version-history":[{"count":1,"href":"https:\/\/infonews.az\/index.php?rest_route=\/wp\/v2\/posts\/8467\/revisions"}],"predecessor-version":[{"id":8469,"href":"https:\/\/infonews.az\/index.php?rest_route=\/wp\/v2\/posts\/8467\/revisions\/8469"}],"wp:featuredmedia":[{"embeddable":true,"href":"https:\/\/infonews.az\/index.php?rest_route=\/wp\/v2\/media\/8468"}],"wp:attachment":[{"href":"https:\/\/infonews.az\/index.php?rest_route=%2Fwp%2Fv2%2Fmedia&parent=8467"}],"wp:term":[{"taxonomy":"category","embeddable":true,"href":"https:\/\/infonews.az\/index.php?rest_route=%2Fwp%2Fv2%2Fcategories&post=8467"},{"taxonomy":"post_tag","embeddable":true,"href":"https:\/\/infonews.az\/index.php?rest_route=%2Fwp%2Fv2%2Ftags&post=8467"}],"curies":[{"name":"wp","href":"https:\/\/api.w.org\/{rel}","templated":true}]}}