{"id":8485,"date":"2021-05-09T16:09:50","date_gmt":"2021-05-09T12:09:50","guid":{"rendered":"https:\/\/infonews.az\/?p=8485"},"modified":"2021-05-09T16:09:50","modified_gmt":"2021-05-09T12:09:50","slug":"sosial-xidm%c9%99tl%c9%99r-agentliyi-beyn%c9%99lxalq-t%c9%99skilatin-uzvluyun%c9%99-q%c9%99bul-edilib","status":"publish","type":"post","link":"https:\/\/infonews.az\/?p=8485","title":{"rendered":"Sosial Xidm\u0259tl\u0259r Agentliyi beyn\u0259lxalq t\u0259\u015fkilat\u0131n \u00fczvl\u00fcy\u00fcn\u0259 q\u0259bul edilib"},"content":{"rendered":"<p><span style=\"color: #ffffff;\">Sosial Xidm\u0259tl\u0259r Agentliyi beyn\u0259lxalq t\u0259\u015fkilat\u0131n \u00fczvl\u00fcy\u00fcn\u0259 q\u0259bul edilib<\/span><\/p>\n<p><span style=\"color: #ff0000;\"><strong>\u201d\u0130NFONEWS\u201d<\/strong><\/span> x\u0259b\u0259r verir.<\/p>\n<p>\u018flilliyi olan \u015f\u0259xsl\u0259r \u00fc\u00e7\u00fcn Avropa Xidm\u0259t T\u0259minat\u00e7\u0131lar\u0131 Assosiasiyas\u0131n\u0131n Ba\u015f Assambleyas\u0131n\u0131n onlayn iclas\u0131 ke\u00e7irilib. \u0130clasda s\u0259m\u0259r\u0259li v\u0259 keyfiyy\u0259tli sosial xidm\u0259t sisteml\u0259ri vasit\u0259sil\u0259 \u0259lilliyi olan \u015f\u0259xsl\u0259r \u00fc\u00e7\u00fcn b\u0259rab\u0259r imkanlar\u0131n t\u0259min olunmas\u0131 m\u0259s\u0259l\u0259l\u0259ri, yeni layih\u0259l\u0259rin m\u00fczakir\u0259si apar\u0131l\u0131b, eyni zamanda, T\u0259\u015fkilata \u00fczv olmaq \u00fc\u00e7\u00fcn t\u0259\u015fkilat v\u0259 qurumlar\u0131n m\u00fcraci\u0259tl\u0259rin\u0259 bax\u0131l\u0131b.<\/p>\n<p>\u018fm\u0259k v\u0259 \u018fhalinin Sosial M\u00fcdafi\u0259si Nazirliyinin tabeliyind\u0259ki Sosial Xidm\u0259tl\u0259r Agentliyi t\u0259\u015fkilata tamh\u00fcquqlu \u00fczvl\u00fcy\u0259 q\u0259bul olunub.<\/p>\n<p>Nazirliyin \u0130ctimaiyy\u0259tl\u0259 \u0259laq\u0259l\u0259r v\u0259 kommunikasiya \u015f\u00f6b\u0259sind\u0259n veril\u0259n m\u0259lumata g\u00f6r\u0259, Assosiasiya s\u0259m\u0259r\u0259li v\u0259 keyfiyy\u0259tli sosial xidm\u0259t sisteml\u0259rinin k\u00f6m\u0259yi il\u0259 \u0259lilliyi olan \u015f\u0259xsl\u0259r \u00fc\u00e7\u00fcn b\u0259rab\u0259r imkanlar\u0131n t\u0259min olunmas\u0131 m\u0259qs\u0259din\u0259 xidm\u0259t edir.<\/p>\n<p>35 \u00f6lk\u0259d\u0259n qurumlar\u0131n i\u015ftirak etdiyi t\u0259\u015fkilata \u00fczv olmaq sosial xidm\u0259tl\u0259r sah\u0259sind\u0259 Avropan\u0131n ixtisasla\u015fm\u0131\u015f m\u0259rk\u0259zl\u0259ri il\u0259 birba\u015fa \u0259laq\u0259l\u0259rin yarad\u0131lmas\u0131, tematik i\u015f\u00e7i qruplar\u0131n t\u0259rkibind\u0259 f\u0259aliyy\u0259t, Avropada sosial xidm\u0259tl\u0259r \u00fczr\u0259 t\u0259dqiqat v\u0259 dig\u0259r layih\u0259l\u0259rd\u0259 i\u015ftirak imkanlar\u0131 yarad\u0131r.<\/p>\n<p>Yax\u0131n vaxtlarda Assosiasiya il\u0259 \u0259n yax\u015f\u0131 t\u0259cr\u00fcb\u0259l\u0259rin \u00f6yr\u0259nilm\u0259si \u00fc\u00e7\u00fcn silsil\u0259 g\u00f6r\u00fc\u015fl\u0259r\u0259 ba\u015flanacaq.<\/p>\n","protected":false},"excerpt":{"rendered":"<p>Sosial Xidm\u0259tl\u0259r Agentliyi beyn\u0259lxalq t\u0259\u015fkilat\u0131n \u00fczvl\u00fcy\u00fcn\u0259 q\u0259bul edilib \u201d\u0130NFONEWS\u201d x\u0259b\u0259r verir. \u018flilliyi olan \u015f\u0259xsl\u0259r \u00fc\u00e7\u00fcn Avropa Xidm\u0259t T\u0259minat\u00e7\u0131lar\u0131 Assosiasiyas\u0131n\u0131n Ba\u015f Assambleyas\u0131n\u0131n onlayn iclas\u0131 ke\u00e7irilib. \u0130clasda s\u0259m\u0259r\u0259li v\u0259 keyfiyy\u0259tli sosial xidm\u0259t&hellip; <\/p>\n","protected":false},"author":3,"featured_media":8486,"comment_status":"open","ping_status":"open","sticky":false,"template":"","format":"standard","meta":{"_mi_skip_tracking":false,"_monsterinsights_sitenote_active":false,"_monsterinsights_sitenote_note":"","_monsterinsights_sitenote_category":0,"footnotes":""},"categories":[11,7],"tags":[276],"aioseo_notices":[],"_links":{"self":[{"href":"https:\/\/infonews.az\/index.php?rest_route=\/wp\/v2\/posts\/8485"}],"collection":[{"href":"https:\/\/infonews.az\/index.php?rest_route=\/wp\/v2\/posts"}],"about":[{"href":"https:\/\/infonews.az\/index.php?rest_route=\/wp\/v2\/types\/post"}],"author":[{"embeddable":true,"href":"https:\/\/infonews.az\/index.php?rest_route=\/wp\/v2\/users\/3"}],"replies":[{"embeddable":true,"href":"https:\/\/infonews.az\/index.php?rest_route=%2Fwp%2Fv2%2Fcomments&post=8485"}],"version-history":[{"count":1,"href":"https:\/\/infonews.az\/index.php?rest_route=\/wp\/v2\/posts\/8485\/revisions"}],"predecessor-version":[{"id":8487,"href":"https:\/\/infonews.az\/index.php?rest_route=\/wp\/v2\/posts\/8485\/revisions\/8487"}],"wp:featuredmedia":[{"embeddable":true,"href":"https:\/\/infonews.az\/index.php?rest_route=\/wp\/v2\/media\/8486"}],"wp:attachment":[{"href":"https:\/\/infonews.az\/index.php?rest_route=%2Fwp%2Fv2%2Fmedia&parent=8485"}],"wp:term":[{"taxonomy":"category","embeddable":true,"href":"https:\/\/infonews.az\/index.php?rest_route=%2Fwp%2Fv2%2Fcategories&post=8485"},{"taxonomy":"post_tag","embeddable":true,"href":"https:\/\/infonews.az\/index.php?rest_route=%2Fwp%2Fv2%2Ftags&post=8485"}],"curies":[{"name":"wp","href":"https:\/\/api.w.org\/{rel}","templated":true}]}}