{"id":8558,"date":"2021-05-10T13:24:58","date_gmt":"2021-05-10T09:24:58","guid":{"rendered":"https:\/\/infonews.az\/?p=8558"},"modified":"2021-05-10T13:24:58","modified_gmt":"2021-05-10T09:24:58","slug":"b%c9%99rd%c9%99d%c9%99-ikinci-dunya-muharib%c9%99si-veterani-mirz%c9%99-m%c9%99mm%c9%99dovla-gorus-kecirilib","status":"publish","type":"post","link":"https:\/\/infonews.az\/?p=8558","title":{"rendered":"B\u0259rd\u0259d\u0259 \u0130kinci D\u00fcnya m\u00fcharib\u0259si veteran\u0131 Mirz\u0259 M\u0259mm\u0259dovla g\u00f6r\u00fc\u015f ke\u00e7irilib"},"content":{"rendered":"<p><span style=\"color: #ffffff;\">B\u0259rd\u0259d\u0259 \u0130kinci D\u00fcnya m\u00fcharib\u0259si veteran\u0131 Mirz\u0259 M\u0259mm\u0259dovla g\u00f6r\u00fc\u015f ke\u00e7irilib<\/span><\/p>\n<p><span style=\"color: #ff0000;\"><strong>\u201d\u0130NFONEWS\u201d<\/strong><\/span> x\u0259b\u0259r verir.<\/p>\n<p>B\u0259rd\u0259 \u015f\u0259h\u0259rind\u0259n \u0130kinci D\u00fcnya m\u00fcharib\u0259si veteran\u0131 Mirz\u0259 M\u0259mm\u0259dovun \u0259n b\u00f6y\u00fck arzusu 30 il\u0259 yax\u0131n d\u00fc\u015fm\u0259n i\u015f\u011fal\u0131nda olan torpaqlar\u0131m\u0131z\u0131n azad edilm\u0259si v\u0259 bir daha q\u0259l\u0259b\u0259 sevincinin ya\u015famaq ist\u0259yi idi. Art\u0131q o, bu arzusuna \u00e7at\u0131b.<\/p>\n<p>Fa\u015fizm \u00fcz\u0259rind\u0259 Q\u0259l\u0259b\u0259nin 76-c\u0131 ild\u00f6n\u00fcm\u00fc m\u00fcnasib\u0259til\u0259 Yeni Az\u0259rbaycan Partiyas\u0131 B\u0259rd\u0259 rayon t\u0259\u015fkilat\u0131n\u0131n, rayon icra hakimiyy\u0259tinin, S\u0259f\u0259rb\u0259rlik v\u0259 H\u0259rbi Xidm\u0259t\u0259 \u00c7a\u011f\u0131r\u0131\u015f \u00fczr\u0259 D\u00f6vl\u0259t Xidm\u0259tinin rayon \u015f\u00f6b\u0259sinin n\u00fcmay\u0259nd\u0259l\u0259ri \u0130kinci D\u00fcnya m\u00fcharib\u0259si veteran\u0131 Mirz\u0259 M\u0259mm\u0259dovu ziyar\u0259t edibl\u0259r.<\/p>\n<p>G\u00f6r\u00fc\u015f zaman\u0131 bildirilib ki, 1941-1945-ci ill\u0259rd\u0259 Az\u0259rbaycan xalq\u0131 h\u0259m c\u0259bh\u0259 b\u00f6lg\u0259l\u0259rind\u0259, h\u0259m d\u0259 arxa c\u0259bh\u0259d\u0259 b\u00f6y\u00fck q\u0259hr\u0259manl\u0131q v\u0259 igidlik g\u00f6st\u0259rib. Mirz\u0259 M\u0259mm\u0259dov \u0130kinci D\u00fcnya m\u00fcharib\u0259si ill\u0259rind\u0259 ke\u00e7diyi d\u00f6y\u00fc\u015f yolundan b\u0259hs edib. Bildirib ki, 1942-1945-ci ill\u0259rd\u0259 Ukrayna, Macar\u0131stan, Pol\u015fa v\u0259 Almaniyada ged\u0259n d\u00f6y\u00fc\u015fl\u0259rd\u0259 i\u015ftirak edib, m\u00fcxt\u0259lif medal v\u0259 ordenl\u0259rl\u0259 t\u0259ltif olunub.<\/p>\n<p>YAP rayon t\u0259\u015fkilat\u0131n\u0131n s\u0259dri F\u0259q\u0259t \u015eadlinskaya Mirz\u0259 M\u0259mm\u0259dova g\u00f6zayd\u0131nl\u0131\u011f\u0131 ver\u0259r\u0259k onun \u0259n b\u00f6y\u00fck arzusunun realla\u015fd\u0131\u011f\u0131n\u0131 v\u0259 2020-ci ilin \u00f6lk\u0259miz \u00fc\u00e7\u00fcn Q\u0259l\u0259b\u0259 ili kimi tarix\u0259 d\u00fc\u015fd\u00fcy\u00fcn\u00fc, Prezident \u0130lham \u018fliyevin uzaqg\u00f6r\u0259n v\u0259 q\u0259tiyy\u0259tli siyas\u0259ti, xalq\u0131m\u0131z\u0131n birliyi v\u0259 m\u00fcz\u0259ff\u0259r Ordumuzun pe\u015f\u0259karl\u0131\u011f\u0131 say\u0259sind\u0259 30 illik h\u0259sr\u0259t\u0259 son qoyuldu\u011funu bildirib.<\/p>\n<p>Veteran Mirz\u0259 M\u0259mm\u0259dov Az\u0259rbaycan Ordusunun erm\u0259ni fa\u015fizmi \u00fcz\u0259rind\u0259 Q\u0259l\u0259b\u0259 qazanmas\u0131ndan f\u0259xar\u0259t hissi duyduqlar\u0131n\u0131 dey\u0259r\u0259k, bu sevinci xalq\u0131m\u0131za b\u0259x\u015f etdiyi \u00fc\u00e7\u00fcn, el\u0259c\u0259 d\u0259 m\u00fcharib\u0259 veteranlar\u0131na g\u00f6st\u0259ril\u0259n diqq\u0259t v\u0259 qay\u011f\u0131ya g\u00f6r\u0259 Prezident \u0130lham \u018fliyev\u0259 v\u0259 Birinci vitse-prezident Mehriban xan\u0131m \u018fliyevaya minn\u0259tdarl\u0131\u011f\u0131n\u0131 bildirib.<\/p>\n","protected":false},"excerpt":{"rendered":"<p>B\u0259rd\u0259d\u0259 \u0130kinci D\u00fcnya m\u00fcharib\u0259si veteran\u0131 Mirz\u0259 M\u0259mm\u0259dovla g\u00f6r\u00fc\u015f ke\u00e7irilib \u201d\u0130NFONEWS\u201d x\u0259b\u0259r verir. B\u0259rd\u0259 \u015f\u0259h\u0259rind\u0259n \u0130kinci D\u00fcnya m\u00fcharib\u0259si veteran\u0131 Mirz\u0259 M\u0259mm\u0259dovun \u0259n b\u00f6y\u00fck arzusu 30 il\u0259 yax\u0131n d\u00fc\u015fm\u0259n i\u015f\u011fal\u0131nda olan torpaqlar\u0131m\u0131z\u0131n&hellip; <\/p>\n","protected":false},"author":3,"featured_media":8559,"comment_status":"open","ping_status":"open","sticky":false,"template":"","format":"standard","meta":{"_mi_skip_tracking":false,"_monsterinsights_sitenote_active":false,"_monsterinsights_sitenote_note":"","_monsterinsights_sitenote_category":0,"footnotes":""},"categories":[11],"tags":[152,276],"aioseo_notices":[],"_links":{"self":[{"href":"https:\/\/infonews.az\/index.php?rest_route=\/wp\/v2\/posts\/8558"}],"collection":[{"href":"https:\/\/infonews.az\/index.php?rest_route=\/wp\/v2\/posts"}],"about":[{"href":"https:\/\/infonews.az\/index.php?rest_route=\/wp\/v2\/types\/post"}],"author":[{"embeddable":true,"href":"https:\/\/infonews.az\/index.php?rest_route=\/wp\/v2\/users\/3"}],"replies":[{"embeddable":true,"href":"https:\/\/infonews.az\/index.php?rest_route=%2Fwp%2Fv2%2Fcomments&post=8558"}],"version-history":[{"count":1,"href":"https:\/\/infonews.az\/index.php?rest_route=\/wp\/v2\/posts\/8558\/revisions"}],"predecessor-version":[{"id":8560,"href":"https:\/\/infonews.az\/index.php?rest_route=\/wp\/v2\/posts\/8558\/revisions\/8560"}],"wp:featuredmedia":[{"embeddable":true,"href":"https:\/\/infonews.az\/index.php?rest_route=\/wp\/v2\/media\/8559"}],"wp:attachment":[{"href":"https:\/\/infonews.az\/index.php?rest_route=%2Fwp%2Fv2%2Fmedia&parent=8558"}],"wp:term":[{"taxonomy":"category","embeddable":true,"href":"https:\/\/infonews.az\/index.php?rest_route=%2Fwp%2Fv2%2Fcategories&post=8558"},{"taxonomy":"post_tag","embeddable":true,"href":"https:\/\/infonews.az\/index.php?rest_route=%2Fwp%2Fv2%2Ftags&post=8558"}],"curies":[{"name":"wp","href":"https:\/\/api.w.org\/{rel}","templated":true}]}}