{"id":8565,"date":"2021-05-10T13:32:26","date_gmt":"2021-05-10T09:32:26","guid":{"rendered":"https:\/\/infonews.az\/?p=8565"},"modified":"2021-05-10T13:32:26","modified_gmt":"2021-05-10T09:32:26","slug":"az%c9%99rbaycanin-muasir-tarixinin-t%c9%99qrib%c9%99n-yarim-%c9%99sr%c9%99-b%c9%99rab%c9%99r-bir-dovrund%c9%99-qazanilmis-nailiyy%c9%99tl%c9%99r-ulu-ond%c9%99rin-f%c9%99aliyy%c9%99ti-il%c9%99-baglidir","status":"publish","type":"post","link":"https:\/\/infonews.az\/?p=8565","title":{"rendered":"Az\u0259rbaycan\u0131n m\u00fcasir tarixinin t\u0259qrib\u0259n yar\u0131m \u0259sr\u0259 b\u0259rab\u0259r bir d\u00f6vr\u00fcnd\u0259 qazan\u0131lm\u0131\u015f nailiyy\u0259tl\u0259r Ulu \u00d6nd\u0259rin f\u0259aliyy\u0259ti il\u0259 ba\u011fl\u0131d\u0131r"},"content":{"rendered":"<h1 class=\"news-item-title\"><span style=\"color: #ffffff;\">Az\u0259rbaycan\u0131n m\u00fcasir tarixinin t\u0259qrib\u0259n yar\u0131m \u0259sr\u0259 b\u0259rab\u0259r bir d\u00f6vr\u00fcnd\u0259 qazan\u0131lm\u0131\u015f nailiyy\u0259tl\u0259r Ulu \u00d6nd\u0259rin f\u0259aliyy\u0259ti il\u0259 ba\u011fl\u0131d\u0131r<\/span><\/h1>\n<p><span style=\"color: #ff0000;\"><strong>\u201d\u0130NFONEWS\u201d <\/strong><\/span>x\u0259b\u0259r verir.<\/p>\n<p>M\u00fcst\u0259qil Az\u0259rbaycan d\u00f6vl\u0259tinin memar\u0131 v\u0259 qurucusu Heyd\u0259r \u018fliyev milli d\u00f6vl\u0259t\u00e7iliyimizin inki\u015faf\u0131nda misilsiz xidm\u0259tl\u0259ri olan, Az\u0259rbaycan tarixinin yetirdiyi \u0259n parlaq v\u0259 nadir \u015f\u0259xsiyy\u0259tl\u0259rd\u0259ndir. \u0130st\u0259r sovet d\u00f6vr\u00fcnd\u0259, ist\u0259rs\u0259 d\u0259 m\u00fcst\u0259qillik ill\u0259rind\u0259 Heyd\u0259r \u018fliyev milli y\u00fcks\u0259li\u015f namin\u0259 yorulmadan f\u0259aliyy\u0259t g\u00f6st\u0259rib.<\/p>\n<p>Bu g\u00fcn azad v\u0259 demokratik d\u00f6vl\u0259t kimi d\u00fcnya birliyind\u0259 yer tutan Az\u0259rbaycan Respublikas\u0131n\u0131n m\u00fcasir tarixinin t\u0259qrib\u0259n yar\u0131m \u0259sr\u0259 b\u0259rab\u0259r bir d\u00f6vr\u00fc v\u0259 bu d\u00f6vr \u0259rzind\u0259 qazan\u0131lm\u0131\u015f nailiyy\u0259tl\u0259r ulu \u00f6nd\u0259r Heyd\u0259r \u018fliyevin h\u0259yat v\u0259 f\u0259aliyy\u0259ti il\u0259 bilavasit\u0259 ba\u011fl\u0131d\u0131r.<\/p>\n<p>Bu fikirl\u0259ri\u00a0 A.Bak\u0131xanov ad\u0131na Tarix \u0130nstitutunun \u018fliyev\u015f\u00fcnasl\u0131q \u015f\u00f6b\u0259sinin m\u00fcdiri, tarix elml\u0259ri doktoru \u018fdal\u0259t Qas\u0131mov deyib.<\/p>\n<p>O bildirib ki, \u00fcmummilli lider Heyd\u0259r \u018fliyev \u00f6lk\u0259y\u0259 r\u0259hb\u0259rlik etdiyi d\u00f6vr \u0259rzind\u0259 Az\u0259rbaycan xalq\u0131n\u0131 v\u0259 d\u00f6vl\u0259tini zaman\u0131n a\u011f\u0131r s\u0131naqlar\u0131ndan \u00e7\u0131xararaq, \u00f6lk\u0259mizin inki\u015faf strategiyas\u0131n\u0131 m\u00fc\u0259yy\u0259n edib, onu sosial-iqtisadi v\u0259 m\u0259d\u0259ni t\u0259r\u0259qqiy\u0259 do\u011fru apar\u0131b. Heyd\u0259r \u018fliyevin 1969-cu ild\u0259n ba\u015flayaraq h\u0259yata ke\u00e7irdiyi m\u0259qs\u0259dy\u00f6nl\u00fc v\u0259 ard\u0131c\u0131l siyas\u0259t n\u0259tic\u0259sind\u0259 uzunm\u00fcdd\u0259tli geriliy\u0259 son qoyuldu, iqtisadiyyat\u0131n s\u00fcr\u0259tli inki\u015faf\u0131 t\u0259min olundu. Az\u0259rbaycan iqtisadiyyat\u0131n\u0131n m\u00fch\u00fcm sah\u0259sini t\u0259\u015fkil ed\u0259n s\u0259nayenin strukturunun t\u0259kmill\u0259\u015fdirilm\u0259si, yeni istehsal m\u00fc\u0259ssis\u0259l\u0259rinin tikilm\u0259si n\u0259tic\u0259sind\u0259 m\u00fch\u00fcm ir\u0259lil\u0259yi\u015fl\u0259r \u0259ld\u0259 olundu. Respublikada k\u0259nd t\u0259s\u0259rr\u00fcfat\u0131n\u0131n, x\u00fcsus\u0259n pamb\u0131q\u00e7\u0131l\u0131\u011f\u0131n, t\u0259r\u0259v\u0259z\u00e7iliyin, t\u00fct\u00fcn\u00e7\u00fcl\u00fcy\u00fcn, 70-ci ill\u0259rin sonlar\u0131nda is\u0259 \u00fcz\u00fcm\u00e7\u00fcl\u00fcy\u00fcn inki\u015faf\u0131na diqq\u0259t art\u0131r\u0131ld\u0131, k\u0259nd t\u0259s\u0259rr\u00fcfat\u0131n\u0131n texniki-t\u0259chizat s\u0259viyy\u0259si xeyli y\u00fcks\u0259ldi. Bu sah\u0259d\u0259 m\u0259hsul istehsal\u0131 iki d\u0259f\u0259 artd\u0131. Az\u0259rbaycan n\u0259h\u0259ng aqrar-s\u0259naye respublikas\u0131na \u00e7evrildi.<\/p>\n<p>70-ci ill\u0259rd\u0259 g\u00f6r\u00fclm\u00fc\u015f t\u0259dbirl\u0259r n\u0259tic\u0259sind\u0259 Az\u0259rbaycan\u0131n sosial-iqtisadi, m\u0259d\u0259ni inki\u015faf\u0131nda, \u0259halinin rifah\u0131nda ciddi k\u0259miyy\u0259t v\u0259 keyfiyy\u0259t d\u0259yi\u015fiklikl\u0259ri ba\u015f verdi.<\/p>\n<p>Heyd\u0259r \u018fliyevin idar\u0259\u00e7ilik qabiliyy\u0259ti, y\u00fcks\u0259k m\u0259n\u0259vi keyfiyy\u0259tl\u0259ri, xarizmatik liderlik m\u0259ziyy\u0259tl\u0259rin\u0259 malik olmas\u0131 onun sovet d\u00f6vl\u0259ti idar\u0259\u00e7iliyinin zirv\u0259sin\u0259d\u0259k y\u00fcks\u0259lm\u0259sin\u0259 imkan vermi\u015fdi. 1982-ci ild\u0259 Heyd\u0259r \u018fliyevin SSR\u0130 Nazirl\u0259r Soveti s\u0259drinin birinci m\u00fcavini v\u0259zif\u0259sin\u0259 t\u0259yin edilm\u0259si il\u0259 onun siyasi f\u0259aliyy\u0259tinin yeni bir m\u0259rh\u0259l\u0259si ba\u015fland\u0131. 1982-1987-ci ill\u0259rd\u0259 Siyasi B\u00fcronun \u00fczv\u00fc v\u0259 SSR\u0130 Nazirl\u0259r Soveti s\u0259drinin birinci m\u00fcavini kimi Heyd\u0259r \u018fliyevin q\u0259rarlar\u0131 v\u0259 t\u0259\u015f\u0259bb\u00fcsl\u0259ri il\u0259 Az\u0259rbaycan\u0131n h\u0259rt\u0259r\u0259fli inki\u015faf\u0131 \u00fc\u00e7\u00fcn bir ne\u00e7\u0259 vacib q\u0259rar q\u0259bul edilmi\u015fdi.<\/p>\n<p>Mixail Qorba\u00e7ov SSR\u0130-d\u0259 siyasi hakimiyy\u0259t\u0259 g\u0259ldikd\u0259n sonra Heyd\u0259r \u018fliyev\u0259 m\u00fcnasib\u0259t d\u0259yi\u015fdi. Ba\u015f katibl\u0259 aralar\u0131nda yaranm\u0131\u015f ciddi fikir ayr\u0131l\u0131\u011f\u0131 s\u0259b\u0259bind\u0259n 1987-ci ild\u0259 tutdu\u011fu v\u0259zif\u0259l\u0259rd\u0259n istefa verdi. Bundan bir il sonra Da\u011fl\u0131q Qaraba\u011fda separat\u00e7\u0131l\u0131q h\u0259r\u0259kat\u0131 ba\u015f qald\u0131rd\u0131, Az\u0259rbaycan\u0131n qara g\u00fcnl\u0259ri ba\u015flad\u0131.1990-c\u0131 il yanvar\u0131n 19-dan 20-n\u0259 ke\u00e7\u0259n gec\u0259 sovet ordusu Erm\u0259nistan\u0131n t\u0259cav\u00fczkar h\u0259r\u0259k\u0259tl\u0259rind\u0259n v\u0259 ke\u00e7mi\u015f SSR\u0130 r\u0259hb\u0259rliyinin erm\u0259nil\u0259r\u0259 havadarl\u0131\u011f\u0131ndan hidd\u0259tl\u0259n\u0259n, Bak\u0131n\u0131n k\u00fc\u00e7\u0259l\u0259rin\u0259 v\u0259 meydanlar\u0131na \u00e7\u0131xaraq buna \u00f6z q\u0259ti etiraz\u0131n\u0131 bildir\u0259n geni\u015f xalq k\u00fctl\u0259l\u0259rin\u0259 qar\u015f\u0131 g\u00f6r\u00fcnm\u0259mi\u015f cinay\u0259t\u0259 \u0259l atd\u0131. 20 Yanvar faci\u0259si t\u00f6r\u0259dildi. Bu qanl\u0131 hadis\u0259y\u0259 ilk olaraq \u00f6z m\u00fcnasib\u0259tini bildir\u0259n \u015f\u0259xs \u00fcmummilli lider Heyd\u0259r \u018fliyev oldu. O, 1990-c\u0131 il yanvar\u0131n 21-d\u0259 Az\u0259rbaycan\u0131n Moskvadak\u0131 daimi n\u00fcmay\u0259nd\u0259liyind\u0259 ke\u00e7iril\u0259n y\u0131\u011f\u0131ncaqda bu hadis\u0259ni t\u00f6r\u0259d\u0259n \u015f\u0259xsl\u0259ri k\u0259skin \u015f\u0259kild\u0259 t\u0259nqid edib. Heyd\u0259r \u018fliyev bu hadis\u0259ni h\u00fcquqa, demokratiyaya yad, humanizm\u0259 v\u0259 \u00f6lk\u0259d\u0259 elan olunmu\u015f h\u00fcquqi d\u00f6vl\u0259t quruculu\u011fu prinsipl\u0259rin\u0259 zidd hesab etdiyini bildirmi\u015fdi. Yaln\u0131z Heyd\u0259r \u018fliyevin 1993-c\u00fc ild\u0259 hakimiyy\u0259t\u0259 qay\u0131d\u0131\u015f\u0131ndan sonra 1990-c\u0131 ilin qanl\u0131 Yanvar faci\u0259sin\u0259 d\u00f6vl\u0259t s\u0259viyy\u0259sind\u0259 tam siyasi-h\u00fcquqi qiym\u0259t verildi.<\/p>\n<p>Heyd\u0259r \u018fliyevin xalq\u0131n\u0131n \u00e7\u0259tin g\u00fcnl\u0259rind\u0259 onunla birg\u0259 olmaq \u00fc\u00e7\u00fcn Az\u0259rbaycana qay\u0131tmaq ist\u0259yin\u0259 ittifaq v\u0259 respublika r\u0259hb\u0259rliyi m\u00fcxt\u0259lif vasit\u0259l\u0259rl\u0259 mane\u0259l\u0259r yarad\u0131rd\u0131. B\u00fct\u00fcn bu t\u0259qib v\u0259 t\u0259zyiql\u0259r\u0259 baxmayaraq Heyd\u0259r \u018fliyev 1990-c\u0131 ilin iyulunda Az\u0259rbaycana g\u0259ldi, lakin ozamank\u0131 iqtidar onun Bak\u0131da qal\u0131b-ya\u015famas\u0131na v\u0259 f\u0259aliyy\u0259t g\u00f6st\u0259rm\u0259sin\u0259 imkan verm\u0259di. Do\u011fulub boya-ba\u015fa \u00e7atd\u0131\u011f\u0131 do\u011fma Nax\u00e7\u0131vana getm\u0259li oldu. Heyd\u0259r \u018fliyev Nax\u00e7\u0131vana getm\u0259kl\u0259 bu q\u0259dim diyar\u0131, b\u00fct\u00f6vl\u00fckd\u0259 Az\u0259rbaycan\u0131 m\u0259hv olmaq t\u0259hl\u00fck\u0259sind\u0259n xilas etdi. Heyd\u0259r \u018fliyev 90-c\u0131 ill\u0259rin \u0259vv\u0259ll\u0259rind\u0259 Nax\u00e7\u0131vanda zaman\u0131n dikt\u0259si il\u0259 siyasi prosesl\u0259rd\u0259 f\u0259al i\u015ftirak etmi\u015f, milli d\u00f6vl\u0259t\u00e7iliyimizin b\u0259rpas\u0131 istiqam\u0259tind\u0259 q\u0259tiyy\u0259tli v\u0259 ard\u0131c\u0131l add\u0131mlar atm\u0131\u015f, Az\u0259rbaycan\u0131n d\u00f6vl\u0259t m\u00fcst\u0259qilliyin\u0259 real z\u0259min formala\u015fd\u0131rm\u0131\u015f, \u00f6lk\u0259nin g\u0259l\u0259c\u0259k inki\u015faf\u0131n\u0131n bir s\u0131ra konseptual istiqam\u0259tl\u0259rini i\u015fl\u0259yib haz\u0131rlam\u0131\u015fd\u0131.<\/p>\n<p>1993-c\u00fc ild\u0259 Heyd\u0259r \u018fliyev AXC-M\u00fcsavat hakimiyy\u0259tinin s\u0259ri\u015ft\u0259sizliyi ucbat\u0131ndan G\u0259nc\u0259d\u0259 ba\u015flanan h\u0259rbi qiyam\u0131n milli f\u0259lak\u0259t t\u0259hl\u00fck\u0259si do\u011furdu\u011fu zaman, xalq\u0131n irad\u0259si il\u0259 respublikan\u0131n siyasi r\u0259hb\u0259rliyin\u0259 g\u0259tirildi. Heyd\u0259r \u018fliyev ilkin olaraq v\u0259t\u0259nda\u015f qar\u015f\u0131durmas\u0131n\u0131 aradan qald\u0131rd\u0131, idar\u0259\u00e7ilik sisteminin m\u00f6hk\u0259ml\u0259ndirilm\u0259si, separat\u00e7\u0131 q\u00fcvv\u0259l\u0259rin z\u0259r\u0259rsizl\u0259\u015fdirilm\u0259si y\u00f6n\u00fcnd\u0259 intensiv i\u015fl\u0259r g\u00f6rm\u0259y\u0259 ba\u015flad\u0131.<\/p>\n<p>Heyd\u0259r \u018fliyevin hakimiyy\u0259t\u0259 qay\u0131d\u0131\u015f\u0131 il\u0259 Az\u0259rbaycan \u0259yal\u0259tl\u0259r\u0259 par\u00e7alanmadan, siyasi didi\u015fm\u0259l\u0259rd\u0259n, xaos v\u0259 anarxiyadan, \u0259n \u0259sas\u0131 bir xalq kimi m\u0259hv olmaqdan qurtuldu. \u00d6lk\u0259nin sosial-iqtisadi, m\u0259n\u0259vi h\u0259yat\u0131nda \u0259sasl\u0131 d\u00f6n\u00fc\u015f ba\u015f verdi, m\u00fcst\u0259qil d\u00f6vl\u0259t quruculu\u011fu prosesin\u0259 ba\u015fland\u0131.<\/p>\n<p>Ulu \u00d6nd\u0259r q\u0131sa m\u00fcdd\u0259t \u0259rzind\u0259 d\u00f6vl\u0259t intizam\u0131n\u0131, qanun\u00e7ulu\u011fu g\u00fccl\u0259ndir\u0259r\u0259k siyasi sabitliy\u0259 nail oldu v\u0259 iqtisadi t\u0259n\u0259zz\u00fcl\u00fcn qar\u015f\u0131s\u0131n\u0131 almaq \u00fc\u00e7\u00fcn ciddi t\u0259dbirl\u0259r g\u00f6rd\u00fc. Bazar iqtisadiyyat\u0131na ke\u00e7idi t\u0259min etm\u0259y\u0259 y\u00f6n\u0259lmi\u015f m\u00fcvafiq qanunvericilik aktlar\u0131 q\u0259bul edildi. Heyd\u0259r \u018fliyevin r\u0259hb\u0259rliyi il\u0259 h\u0259yata ke\u00e7iril\u0259n bu t\u0259dbirl\u0259r q\u0131sa m\u00fcdd\u0259td\u0259 iqtisadi b\u00f6hran\u0131 aradan qald\u0131rma\u011fa imkan yaratd\u0131. 1994-c\u00fc ilin may\u0131nda Bi\u015fkek sazi\u015fi il\u0259 Erm\u0259nistan-Az\u0259rbaycan aras\u0131nda uzunm\u00fcdd\u0259tli at\u0259\u015fk\u0259s\u0259 nail olundu. Torpaqlar\u0131m\u0131z\u0131n m\u00fcdafi\u0259sinin m\u00f6hk\u0259ml\u0259ndirilm\u0259si \u00fc\u00e7\u00fcn ordu quruculu\u011funa ba\u015flan\u0131ld\u0131.<\/p>\n<p>Heyd\u0259r \u018fliyevin iqtisadi siyas\u0259tinin \u0259sas istiqam\u0259tini t\u0259\u015fkil ed\u0259n neft strategiyas\u0131n\u0131n ger\u00e7\u0259kl\u0259\u015fm\u0259sind\u0259 ilk add\u0131m at\u0131ld\u0131. Neft s\u0259nayesi il\u0259 yana\u015f\u0131, s\u0259nayenin dig\u0259r sah\u0259l\u0259rinin inki\u015faf\u0131 istiqam\u0259tind\u0259 \u0259sasl\u0131 ir\u0259lil\u0259yi\u015fl\u0259r ba\u015f verdi. Bu d\u00f6vrd\u0259 \u00f6z\u0259ll\u0259\u015fdirm\u0259 siyas\u0259ti u\u011furla h\u0259yata ke\u00e7irildi, yeni sahibkarl\u0131q t\u0259b\u0259q\u0259si t\u0259\u015f\u0259kk\u00fcl tapd\u0131, istehsal\u0131n strukturunda \u00f6z\u0259l b\u00f6lm\u0259nin pay\u0131 artd\u0131.<\/p>\n<p>\u00d6lk\u0259 r\u0259hb\u0259rinin xarici siyas\u0259t sah\u0259sind\u0259 yeritdiyi d\u00fc\u015f\u00fcn\u00fclm\u00fc\u015f tarazl\u0131 x\u0259tt say\u0259sind\u0259 Az\u0259rbaycan Respublikas\u0131 beyn\u0259lxalq t\u0259cridd\u0259n \u00e7\u0131xa bildi. Az\u0259rbaycan, Qaraba\u011f problemi haqq\u0131nda obyektiv informasiya formala\u015fd\u0131r\u0131ld\u0131. Getdikc\u0259 daha \u00e7ox d\u00f6vl\u0259t v\u0259 beyn\u0259lxalq t\u0259\u015fkilat Az\u0259rbaycan\u0131n haqq i\u015fini m\u00fcdafi\u0259 etm\u0259y\u0259 ba\u015flad\u0131.<\/p>\n<p>\u00c7\u0259tinlikl\u0259r\u0259 baxmayaraq, \u00fcmummilli lider Heyd\u0259r \u018fliyevin yorulmaz f\u0259aliyy\u0259ti n\u0259tic\u0259sind\u0259 Az\u0259rbaycan Respublikas\u0131 intibah yoluna q\u0259d\u0259m qoydu. Heyd\u0259r \u018fliyevin quruculuq, inki\u015faf v\u0259 t\u0259r\u0259qqi strategiyas\u0131n\u0131 m\u00fcasir \u015f\u0259raitd\u0259 Prezident \u0130lham \u018fliyev u\u011furla davam etdirir. Az\u0259rbaycan Prezidenti \u0130lham \u018fliyev \u00f6z d\u00f6vl\u0259t\u00e7ilik f\u0259aliyy\u0259tind\u0259 Heyd\u0259r \u018fliyev siyas\u0259tini davam etdirm\u0259kl\u0259 onu yeni ideyalarla daha da z\u0259nginl\u0259\u015fdirib. Bunun n\u0259tic\u0259sidir ki, bu g\u00fcn \u00f6lk\u0259miz art\u0131m tempin\u0259 g\u00f6r\u0259 d\u00fcnya d\u00f6vl\u0259tl\u0259ri s\u0131ras\u0131nda \u00f6nc\u00fcl m\u00f6vqed\u0259 dayan\u0131r. \u00d6lk\u0259mizin beyn\u0259lxalq al\u0259md\u0259 n\u00fcfuzu getdikc\u0259 art\u0131r. Az\u0259rbaycan\u0131n milli t\u0259hl\u00fck\u0259sizlik sistemi, ordusu y\u00fcks\u0259k inki\u015faf s\u0259viyy\u0259sin\u0259 \u00e7atd\u0131r\u0131l\u0131b. Ordumuzun g\u00fcc\u00fc v\u0259 q\u00fcdr\u0259ti, 44 g\u00fcnl\u00fck V\u0259t\u0259n m\u00fcharib\u0259sind\u0259ki z\u0259f\u0259ri bunun bariz n\u00fcmun\u0259sidir. V\u0259t\u0259n m\u00fcharib\u0259sind\u0259 Az\u0259rbaycan Respublikas\u0131n\u0131n Prezidenti, Ali Ba\u015f Komandan \u0130lham \u018fliyevin r\u0259hb\u0259rliyi il\u0259 torpaqlar\u0131m\u0131z i\u015f\u011faldan azad olundu. Az\u0259rbaycan\u0131n \u0259razi b\u00fct\u00f6vl\u00fcy\u00fc b\u0259rpa edildi, tarixi \u0259dal\u0259t \u00f6z yerini tapd\u0131.<\/p>\n<p>B\u00fct\u00fcn bunlar Heyd\u0259r \u018fliyev siyas\u0259tinin \u0259b\u0259diliyinin bariz n\u00fcmun\u0259sidir.<\/p>\n","protected":false},"excerpt":{"rendered":"<p>Az\u0259rbaycan\u0131n m\u00fcasir tarixinin t\u0259qrib\u0259n yar\u0131m \u0259sr\u0259 b\u0259rab\u0259r bir d\u00f6vr\u00fcnd\u0259 qazan\u0131lm\u0131\u015f nailiyy\u0259tl\u0259r Ulu \u00d6nd\u0259rin f\u0259aliyy\u0259ti il\u0259 ba\u011fl\u0131d\u0131r \u201d\u0130NFONEWS\u201d x\u0259b\u0259r verir. M\u00fcst\u0259qil Az\u0259rbaycan d\u00f6vl\u0259tinin memar\u0131 v\u0259 qurucusu Heyd\u0259r \u018fliyev milli d\u00f6vl\u0259t\u00e7iliyimizin inki\u015faf\u0131nda&hellip; <\/p>\n","protected":false},"author":3,"featured_media":8566,"comment_status":"open","ping_status":"open","sticky":false,"template":"","format":"standard","meta":{"_mi_skip_tracking":false,"_monsterinsights_sitenote_active":false,"_monsterinsights_sitenote_note":"","_monsterinsights_sitenote_category":0,"footnotes":""},"categories":[11,3],"tags":[276],"aioseo_notices":[],"_links":{"self":[{"href":"https:\/\/infonews.az\/index.php?rest_route=\/wp\/v2\/posts\/8565"}],"collection":[{"href":"https:\/\/infonews.az\/index.php?rest_route=\/wp\/v2\/posts"}],"about":[{"href":"https:\/\/infonews.az\/index.php?rest_route=\/wp\/v2\/types\/post"}],"author":[{"embeddable":true,"href":"https:\/\/infonews.az\/index.php?rest_route=\/wp\/v2\/users\/3"}],"replies":[{"embeddable":true,"href":"https:\/\/infonews.az\/index.php?rest_route=%2Fwp%2Fv2%2Fcomments&post=8565"}],"version-history":[{"count":1,"href":"https:\/\/infonews.az\/index.php?rest_route=\/wp\/v2\/posts\/8565\/revisions"}],"predecessor-version":[{"id":8567,"href":"https:\/\/infonews.az\/index.php?rest_route=\/wp\/v2\/posts\/8565\/revisions\/8567"}],"wp:featuredmedia":[{"embeddable":true,"href":"https:\/\/infonews.az\/index.php?rest_route=\/wp\/v2\/media\/8566"}],"wp:attachment":[{"href":"https:\/\/infonews.az\/index.php?rest_route=%2Fwp%2Fv2%2Fmedia&parent=8565"}],"wp:term":[{"taxonomy":"category","embeddable":true,"href":"https:\/\/infonews.az\/index.php?rest_route=%2Fwp%2Fv2%2Fcategories&post=8565"},{"taxonomy":"post_tag","embeddable":true,"href":"https:\/\/infonews.az\/index.php?rest_route=%2Fwp%2Fv2%2Ftags&post=8565"}],"curies":[{"name":"wp","href":"https:\/\/api.w.org\/{rel}","templated":true}]}}