{"id":8584,"date":"2021-05-10T14:18:14","date_gmt":"2021-05-10T10:18:14","guid":{"rendered":"https:\/\/infonews.az\/?p=8584"},"modified":"2021-05-10T14:18:14","modified_gmt":"2021-05-10T10:18:14","slug":"imza-ictimai-birliyinin-kollektivi-f%c9%99xri-xiyabanda-ulu-ond%c9%99r-heyd%c9%99r-%c9%99liyevin-xatir%c9%99sini-anib","status":"publish","type":"post","link":"https:\/\/infonews.az\/?p=8584","title":{"rendered":"\u201c\u0130MZA\u201d \u0130ctimai Birliyinin kollektivi F\u0259xri xiyabanda ulu \u00f6nd\u0259r Heyd\u0259r \u018fliyevin xatir\u0259sini an\u0131b"},"content":{"rendered":"<p><span style=\"color: #ffffff;\">\u201c\u0130MZA\u201d \u0130ctimai Birliyinin kollektivi F\u0259xri xiyabanda ulu \u00f6nd\u0259r Heyd\u0259r \u018fliyevin xatir\u0259sini an\u0131b<\/span><\/p>\n<p><span style=\"color: #ff0000;\"><strong>\u201d\u0130NFONEWS\u201d<\/strong><\/span> x\u0259b\u0259r verir.<\/p>\n<p>\u201c\u0130MZA\u201d &#8211; \u0130lhamla Mehribanla Zirv\u0259l\u0259r\u0259 Az\u0259rbaycan Sosial \u0130nki\u015fafa D\u0259st\u0259k \u0130ctimai Birliyinin r\u0259hb\u0259r hey\u0259ti, kollektivin \u00fczvl\u0259ri v\u0259 k\u00f6n\u00fcll\u00fcl\u0259ri ulu \u00f6nd\u0259r Heyd\u0259r \u018fliyevin anadan olmas\u0131n\u0131n 98-ci ild\u00f6n\u00fcm\u00fc m\u00fcnasib\u0259til\u0259 F\u0259xri xiyabanda \u00dcmummilli Liderin m\u0259zar\u0131n\u0131 ziyar\u0259t edibl\u0259r.<br \/>\n\u0130ctimai Birliyin Beyn\u0259lxalq v\u0259 ictimaiyy\u0259tl\u0259 \u0259laq\u0259l\u0259r departamentinin direktoru Elnar M\u0259mm\u0259dli\u00a0 bildirib ki, g\u00f6rk\u0259mli d\u00f6vl\u0259t xadimi Heyd\u0259r \u018fliyevin az\u0259rbaycan\u00e7\u0131l\u0131q m\u0259fkur\u0259sini, V\u0259t\u0259n\u0259 v\u0259 mill\u0259t\u0259 xidm\u0259t ideallar\u0131n\u0131 \u00f6z\u00fc \u00fc\u00e7\u00fcn \u0259sas ideoloji x\u0259tt olaraq m\u00fc\u0259yy\u0259nl\u0259\u015fdirmi\u015f \u201c\u0130MZA\u201d\u00e7\u0131lar\u0131n ad\u0131ndan b\u00f6y\u00fck siyas\u0259t\u00e7inin m\u0259zar\u0131 \u00f6n\u00fcn\u0259 \u0259klil v\u0259 g\u00fcl d\u0259st\u0259l\u0259ri qoyulub. M\u00fcst\u0259qil Az\u0259rbaycan d\u00f6vl\u0259tinin memar\u0131 v\u0259 qurucusu Heyd\u0259r \u018fliyevin \u0259ziz xatir\u0259si ehtiramla an\u0131l\u0131b.<br \/>\nG\u00f6rk\u0259mli oftalmoloq-alim, akademik Z\u0259rif\u0259 xan\u0131m \u018fliyevan\u0131n xatir\u0259si an\u0131l\u0131b, m\u0259zar\u0131 \u00f6n\u00fcn\u0259 g\u00fcl d\u0259st\u0259l\u0259ri d\u00fcz\u00fcl\u00fcb, xatir\u0259si ehtiramla yad edilib.<br \/>\nG\u00f6rk\u0259mli d\u00f6vl\u0259t xadimi \u018fziz \u018fliyevin v\u0259 tan\u0131nm\u0131\u015f h\u0259kim-alim Tamerlan \u018fliyevin m\u0259zarlar\u0131 da ziyar\u0259t olunub.<\/p>\n","protected":false},"excerpt":{"rendered":"<p>\u201c\u0130MZA\u201d \u0130ctimai Birliyinin kollektivi F\u0259xri xiyabanda ulu \u00f6nd\u0259r Heyd\u0259r \u018fliyevin xatir\u0259sini an\u0131b \u201d\u0130NFONEWS\u201d x\u0259b\u0259r verir. \u201c\u0130MZA\u201d &#8211; \u0130lhamla Mehribanla Zirv\u0259l\u0259r\u0259 Az\u0259rbaycan Sosial \u0130nki\u015fafa D\u0259st\u0259k \u0130ctimai Birliyinin r\u0259hb\u0259r hey\u0259ti, kollektivin \u00fczvl\u0259ri&hellip; <\/p>\n","protected":false},"author":3,"featured_media":8585,"comment_status":"open","ping_status":"open","sticky":false,"template":"","format":"standard","meta":{"_mi_skip_tracking":false,"_monsterinsights_sitenote_active":false,"_monsterinsights_sitenote_note":"","_monsterinsights_sitenote_category":0,"footnotes":""},"categories":[11],"tags":[276],"aioseo_notices":[],"_links":{"self":[{"href":"https:\/\/infonews.az\/index.php?rest_route=\/wp\/v2\/posts\/8584"}],"collection":[{"href":"https:\/\/infonews.az\/index.php?rest_route=\/wp\/v2\/posts"}],"about":[{"href":"https:\/\/infonews.az\/index.php?rest_route=\/wp\/v2\/types\/post"}],"author":[{"embeddable":true,"href":"https:\/\/infonews.az\/index.php?rest_route=\/wp\/v2\/users\/3"}],"replies":[{"embeddable":true,"href":"https:\/\/infonews.az\/index.php?rest_route=%2Fwp%2Fv2%2Fcomments&post=8584"}],"version-history":[{"count":1,"href":"https:\/\/infonews.az\/index.php?rest_route=\/wp\/v2\/posts\/8584\/revisions"}],"predecessor-version":[{"id":8586,"href":"https:\/\/infonews.az\/index.php?rest_route=\/wp\/v2\/posts\/8584\/revisions\/8586"}],"wp:featuredmedia":[{"embeddable":true,"href":"https:\/\/infonews.az\/index.php?rest_route=\/wp\/v2\/media\/8585"}],"wp:attachment":[{"href":"https:\/\/infonews.az\/index.php?rest_route=%2Fwp%2Fv2%2Fmedia&parent=8584"}],"wp:term":[{"taxonomy":"category","embeddable":true,"href":"https:\/\/infonews.az\/index.php?rest_route=%2Fwp%2Fv2%2Fcategories&post=8584"},{"taxonomy":"post_tag","embeddable":true,"href":"https:\/\/infonews.az\/index.php?rest_route=%2Fwp%2Fv2%2Ftags&post=8584"}],"curies":[{"name":"wp","href":"https:\/\/api.w.org\/{rel}","templated":true}]}}