{"id":8587,"date":"2021-05-10T14:22:18","date_gmt":"2021-05-10T10:22:18","guid":{"rendered":"https:\/\/infonews.az\/?p=8587"},"modified":"2021-05-10T14:22:18","modified_gmt":"2021-05-10T10:22:18","slug":"az%c9%99rbaycanin-fransadaki-s%c9%99firliyi-itkin-dusmus-mulki-az%c9%99rbaycanlilarin-taleyi-v%c9%99-minalanmis-%c9%99razil%c9%99rin-x%c9%99rit%c9%99l%c9%99ri-il%c9%99-bagli-kommunike-yayib","status":"publish","type":"post","link":"https:\/\/infonews.az\/?p=8587","title":{"rendered":"Az\u0259rbaycan\u0131n Fransadak\u0131 s\u0259firliyi itkin d\u00fc\u015fm\u00fc\u015f m\u00fclki az\u0259rbaycanl\u0131lar\u0131n taleyi v\u0259 minalanm\u0131\u015f \u0259razil\u0259rin x\u0259rit\u0259l\u0259ri il\u0259 ba\u011fl\u0131 komm\u00fcnike yay\u0131b"},"content":{"rendered":"<p><span style=\"color: #ffffff;\">G\u00f6r<\/span><\/p>\n<p><span style=\"color: #ff0000;\"><strong>\u201d\u0130NFONEWS\u201d<\/strong> <\/span>Az\u0259rtac&#8217;a istinad\u0259n x\u0259b\u0259r verir.<\/p>\n<p>Az\u0259rbaycan\u0131n Fransadak\u0131 s\u0259firliyi Erm\u0259nistan\u0131n itkin d\u00fc\u015fm\u00fc\u015f m\u00fclki az\u0259rbaycanl\u0131lar\u0131n taleyi il\u0259 ba\u011fl\u0131 m\u0259lumat, el\u0259c\u0259 d\u0259 azad olunmu\u015f \u0259razil\u0259rimizd\u0259 mina v\u0259 dig\u0259r partlay\u0131c\u0131 madd\u0259l\u0259rin x\u0259rit\u0259sini verm\u0259m\u0259si il\u0259 ba\u011fl\u0131 a\u00e7\u0131qlama yay\u0131b.<br \/>\nKomm\u00fcniked\u0259 Erm\u0259nistan\u0131n Az\u0259rbaycan torpaqlar\u0131n\u0131 i\u015f\u011fal etm\u0259si, Birinci v\u0259 \u0130kinci Qaraba\u011f m\u00fcharib\u0259l\u0259rind\u0259 itkin d\u00fc\u015fm\u00fc\u015f az\u0259rbaycanl\u0131 m\u00fclki \u015f\u0259xsl\u0259r haqq\u0131nda m\u0259lumat verilir, azad olunmu\u015f \u0259razil\u0259rimizd\u0259 erm\u0259ni silahl\u0131 q\u00fcvv\u0259l\u0259ri t\u0259r\u0259find\u0259n yerl\u0259\u015fdirilmi\u015f mina v\u0259 dig\u0259r partlay\u0131c\u0131 madd\u0259l\u0259rin x\u0259rit\u0259sinin verilm\u0259sin\u0259 yard\u0131m g\u00f6st\u0259rm\u0259si \u00fc\u00e7\u00fcn Fransaya \u00e7a\u011f\u0131r\u0131\u015f edilir.<br \/>\n1991-1994-c\u00fc ill\u0259rd\u0259 Birinci Qaraba\u011f m\u00fcharib\u0259si d\u00f6vr\u00fcnd\u0259 Erm\u0259nistan silahl\u0131 q\u00fcvv\u0259l\u0259rinin m\u00fclki Az\u0259rbaycan v\u0259t\u0259nda\u015flar\u0131na qar\u015f\u0131 t\u00f6r\u0259tdiyi m\u00fcharib\u0259 v\u0259 insanl\u0131\u011fa qar\u015f\u0131 cinay\u0259tl\u0259rd\u0259n, x\u00fcsusil\u0259 Ba\u015fl\u0131bel q\u0131r\u011f\u0131n\u0131ndan s\u00f6z a\u00e7\u0131lan komm\u00fcniked\u0259 bildirilib ki, g\u0259l\u0259c\u0259kd\u0259 bel\u0259 d\u0259h\u015f\u0259tli hadis\u0259l\u0259rin t\u0259krarlanmamas\u0131 \u00fc\u00e7\u00fcn m\u00fclki \u0259haliy\u0259 qar\u015f\u0131 t\u00f6r\u0259dil\u0259n b\u00fct\u00fcn cinay\u0259tl\u0259rin m\u00fc\u0259llifl\u0259ri \u0259dal\u0259t m\u0259hk\u0259m\u0259si qar\u015f\u0131s\u0131na \u00e7\u0131xar\u0131lmal\u0131 v\u0259 m\u0259suliyy\u0259t\u0259 c\u0259lb olunmal\u0131d\u0131r.<br \/>\nVur\u011fulan\u0131b ki, son h\u0259rbi \u0259m\u0259liyyatlar zaman\u0131 h\u0259lak olmu\u015f erm\u0259ni h\u0259rb\u00e7il\u0259rinin c\u0259s\u0259dl\u0259rinin axtar\u0131\u015f\u0131 \u00fc\u00e7\u00fcn Az\u0259rbaycan t\u0259r\u0259find\u0259n h\u0259r c\u00fcr \u015f\u0259raitin yarad\u0131lmas\u0131na baxmayaraq, Erm\u0259nistan\u0131n itkin d\u00fc\u015f\u0259nl\u0259r bar\u0259d\u0259 m\u0259lumat verm\u0259yi r\u0259dd etm\u0259si anla\u015f\u0131lmazd\u0131r. \u0130ndiki m\u0259qamda Az\u0259rbaycan\u0131n Silahl\u0131 Q\u00fcvv\u0259l\u0259rinin h\u0259rb\u00e7il\u0259ri h\u0259yatlar\u0131n\u0131 t\u0259hl\u00fck\u0259y\u0259 ataraq, itkin d\u00fc\u015fm\u00fc\u015f erm\u0259ni \u0259sg\u0259rl\u0259rinin yax\u0131nlar\u0131 il\u0259 yana\u015f\u0131, Erm\u0259nistan silahl\u0131 q\u00fcvv\u0259l\u0259rinin axtar\u0131\u015f\u0131n\u0131 asanla\u015fd\u0131rmaqda davam edirl\u0259r. Ancaq Erm\u0259nistan Birinci Qaraba\u011f m\u00fcharib\u0259sind\u0259 itkin d\u00fc\u015fm\u00fc\u015f 4 min m\u00fclki az\u0259rbaycanl\u0131 haqq\u0131nda m\u0259lumat verm\u0259kd\u0259n imtina edir.<br \/>\n\u201cAz\u0259rbaycan t\u0259r\u0259fi Fransa t\u0259r\u0259fini az\u0259rbaycanl\u0131 m\u00fclki \u0259haliy\u0259 qar\u015f\u0131 t\u00f6r\u0259dilmi\u015f \u00e7oxsayl\u0131 m\u00fcharib\u0259 v\u0259 insanl\u0131q \u0259leyhin\u0259 cinay\u0259tl\u0259r haqq\u0131nda h\u0259qiq\u0259tl\u0259rin a\u015fkarlanmas\u0131na, el\u0259c\u0259 d\u0259 Erm\u0259nistan\u0131n 1991-1994-c\u00fc ill\u0259rd\u0259 Birinci Qaraba\u011f m\u00fcharib\u0259sind\u0259 itkin d\u00fc\u015fm\u00fc\u015f 4 min az\u0259rbaycanl\u0131n\u0131n taleyin\u0259 ayd\u0131nl\u0131q g\u0259tirm\u0259sin\u0259, h\u0259m\u00e7inin qa\u00e7q\u0131nlar\u0131n geri d\u00f6nm\u0259sini l\u0259ngid\u0259n, s\u00fclh \u00fc\u00e7\u00fcn t\u0259hl\u00fck\u0259 yaradan v\u0259 yeni qurbanlara s\u0259b\u0259b ola bil\u0259c\u0259k minalanm\u0131\u015f \u0259razil\u0259rin x\u0259rit\u0259l\u0259rini t\u0259qdim etm\u0259sin\u0259 yard\u0131m g\u00f6st\u0259rm\u0259y\u0259 \u00e7a\u011f\u0131r\u0131r. Son 27 ild\u0259 kifay\u0259t q\u0259d\u0259r qurbanlar olub\u201d, &#8211; dey\u0259 komm\u00fcniked\u0259 bildirilib.<\/p>\n","protected":false},"excerpt":{"rendered":"<p>G\u00f6r \u201d\u0130NFONEWS\u201d Az\u0259rtac&#8217;a istinad\u0259n x\u0259b\u0259r verir. Az\u0259rbaycan\u0131n Fransadak\u0131 s\u0259firliyi Erm\u0259nistan\u0131n itkin d\u00fc\u015fm\u00fc\u015f m\u00fclki az\u0259rbaycanl\u0131lar\u0131n taleyi il\u0259 ba\u011fl\u0131 m\u0259lumat, el\u0259c\u0259 d\u0259 azad olunmu\u015f \u0259razil\u0259rimizd\u0259 mina v\u0259 dig\u0259r partlay\u0131c\u0131 madd\u0259l\u0259rin x\u0259rit\u0259sini verm\u0259m\u0259si&hellip; <\/p>\n","protected":false},"author":3,"featured_media":8588,"comment_status":"open","ping_status":"open","sticky":false,"template":"","format":"standard","meta":{"_mi_skip_tracking":false,"_monsterinsights_sitenote_active":false,"_monsterinsights_sitenote_note":"","_monsterinsights_sitenote_category":0,"footnotes":""},"categories":[6,11],"tags":[276,74],"aioseo_notices":[],"_links":{"self":[{"href":"https:\/\/infonews.az\/index.php?rest_route=\/wp\/v2\/posts\/8587"}],"collection":[{"href":"https:\/\/infonews.az\/index.php?rest_route=\/wp\/v2\/posts"}],"about":[{"href":"https:\/\/infonews.az\/index.php?rest_route=\/wp\/v2\/types\/post"}],"author":[{"embeddable":true,"href":"https:\/\/infonews.az\/index.php?rest_route=\/wp\/v2\/users\/3"}],"replies":[{"embeddable":true,"href":"https:\/\/infonews.az\/index.php?rest_route=%2Fwp%2Fv2%2Fcomments&post=8587"}],"version-history":[{"count":1,"href":"https:\/\/infonews.az\/index.php?rest_route=\/wp\/v2\/posts\/8587\/revisions"}],"predecessor-version":[{"id":8589,"href":"https:\/\/infonews.az\/index.php?rest_route=\/wp\/v2\/posts\/8587\/revisions\/8589"}],"wp:featuredmedia":[{"embeddable":true,"href":"https:\/\/infonews.az\/index.php?rest_route=\/wp\/v2\/media\/8588"}],"wp:attachment":[{"href":"https:\/\/infonews.az\/index.php?rest_route=%2Fwp%2Fv2%2Fmedia&parent=8587"}],"wp:term":[{"taxonomy":"category","embeddable":true,"href":"https:\/\/infonews.az\/index.php?rest_route=%2Fwp%2Fv2%2Fcategories&post=8587"},{"taxonomy":"post_tag","embeddable":true,"href":"https:\/\/infonews.az\/index.php?rest_route=%2Fwp%2Fv2%2Ftags&post=8587"}],"curies":[{"name":"wp","href":"https:\/\/api.w.org\/{rel}","templated":true}]}}