{"id":8603,"date":"2021-05-10T15:00:09","date_gmt":"2021-05-10T11:00:09","guid":{"rendered":"https:\/\/infonews.az\/?p=8603"},"modified":"2021-05-10T15:02:09","modified_gmt":"2021-05-10T11:02:09","slug":"bu-gun-qeyd-ictimai-birliyi-muasir-az%c9%99rbaycan-dovl%c9%99tinin-qurucusu-v%c9%99-banisi-%c9%99b%c9%99di-olaraq-umumxalq-sevgisini-qazanmis-ulu-ond%c9%99r-heyd%c9%99r-%c9%99liyevin-anadan-olma","status":"publish","type":"post","link":"https:\/\/infonews.az\/?p=8603","title":{"rendered":"Bu g\u00fcn &#8220;Qeyd&#8221; \u0130ctimai Birliyi M\u00fcasir Az\u0259rbaycan d\u00f6vl\u0259tinin qurucusu v\u0259 banisi, \u0259b\u0259di olaraq \u00fcmumxalq sevgisini qazanm\u0131\u015f  ulu \u00f6nd\u0259r Heyd\u0259r \u018fliyevin anadan olmas\u0131n\u0131n 98-ci ild\u00f6n\u00fcm\u00fc m\u00fcnasib\u0259til\u0259 m\u0259zar\u0131n\u0131 ziyar\u0259t edib."},"content":{"rendered":"<p><span style=\"color: #ffffff;\">Bu g\u00fcn &#8220;Qeyd&#8221; \u0130ctimai Birliyi M\u00fcasir Az\u0259rbaycan d\u00f6vl\u0259tinin qurucusu v\u0259 banisi, \u0259b\u0259di olaraq \u00fcmumxalq sevgisini qazanm\u0131\u015f ulu \u00f6nd\u0259r Heyd\u0259r \u018fliyevin anadan olmas\u0131n\u0131n 98-ci ild\u00f6n\u00fcm\u00fc m\u00fcnasib\u0259til\u0259 m\u0259zar\u0131n\u0131 ziyar\u0259t edib.<\/span><\/p>\n<p><span style=\"color: #ff0000;\"><strong>\u201d\u0130NFONEWS\u201d<\/strong> <\/span>x\u0259b\u0259r verir.<\/p>\n<p>\u0130ctimai Birliyin s\u0259dri Tural Nurm\u0259mm\u0259dov bildirib ki, \u00dcmummilli lider Heyd\u0259r \u018fliyev h\u0259mi\u015f\u0259 g\u0259ncl\u0259rimiz\u0259 b\u00f6y\u00fck \u00fcmidl\u0259r b\u0259sl\u0259yir v\u0259 d\u0259f\u0259l\u0259rl\u0259 qeyd edirdi ki, Az\u0259rbaycan\u0131n g\u0259l\u0259c\u0259yi g\u0259ncl\u0259rin \u0259lind\u0259dir. \u00dcmummilli liderimiz Heyd\u0259r \u018fliyev \u00f6lk\u0259d\u0259 ged\u0259n demokratik islahatlara v\u0259 insan h\u00fcquqlar\u0131n\u0131n qorunmas\u0131na h\u0259mi\u015f\u0259 diqq\u0259t yetirirdi. \u0130ctimai-siyasi, m\u0259d\u0259ni h\u0259yat\u0131m\u0131z\u0131n m\u00fcxt\u0259lif sah\u0259l\u0259rind\u0259 sistemli islahatlar aparan b\u00f6y\u00fck \u00f6nd\u0259rimiz b\u00fct\u00fcn bu prosesl\u0259rd\u0259 g\u0259ncl\u0259rin roluna h\u0259mi\u015f\u0259 x\u00fcsusi fikir verirdi.M\u00fcst\u0259qil Az\u0259rbaycan d\u00f6vl\u0259tinin memar\u0131 v\u0259 qurucusu Heyd\u0259r \u018fliyevin \u0259ziz xatir\u0259si ehtiramla an\u0131l\u0131b.<\/p>\n<p>&nbsp;<\/p>\n","protected":false},"excerpt":{"rendered":"<p>Bu g\u00fcn &#8220;Qeyd&#8221; \u0130ctimai Birliyi M\u00fcasir Az\u0259rbaycan d\u00f6vl\u0259tinin qurucusu v\u0259 banisi, \u0259b\u0259di olaraq \u00fcmumxalq sevgisini qazanm\u0131\u015f ulu \u00f6nd\u0259r Heyd\u0259r \u018fliyevin anadan olmas\u0131n\u0131n 98-ci ild\u00f6n\u00fcm\u00fc m\u00fcnasib\u0259til\u0259 m\u0259zar\u0131n\u0131 ziyar\u0259t edib. \u201d\u0130NFONEWS\u201d x\u0259b\u0259r&hellip; <\/p>\n","protected":false},"author":3,"featured_media":8606,"comment_status":"open","ping_status":"open","sticky":false,"template":"","format":"standard","meta":{"_mi_skip_tracking":false,"_monsterinsights_sitenote_active":false,"_monsterinsights_sitenote_note":"","_monsterinsights_sitenote_category":0,"footnotes":""},"categories":[11],"tags":[276],"aioseo_notices":[],"_links":{"self":[{"href":"https:\/\/infonews.az\/index.php?rest_route=\/wp\/v2\/posts\/8603"}],"collection":[{"href":"https:\/\/infonews.az\/index.php?rest_route=\/wp\/v2\/posts"}],"about":[{"href":"https:\/\/infonews.az\/index.php?rest_route=\/wp\/v2\/types\/post"}],"author":[{"embeddable":true,"href":"https:\/\/infonews.az\/index.php?rest_route=\/wp\/v2\/users\/3"}],"replies":[{"embeddable":true,"href":"https:\/\/infonews.az\/index.php?rest_route=%2Fwp%2Fv2%2Fcomments&post=8603"}],"version-history":[{"count":1,"href":"https:\/\/infonews.az\/index.php?rest_route=\/wp\/v2\/posts\/8603\/revisions"}],"predecessor-version":[{"id":8610,"href":"https:\/\/infonews.az\/index.php?rest_route=\/wp\/v2\/posts\/8603\/revisions\/8610"}],"wp:featuredmedia":[{"embeddable":true,"href":"https:\/\/infonews.az\/index.php?rest_route=\/wp\/v2\/media\/8606"}],"wp:attachment":[{"href":"https:\/\/infonews.az\/index.php?rest_route=%2Fwp%2Fv2%2Fmedia&parent=8603"}],"wp:term":[{"taxonomy":"category","embeddable":true,"href":"https:\/\/infonews.az\/index.php?rest_route=%2Fwp%2Fv2%2Fcategories&post=8603"},{"taxonomy":"post_tag","embeddable":true,"href":"https:\/\/infonews.az\/index.php?rest_route=%2Fwp%2Fv2%2Ftags&post=8603"}],"curies":[{"name":"wp","href":"https:\/\/api.w.org\/{rel}","templated":true}]}}