{"id":8663,"date":"2021-05-10T21:15:04","date_gmt":"2021-05-10T17:15:04","guid":{"rendered":"https:\/\/infonews.az\/?p=8663"},"modified":"2021-05-10T21:15:04","modified_gmt":"2021-05-10T17:15:04","slug":"ramazanin-28-ci-gununun-duasi-imsak-v%c9%99-iftar-vaxti","status":"publish","type":"post","link":"https:\/\/infonews.az\/?p=8663","title":{"rendered":"Ramazan\u0131n 28-ci g\u00fcn\u00fcn\u00fcn duas\u0131 &#8211; \u0130msak v\u0259 iftar vaxt\u0131"},"content":{"rendered":"<p><strong>Sabah Ramazan ay\u0131n\u0131n 28-ci g\u00fcn\u00fcd\u00fcr.<\/strong><\/p>\n<p><a href=\"http:\/\/infonews.az\">&#8220;INFONEWS&#8221;<\/a>un m\u0259lumat\u0131na g\u00f6r\u0259, Qafqaz M\u00fcs\u0259lmanlar\u0131 \u0130dar\u0259sinin a\u00e7\u0131qlad\u0131\u011f\u0131 Ramazan t\u0259qvimin\u0259 \u0259sas\u0259n, may\u0131n 11-d\u0259 Bak\u0131da imsak saat 03:49-da, iftar is\u0259 saat 20:01-d\u0259dir.<\/p>\n<p><em>Ramazan ay\u0131n\u0131n 28-ci g\u00fcn\u00fcn\u00fcn duas\u0131:<\/em><\/p>\n<div id=\"AdviadNativeVideo0\" class=\"AdviadNativeVideo\"><\/div>\n<p>&#8220;Allahumm\u0259 v\u0259ffir h\u0259zzi fihi min\u0259n-n\u0259vafil. V\u0259 \u0259krimni fihi bi-ihzaril-m\u0259sail. V\u0259 q\u0259rrib fihi v\u0259sil\u0259ti ileyk\u0259 min beynil-v\u0259sail. Ya m\u0259n y\u0259\u015f\u011f\u0259luhu ilhahul-mulihhin&#8221;.<\/p>\n<p><strong>T\u0259rc\u00fcm\u0259si<\/strong>: &#8220;\u0130lahi, bu g\u00fcn m\u0259n\u0259 yax\u015f\u0131 \u0259m\u0259ll\u0259rin b\u0259hr\u0259sini bol et! \u0130st\u0259kl\u0259rimi yerin\u0259 yetirm\u0259kl\u0259 m\u0259n\u0259 k\u0259ram\u0259t g\u00f6st\u0259r! S\u0259n\u0259 yetm\u0259k \u00fc\u00e7\u00fcn yollar i\u00e7ind\u0259n se\u00e7diyim yolu \u00d6z\u00fcn\u0259 yax\u0131n et! Ey israr ed\u0259nl\u0259rin \u00f6z israrlar\u0131 il\u0259 m\u0259\u015f\u011ful ed\u0259 bilm\u0259dikl\u0259ri Allah!&#8221;.<\/p>\n","protected":false},"excerpt":{"rendered":"<p>Sabah Ramazan ay\u0131n\u0131n 28-ci g\u00fcn\u00fcd\u00fcr. &#8220;INFONEWS&#8221;un m\u0259lumat\u0131na g\u00f6r\u0259, Qafqaz M\u00fcs\u0259lmanlar\u0131 \u0130dar\u0259sinin a\u00e7\u0131qlad\u0131\u011f\u0131 Ramazan t\u0259qvimin\u0259 \u0259sas\u0259n, may\u0131n 11-d\u0259 Bak\u0131da imsak saat 03:49-da, iftar is\u0259 saat 20:01-d\u0259dir. Ramazan ay\u0131n\u0131n 28-ci g\u00fcn\u00fcn\u00fcn duas\u0131:&hellip; <\/p>\n","protected":false},"author":3,"featured_media":8664,"comment_status":"open","ping_status":"open","sticky":false,"template":"","format":"standard","meta":{"_mi_skip_tracking":false,"_monsterinsights_sitenote_active":false,"_monsterinsights_sitenote_note":"","_monsterinsights_sitenote_category":0,"footnotes":""},"categories":[11],"tags":[15,3953],"aioseo_notices":[],"_links":{"self":[{"href":"https:\/\/infonews.az\/index.php?rest_route=\/wp\/v2\/posts\/8663"}],"collection":[{"href":"https:\/\/infonews.az\/index.php?rest_route=\/wp\/v2\/posts"}],"about":[{"href":"https:\/\/infonews.az\/index.php?rest_route=\/wp\/v2\/types\/post"}],"author":[{"embeddable":true,"href":"https:\/\/infonews.az\/index.php?rest_route=\/wp\/v2\/users\/3"}],"replies":[{"embeddable":true,"href":"https:\/\/infonews.az\/index.php?rest_route=%2Fwp%2Fv2%2Fcomments&post=8663"}],"version-history":[{"count":1,"href":"https:\/\/infonews.az\/index.php?rest_route=\/wp\/v2\/posts\/8663\/revisions"}],"predecessor-version":[{"id":8665,"href":"https:\/\/infonews.az\/index.php?rest_route=\/wp\/v2\/posts\/8663\/revisions\/8665"}],"wp:featuredmedia":[{"embeddable":true,"href":"https:\/\/infonews.az\/index.php?rest_route=\/wp\/v2\/media\/8664"}],"wp:attachment":[{"href":"https:\/\/infonews.az\/index.php?rest_route=%2Fwp%2Fv2%2Fmedia&parent=8663"}],"wp:term":[{"taxonomy":"category","embeddable":true,"href":"https:\/\/infonews.az\/index.php?rest_route=%2Fwp%2Fv2%2Fcategories&post=8663"},{"taxonomy":"post_tag","embeddable":true,"href":"https:\/\/infonews.az\/index.php?rest_route=%2Fwp%2Fv2%2Ftags&post=8663"}],"curies":[{"name":"wp","href":"https:\/\/api.w.org\/{rel}","templated":true}]}}