{"id":8731,"date":"2021-05-11T14:08:08","date_gmt":"2021-05-11T10:08:08","guid":{"rendered":"https:\/\/infonews.az\/?p=8731"},"modified":"2021-05-11T14:08:08","modified_gmt":"2021-05-11T10:08:08","slug":"naxcivan-inkisaf-v%c9%99-sabitlik-diyaridir","status":"publish","type":"post","link":"https:\/\/infonews.az\/?p=8731","title":{"rendered":"Nax\u00e7\u0131van inki\u015faf v\u0259 sabitlik diyar\u0131d\u0131r"},"content":{"rendered":"<p><span style=\"color: #ffffff;\">Nax\u00e7\u0131van inki\u015faf v\u0259 sabitlik diyar\u0131d\u0131r<\/span><\/p>\n<p><span style=\"color: #ff0000;\"><strong>\u201d\u0130NFONEWS\u201d<\/strong> <\/span>x\u0259b\u0259r verir.<\/p>\n<p>Bu g\u00fcn u\u011furlu inki\u015faf ed\u0259n \u2013 t\u0259r\u0259qqi yolunda inamla add\u0131mlayan Az\u0259rbaycan yeni nailiyy\u0259tl\u0259r qazanmaqla \u00f6z q\u00fcdr\u0259tini daha da art\u0131r\u0131r. Bunu m\u00fcmk\u00fcn ed\u0259n \u0259sas amil is\u0259 xalq\u0131m\u0131z\u0131n \u00fcmummilli lideri Heyd\u0259r \u018fliyevin \u0259sas\u0131n\u0131 qoydu\u011fu siyas\u0259tin Prezident \u0130lham \u018fliyev t\u0259r\u0259find\u0259n m\u00fcv\u0259ff\u0259qiyy\u0259tl\u0259 davam etdirilm\u0259sidir.<\/p>\n<p>Bunu a\u00e7\u0131qlamas\u0131nda Milli M\u0259clisin Regional m\u0259s\u0259l\u0259l\u0259r komit\u0259sinin s\u0259dri Siyavu\u015f Novruzov deyib.<\/p>\n<p>&nbsp;<\/p>\n<p>Nax\u00e7\u0131van \u00f6lk\u0259mizin \u0259n inki\u015faf etmi\u015f b\u00f6lg\u0259l\u0259rind\u0259n biridir<\/p>\n<p>&nbsp;<\/p>\n<p>Komit\u0259 s\u0259dri bildirib ki, milli t\u0259r\u0259qqimizin m\u00fch\u00fcm x\u00fcsusiyy\u0259tl\u0259rind\u0259n biri d\u0259 regionlar\u0131n tarazl\u0131 v\u0259 s\u00fcr\u0259tli inki\u015faf\u0131n\u0131n t\u0259min olunmas\u0131d\u0131r. Bu g\u00fcn \u00f6lk\u0259mizin dig\u0259r b\u00f6lg\u0259l\u0259ri kimi, Nax\u00e7\u0131van Muxtar Respublikas\u0131 da u\u011furla inki\u015faf edir, qar\u015f\u0131ya qoyulan h\u0259d\u0259fl\u0259r realla\u015fd\u0131r\u0131l\u0131r. \u00dcmumiyy\u0259tl\u0259, Nax\u00e7\u0131van\u0131n t\u0259n\u0259zz\u00fcld\u0259n xilas olaraq inki\u015faf yoluna \u00e7\u0131xmas\u0131n\u0131n \u0259sas\u0131 \u00fcmummilli liderimiz Heyd\u0259r \u018fliyev t\u0259r\u0259find\u0259n qoyulub. 1990-c\u0131 ill\u0259rin \u0259vv\u0259lind\u0259 olduqca g\u0259rgin v\u0259 m\u00fcr\u0259kk\u0259b \u015f\u0259raitd\u0259 olan muxtar respublika Ulu \u00d6nd\u0259rin misilsiz xidm\u0259tl\u0259ri n\u0259tic\u0259sind\u0259 b\u00f6y\u00fck u\u011furlar qazan\u0131b. \u00d6t\u0259n m\u00fcdd\u0259t \u0259rzind\u0259 Heyd\u0259r \u018fliyev ideyalar\u0131 \u0259sas\u0131nda g\u00f6r\u00fcl\u0259n i\u015fl\u0259r blokada \u015f\u0259raitind\u0259 olan Nax\u00e7\u0131van\u0131n nailiyy\u0259tl\u0259rini davaml\u0131 edib.<\/p>\n<p>D\u00f6vl\u0259timizin ba\u015f\u00e7\u0131s\u0131n\u0131n may\u0131n 10-da xalq\u0131m\u0131z\u0131n \u00fcmummilli lideri Heyd\u0259r \u018fliyevin V\u0259t\u0259nin\u0259 &#8211; Nax\u00e7\u0131vana s\u0259f\u0259ri is\u0259 \u0259lam\u0259tdar hadis\u0259 olmaqla yana\u015f\u0131, muxtar respublikan\u0131n g\u0259l\u0259c\u0259k inki\u015faf\u0131 bax\u0131m\u0131ndan \u00e7ox \u00f6n\u0259mlidir. Prezident \u0130lham \u018fliyev deyib: \u201cBu g\u00fcn burada olma\u011f\u0131m\u0131n x\u00fcsusi r\u0259mzi m\u0259nas\u0131 var. Nax\u00e7\u0131van bizim \u0259ziz diyar\u0131m\u0131zd\u0131r, Heyd\u0259r \u018fliyevin V\u0259t\u0259nidir. H\u0259r bir az\u0259rbaycanl\u0131 \u00fc\u00e7\u00fcn \u0259ziz, do\u011fma diyard\u0131r v\u0259 Nax\u00e7\u0131van\u0131n inki\u015faf\u0131, \u00e7i\u00e7\u0259kl\u0259nm\u0259si art\u0131q reall\u0131qd\u0131r. Bu reall\u0131\u011f\u0131 biz \u00f6z\u00fcm\u00fcz yaratm\u0131\u015f\u0131q. Bu g\u00fcn Ulu \u00d6nd\u0259rin xatir\u0259sin\u0259 g\u00f6st\u0259ril\u0259n \u0259n b\u00f6y\u00fck diqq\u0259t m\u0259hz \u00f6z\u00fcn\u00fc, bax, bu inki\u015fafda t\u0259c\u0259ss\u00fcm etdirir\u201d.<\/p>\n<p>Siyavu\u015f Novruzov qeyd edib ki, d\u00f6vl\u0259t ba\u015f\u00e7\u0131s\u0131 s\u0259f\u0259r zaman\u0131 bir s\u0131ra infrastruktur layih\u0259l\u0259rinin a\u00e7\u0131l\u0131\u015f\u0131nda i\u015ftirak edib. Prezident \u0130lham \u018fliyev Az\u0259rbaycan Televiziyas\u0131na m\u00fcsahib\u0259sind\u0259 \u201cNax\u00e7\u0131van s\u00fcr\u0259tl\u0259 inki\u015faf edir. B\u00fct\u00fcn sah\u0259l\u0259r \u00fczr\u0259 i\u015fl\u0259r m\u00fcsb\u0259t istiqam\u0259td\u0259 gedir\u201d deyib. \u018flb\u0259tt\u0259, bu g\u00fcn Nax\u00e7\u0131van Muxtar Respublikas\u0131n\u0131n h\u0259rt\u0259r\u0259fli inki\u015faf\u0131 v\u0259 t\u0259hl\u00fck\u0259sizliyi Prezident \u0130lham \u018fliyevin daim diqq\u0259t m\u0259rk\u0259zind\u0259dir. Nax\u00e7\u0131van Muxtar Respublikas\u0131 Ali M\u0259clisinin s\u0259dri Vasif Tal\u0131bovun r\u0259hb\u0259rliyi il\u0259 h\u0259yata ke\u00e7iril\u0259n t\u0259dbirl\u0259rin n\u0259tic\u0259si kimi, muxtar respublika iqtisadiyyat\u0131n\u0131n dayan\u0131ql\u0131 inki\u015faf\u0131 t\u0259min olunub, \u0259halinin rifah\u0131 daha da yax\u015f\u0131la\u015f\u0131b. Muxtar respublika \u0259razisind\u0259 geni\u015fmiqyasl\u0131 abadl\u0131q-quruculuq i\u015fl\u0259ri g\u00f6r\u00fcl\u00fcb, m\u00fcasir standartlar \u0259sas\u0131nda t\u0259hsil m\u00fc\u0259ssis\u0259l\u0259ri, sa\u011flaml\u0131q ocaqlar\u0131 tikilib v\u0259 ya \u0259sasl\u0131 t\u0259mir olunub, respublika \u0259h\u0259miyy\u0259tli v\u0259 b\u00fct\u00fcn k\u0259nd yollar\u0131 yenil\u0259nib, y\u00fcks\u0259k s\u0259viyy\u0259li infrastruktur quruculu\u011fu h\u0259yata ke\u00e7irilib, fasil\u0259siz elektrik, qaz v\u0259 su t\u0259minat\u0131 yarad\u0131l\u0131b. B\u00fct\u00fcn bunlar inki\u015faf v\u0259 t\u0259r\u0259qqinin bariz n\u00fcmun\u0259sidir. Eyni zamanda, investisiya f\u0259all\u0131\u011f\u0131n\u0131n g\u00fccl\u0259nm\u0259si, sahibkarl\u0131\u011f\u0131n stimulla\u015fd\u0131r\u0131lmas\u0131 v\u0259 t\u0259\u015f\u0259bb\u00fcskarl\u0131\u011fa geni\u015f meydan verilm\u0259si muxtar respublikan\u0131n iqtisadi dayaqlar\u0131n\u0131 xeyli m\u00f6hk\u0259ml\u0259ndirib.<\/p>\n<p>Bel\u0259likl\u0259, Nax\u00e7\u0131van bu g\u00fcn Prezident \u0130lham \u018fliyevin y\u00fcks\u0259k diqq\u0259t v\u0259 qay\u011f\u0131s\u0131, h\u0259m\u00e7inin Nax\u00e7\u0131van Muxtar Respublikas\u0131n\u0131n Ali M\u0259clisinin s\u0259dri Vasif Tal\u0131bovun r\u0259hb\u0259rliyi il\u0259 h\u0259yata ke\u00e7iril\u0259n u\u011furlu f\u0259aliyy\u0259t say\u0259sind\u0259 \u00f6z intibah d\u00f6vr\u00fcn\u00fc ya\u015fay\u0131r. Nax\u00e7\u0131van \u0259halisi g\u0259l\u0259c\u0259y\u0259 b\u00f6y\u00fck inamla bax\u0131r v\u0259 bug\u00fcnk\u00fc nailiyy\u0259tl\u0259ri g\u0259l\u0259c\u0259k inki\u015faf\u0131n t\u0259minat\u00e7\u0131s\u0131 kimi g\u00f6r\u00fcr. Bir s\u00f6zl\u0259, d\u00f6vl\u0259timizin ba\u015f\u00e7\u0131s\u0131n\u0131n vur\u011fulad\u0131\u011f\u0131 kimi: \u201cMuxtar respublika h\u0259rt\u0259r\u0259fli inki\u015faf edir v\u0259 bu g\u00fcn Nax\u00e7\u0131van \u00f6lk\u0259mizin \u0259n inki\u015faf etmi\u015f b\u00f6lg\u0259l\u0259rind\u0259n biridir. \u018fmin\u0259m ki, Nax\u00e7\u0131van bu liderliyi bundan sonra da saxlayacaqd\u0131r\u201d.<\/p>\n<p>&nbsp;<\/p>\n<p>M\u00fcasir silahlar v\u0259 texnikalarla t\u0259chiz edilmi\u015f \u018flahidd\u0259 \u00dcmumqo\u015fun Ordu y\u00fcks\u0259k d\u00f6y\u00fc\u015f qabiliyy\u0259tin\u0259 malik oldu\u011funu s\u00fcbuta yetirib<\/p>\n<p>&nbsp;<\/p>\n<p>Komit\u0259 s\u0259dri bildirib ki, bu s\u0259f\u0259r zaman\u0131 Prezident \u0130lham \u018fliyev \u018flahidd\u0259 \u00dcmumqo\u015fun Ordunun h\u0259rbi aerodromunun a\u00e7\u0131l\u0131\u015f\u0131nda da i\u015ftirak edib. \u00dcmumiyy\u0259tl\u0259, h\u0259m Ulu \u00d6nd\u0259rimiz, h\u0259m d\u0259 Prezident \u0130lham \u018fliyev Nax\u00e7\u0131van\u0131n m\u00fcdafi\u0259 potensial\u0131n\u0131n m\u00f6hk\u0259ml\u0259nm\u0259sin\u0259 h\u0259mi\u015f\u0259 b\u00f6y\u00fck diqq\u0259t g\u00f6st\u0259rib. T\u0259sad\u00fcfi deyil ki, d\u00f6vl\u0259t ba\u015f\u00e7\u0131s\u0131n\u0131n g\u00f6st\u0259ri\u015fi il\u0259 Nax\u00e7\u0131vanda \u018flahidd\u0259 \u00dcmumqo\u015fun Ordu yarad\u0131l\u0131b, ordu \u0259n m\u00fcasir silah v\u0259 texnika il\u0259 t\u0259chiz edilib.<\/p>\n<p>Sentyabr\u0131n 27-d\u0259n ba\u015flayaraq noyabr\u0131n 10-d\u0259k davam ed\u0259n, M\u00fcz\u0259ff\u0259r Ordumuzun tarixi Q\u0259l\u0259b\u0259si il\u0259 n\u0259tic\u0259l\u0259n\u0259n 44 g\u00fcnl\u00fck m\u00fcharib\u0259d\u0259 Nax\u00e7\u0131van \u018flahidd\u0259 \u00dcmumqo\u015fun Ordunun h\u0259rbi qulluq\u00e7ular\u0131 da f\u0259al i\u015ftirak edibl\u0259r. \u018flahidd\u0259 \u00dcmumqo\u015fun Ordunun h\u0259rb\u00e7il\u0259ri i\u015f\u011fal alt\u0131nda olan rayonlar\u0131m\u0131z\u0131n, o c\u00fcml\u0259d\u0259n bu g\u00fcn Az\u0259rbaycan m\u0259d\u0259niyy\u0259tinin paytaxt\u0131 olan &#8211; \u0259z\u0259li torpa\u011f\u0131m\u0131z \u015eu\u015fan\u0131n azad olunmas\u0131nda m\u00fch\u00fcm rol oynay\u0131blar. T\u0259sad\u00fcfi deyil ki, Nax\u00e7\u0131van \u018flahidd\u0259 \u00dcmumqo\u015fun Ordusunun h\u0259rbi qulluq\u00e7ular\u0131 g\u00f6st\u0259rdikl\u0259ri r\u0259\u015fad\u0259t\u0259 g\u00f6r\u0259 Prezident \u0130lham \u018fliyevin m\u00fcvafiq q\u0259rarlar\u0131 \u0259sas\u0131nda V\u0259t\u0259n M\u00fcharib\u0259si Q\u0259hr\u0259man\u0131 f\u0259xri ad\u0131na layiq g\u00f6r\u00fcl\u00fcb, orden v\u0259 medallarla t\u0259ltif olunublar.<\/p>\n<p>\u018flb\u0259tt\u0259, Nax\u00e7\u0131van \u018flahidd\u0259 \u00dcmumqo\u015fun Ordusunun h\u0259rbi qulluq\u00e7ular\u0131n\u0131n \u00f6z v\u0259zif\u0259 borclar\u0131n\u0131 \u015f\u0259r\u0259fl\u0259, l\u0259yaq\u0259tl\u0259 v\u0259 pe\u015f\u0259karl\u0131qla yerin\u0259 yetirm\u0259l\u0259ri y\u00fcks\u0259k v\u0259t\u0259np\u0259rv\u0259rlik ruhu il\u0259 yana\u015f\u0131, h\u0259yata ke\u00e7iril\u0259n ordu quruculu\u011funun real n\u0259tic\u0259sidir. \u00d6t\u0259n m\u00fcdd\u0259t \u0259rzind\u0259 \u018flahidd\u0259 \u00dcmumqo\u015fun Ordunun birl\u0259\u015fm\u0259l\u0259rinin maddi-texniki bazas\u0131 g\u00fccl\u0259ndirilib, bu istiqam\u0259td\u0259 kompleks t\u0259dbirl\u0259r h\u0259yata ke\u00e7irilib, xidm\u0259tin n\u00fcmun\u0259vi t\u0259\u015fkili t\u0259min olunub. H\u0259rbi kadr haz\u0131rl\u0131\u011f\u0131 da bu proses\u0259 d\u0259st\u0259k ver\u0259n \u0259h\u0259miyy\u0259tli amill\u0259rd\u0259ndir. \u00d6t\u0259n d\u00f6vrd\u0259 Nax\u00e7\u0131van \u015f\u0259h\u0259rind\u0259 f\u0259aliyy\u0259t g\u00f6st\u0259r\u0259n Heyd\u0259r \u018fliyev ad\u0131na H\u0259rbi Liseyin maddi-texniki bazas\u0131n\u0131n m\u00f6hk\u0259ml\u0259ndirilm\u0259si, kursantlar \u00fc\u00e7\u00fcn m\u00fcasir t\u0259dris v\u0259 m\u0259i\u015f\u0259t \u015f\u0259raitinin yarad\u0131lmas\u0131 is\u0259 ordumuzun pe\u015f\u0259kar zabitl\u0259rl\u0259 t\u0259minat\u0131na m\u00fch\u00fcm t\u00f6hf\u0259 olub.<\/p>\n<p>\u201cB\u00fct\u00f6vl\u00fckd\u0259, \u018flahidd\u0259 \u00dcmumqo\u015fun Ordu 2018-ci ild\u0259ki u\u011furlu G\u00fcnn\u00fct \u0259m\u0259liyyat\u0131ndan sonra tariximiz\u0259 \u015fanl\u0131 V\u0259t\u0259n m\u00fcharib\u0259si kimi daxil olan \u0130kinci Qaraba\u011f m\u00fcharib\u0259sind\u0259 d\u0259 y\u00fcks\u0259k d\u00f6y\u00fc\u015f haz\u0131rl\u0131\u011f\u0131na malik oldu\u011funu s\u00fcbuta yetirib. \u015e\u00fcbh\u0259siz ki, \u018flahidd\u0259 \u00dcmumqo\u015fun Ordu Ali Ba\u015f Komandan\u0131m\u0131z\u0131n d\u00f6y\u00fc\u015f \u0259mrin\u0259 haz\u0131r, y\u00fcks\u0259k d\u00f6y\u00fc\u015f imkanlar\u0131na, m\u00fcasir silah v\u0259 texnikalara malik q\u00fcvv\u0259 kimi bundan sonra da h\u0259m muxtar respublikan\u0131n m\u00fcdafi\u0259sinin etibarl\u0131 t\u0259\u015fkilind\u0259, h\u0259m d\u0259 Az\u0259rbaycan\u0131n \u0259razi b\u00fct\u00f6vl\u00fcy\u00fcn\u00fcn qorunmas\u0131nda vacib rol oynayacaq\u201d, &#8211; dey\u0259 o bildirib.<\/p>\n<p>&nbsp;<\/p>\n<p>Muxtar respublikan\u0131n inki\u015faf\u0131nda yeni m\u0259rh\u0259l\u0259<\/p>\n<p>&nbsp;<\/p>\n<p>Torpaqlar\u0131m\u0131z\u0131n i\u015f\u011faldan azad edilm\u0259sind\u0259n sonra \u00f6lk\u0259mizin qar\u015f\u0131s\u0131nda yeni perspektivl\u0259r a\u00e7\u0131l\u0131b. Azad edilmi\u015f \u0259razil\u0259rd\u0259 abadl\u0131q-quruculuq i\u015fl\u0259rinin g\u00f6r\u00fclm\u0259si, o c\u00fcml\u0259d\u0259n regionda n\u0259qliyyat-kommunikasiya x\u0259tl\u0259rinin b\u0259rpa olunmas\u0131 \u00f6lk\u0259mizin inki\u015faf\u0131nda yeni m\u0259rh\u0259l\u0259nin ba\u015flanmas\u0131n\u0131 t\u0259min ed\u0259c\u0259k. Bu bar\u0259d\u0259 dan\u0131\u015fan Siyavu\u015f Novruzov qeyd edib ki, \u0259n vacib m\u0259qamlardan biri yeni kommunikasiya vasit\u0259sil\u0259 Az\u0259rbaycan\u0131n Nax\u00e7\u0131van Muxtar Respublikas\u0131 vasit\u0259sil\u0259 T\u00fcrkiy\u0259 il\u0259 birl\u0259\u015fm\u0259si, Az\u0259rbaycan\u0131n \u0259sas hiss\u0259si il\u0259 muxtar respublika aras\u0131nda birba\u015fa quru \u0259laq\u0259sinin yaranmas\u0131d\u0131r. Yeri g\u0259lmi\u015fk\u0259n, may\u0131n 10-da Prezident \u0130lham \u018fliyevin tan\u0131\u015f oldu\u011fu Ordubad d\u0259mir yolu stansiyas\u0131nda apar\u0131lan yenid\u0259nqurma i\u015fl\u0259ri d\u0259 bu bax\u0131mdan olduqca b\u00f6y\u00fck \u0259h\u0259miyy\u0259t da\u015f\u0131y\u0131r. D\u00f6vl\u0259t ba\u015f\u00e7\u0131s\u0131n\u0131n bildirdiyi kimi: \u201c\u015e\u0259rqi Z\u0259ng\u0259zur b\u00f6lg\u0259sind\u0259 yerl\u0259\u015f\u0259n Z\u0259ngilan\u0131 bizim q\u0259dim torpa\u011f\u0131m\u0131z olan Q\u0259rbi Z\u0259ng\u0259zurla, ondan sonra Ordubad vasit\u0259sil\u0259 Nax\u00e7\u0131vanla v\u0259 T\u00fcrkiy\u0259 il\u0259 birl\u0259\u015fdirm\u0259k bizim n\u00f6vb\u0259ti tarixi nailiyy\u0259timiz olacaq. \u018fmin\u0259m ki, bu, olacaqd\u0131r, m\u0259nd\u0259 he\u00e7 bir \u015f\u00fcbh\u0259 yoxdur. Bir daha dem\u0259k ist\u0259yir\u0259m ki, Az\u0259rbaycan \u00f6z \u00fcz\u0259rin\u0259 d\u00fc\u015f\u0259n v\u0259zif\u0259l\u0259ri icra ed\u0259c\u0259k v\u0259 \u0259lind\u0259n g\u0259l\u0259ni ed\u0259c\u0259k ki, bu layih\u0259nin h\u0259yata ke\u00e7irilm\u0259sind\u0259 he\u00e7 bir problem olmas\u0131n\u201d.<\/p>\n<p>T\u0259bii ki, \u00f6lk\u0259mizin liderliyi il\u0259 regionda yeni infrastrukturun yaranmas\u0131 Az\u0259rbaycan\u0131n tranzit \u0259h\u0259miyy\u0259tinin artmas\u0131, iqtisadi inki\u015faf\u0131n\u0131n s\u00fcr\u0259tl\u0259nm\u0259si bax\u0131m\u0131ndan \u0259h\u0259miyy\u0259tlidir. Eyni zamanda, bu proses uzun m\u00fcdd\u0259t blokada v\u0259ziyy\u0259tind\u0259n \u0259ziyy\u0259t \u00e7\u0259k\u0259n Nax\u00e7\u0131van Muxtar Respublikas\u0131n\u0131n daha s\u00fcr\u0259tli inki\u015faf\u0131 \u00fc\u00e7\u00fcn yeni imkanlar yarad\u0131r. \u018fminlikl\u0259 s\u00f6yl\u0259m\u0259k olar ki, g\u00f6r\u00fcl\u0259n b\u00fct\u00fcn bu i\u015fl\u0259r muxtar respublikan\u0131n inki\u015faf\u0131nda yeni m\u0259rh\u0259l\u0259nin ba\u015flanmas\u0131n\u0131 t\u0259min ed\u0259c\u0259k.<\/p>\n","protected":false},"excerpt":{"rendered":"<p>Nax\u00e7\u0131van inki\u015faf v\u0259 sabitlik diyar\u0131d\u0131r \u201d\u0130NFONEWS\u201d x\u0259b\u0259r verir. Bu g\u00fcn u\u011furlu inki\u015faf ed\u0259n \u2013 t\u0259r\u0259qqi yolunda inamla add\u0131mlayan Az\u0259rbaycan yeni nailiyy\u0259tl\u0259r qazanmaqla \u00f6z q\u00fcdr\u0259tini daha da art\u0131r\u0131r. Bunu m\u00fcmk\u00fcn ed\u0259n&hellip; <\/p>\n","protected":false},"author":3,"featured_media":8732,"comment_status":"open","ping_status":"open","sticky":false,"template":"","format":"standard","meta":{"_mi_skip_tracking":false,"_monsterinsights_sitenote_active":false,"_monsterinsights_sitenote_note":"","_monsterinsights_sitenote_category":0,"footnotes":""},"categories":[6,11],"tags":[276],"aioseo_notices":[],"_links":{"self":[{"href":"https:\/\/infonews.az\/index.php?rest_route=\/wp\/v2\/posts\/8731"}],"collection":[{"href":"https:\/\/infonews.az\/index.php?rest_route=\/wp\/v2\/posts"}],"about":[{"href":"https:\/\/infonews.az\/index.php?rest_route=\/wp\/v2\/types\/post"}],"author":[{"embeddable":true,"href":"https:\/\/infonews.az\/index.php?rest_route=\/wp\/v2\/users\/3"}],"replies":[{"embeddable":true,"href":"https:\/\/infonews.az\/index.php?rest_route=%2Fwp%2Fv2%2Fcomments&post=8731"}],"version-history":[{"count":1,"href":"https:\/\/infonews.az\/index.php?rest_route=\/wp\/v2\/posts\/8731\/revisions"}],"predecessor-version":[{"id":8733,"href":"https:\/\/infonews.az\/index.php?rest_route=\/wp\/v2\/posts\/8731\/revisions\/8733"}],"wp:featuredmedia":[{"embeddable":true,"href":"https:\/\/infonews.az\/index.php?rest_route=\/wp\/v2\/media\/8732"}],"wp:attachment":[{"href":"https:\/\/infonews.az\/index.php?rest_route=%2Fwp%2Fv2%2Fmedia&parent=8731"}],"wp:term":[{"taxonomy":"category","embeddable":true,"href":"https:\/\/infonews.az\/index.php?rest_route=%2Fwp%2Fv2%2Fcategories&post=8731"},{"taxonomy":"post_tag","embeddable":true,"href":"https:\/\/infonews.az\/index.php?rest_route=%2Fwp%2Fv2%2Ftags&post=8731"}],"curies":[{"name":"wp","href":"https:\/\/api.w.org\/{rel}","templated":true}]}}