{"id":8734,"date":"2021-05-11T14:13:36","date_gmt":"2021-05-11T10:13:36","guid":{"rendered":"https:\/\/infonews.az\/?p=8734"},"modified":"2021-05-11T14:13:36","modified_gmt":"2021-05-11T10:13:36","slug":"qafqaz-mus%c9%99lmanlari-idar%c9%99sinin-s%c9%99dri-ramazan-bayrami-munasib%c9%99til%c9%99-az%c9%99rbaycan-xalqini-t%c9%99brik-edib","status":"publish","type":"post","link":"https:\/\/infonews.az\/?p=8734","title":{"rendered":"Qafqaz M\u00fcs\u0259lmanlar\u0131 \u0130dar\u0259sinin s\u0259dri Ramazan bayram\u0131 m\u00fcnasib\u0259til\u0259 Az\u0259rbaycan xalq\u0131n\u0131 t\u0259brik edib"},"content":{"rendered":"<p><span style=\"color: #ffffff;\">Qafqaz M\u00fcs\u0259lmanlar\u0131 \u0130dar\u0259sinin s\u0259dri Ramazan bayram\u0131 m\u00fcnasib\u0259til\u0259 Az\u0259rbaycan xalq\u0131n\u0131 t\u0259brik edib<\/span><\/p>\n<p><span style=\"color: #ff0000;\"><strong>\u201d\u0130NFONEWS\u201d<\/strong><\/span> x\u0259b\u0259r verir.<\/p>\n<p>Qafqaz M\u00fcs\u0259lmanlar\u0131 \u0130dar\u0259sinin (QM\u0130) s\u0259dri \u015feyx\u00fclislam Allah\u015f\u00fck\u00fcr Pa\u015fazad\u0259 Ramazan bayram\u0131 m\u00fcnasib\u0259til\u0259 Az\u0259rbaycan xalq\u0131n\u0131 t\u0259brik edib.<\/p>\n<p>D\u00fcnya m\u00fcs\u0259lmanlar\u0131n\u0131n \u0259ziz g\u00fcn\u00fc &#8211; m\u00fcbar\u0259k Ramazan bayram\u0131 m\u00fcnasib\u0259til\u0259 t\u0259brikl\u0259rini \u00e7atd\u0131ran QM\u0130 s\u0259dri qeyd edib ki, Allah d\u0259rgah\u0131nda r\u0259hm\u0259t, b\u0259r\u0259k\u0259t v\u0259 m\u0259gfir\u0259ti il\u0259 se\u00e7il\u0259n Ramazan ay\u0131n\u0131n \u0259z\u0259m\u0259t v\u0259 sevinci h\u0259dsizdir. Uca Allaha \u015f\u00fck\u00fcrl\u0259r olsun ki, Onun rizas\u0131n\u0131 qazanmaq \u00fc\u00e7\u00fcn m\u00fcs\u0259lman qarda\u015f v\u0259 bac\u0131lar\u0131m\u0131z bu m\u00fcbar\u0259k ay boyunca ibad\u0259tl\u0259rini sonsuz ehtiram v\u0259 s\u0259yl\u0259 tamamlayaraq, Ramazani-\u015e\u0259rifin bayram s\u0259ad\u0259tin\u0259 qovu\u015furlar. Allaha dualar edirik ki, bu bayram insanlar \u00fc\u00e7\u00fcn s\u0259ad\u0259t v\u0259 xeyir-b\u0259r\u0259k\u0259tl\u0259r\u0259 v\u0259sil\u0259 olsun.<\/p>\n<p>T\u0259brikd\u0259 daha sonra deyilir: \u201cBu ilki Ramazan bayram\u0131 Az\u0259rbaycan xalq\u0131 \u00fc\u00e7\u00fcn ill\u0259rl\u0259 arzusunda oldu\u011fu Z\u0259f\u0259r \u0259hval-ruhiyy\u0259si il\u0259 \u00f6z\u0259ldir. H\u0259md olsun Allaha ki, Az\u0259rbaycan xalq\u0131 m\u00fcdrik d\u00f6vl\u0259t \u00f6nd\u0259ri \u0130lham \u018fliyevin r\u0259hb\u0259rliyi il\u0259 30 illik erm\u0259ni t\u0259cav\u00fcz\u00fcn\u0259 son qoyaraq tarixi \u0259dal\u0259ti, Az\u0259rbaycan\u0131n \u0259razi b\u00fct\u00f6vl\u00fcy\u00fcn\u00fc b\u0259rpa etdi. M\u00fcz\u0259ff\u0259r Ali Ba\u015f Komandan\u0131m\u0131z\u0131n r\u0259hb\u0259rliyil\u0259 V\u0259t\u0259n m\u00fcharib\u0259sind\u0259 \u015fanl\u0131 \u0259sg\u0259rl\u0259rimizin \u015f\u00fcca\u0259tl\u0259ri, Silahl\u0131 Q\u00fcvv\u0259l\u0259rimizin 44 g\u00fcnl\u00fck m\u00fcharib\u0259 zaman\u0131 r\u0259\u015fad\u0259tl\u0259 h\u0259yata ke\u00e7irdiyi \u0259m\u0259liyyatlar haqq i\u015fimizd\u0259 q\u0259l\u0259b\u0259ni bizl\u0259r\u0259 n\u0259sib etdi. Bu \u015fanl\u0131 z\u0259f\u0259r yolunda \u015f\u0259hidlik m\u0259qam\u0131na y\u00fcks\u0259lmi\u015f q\u0259hr\u0259man \u00f6vladlar\u0131m\u0131za Allahdan r\u0259hm\u0259t, qazil\u0259rimiz\u0259 \u015f\u0259falar dil\u0259yirik!<\/p>\n<p>\u015e\u00fck\u00fcrl\u0259r olsun ki, i\u015f\u011faldan azad olunmu\u015f torpaqlar\u0131m\u0131zda yenid\u0259n azan s\u0259sl\u0259nir. Az\u0259rbaycan xalq\u0131 bu Ramazan\u0131 i\u015f\u011faldan azad olunmu\u015f \u0259razil\u0259rimizd\u0259 geni\u015f quruculuq-b\u0259rpa i\u015fl\u0259rinin m\u00fcjd\u0259sind\u0259n duydu\u011fu q\u00fcrur v\u0259 nikbinlikl\u0259, d\u00fc\u015fm\u0259n t\u0259r\u0259find\u0259n da\u011f\u0131d\u0131lm\u0131\u015f, t\u0259hqir olunmu\u015f m\u0259scidl\u0259rimizin dir\u00e7\u0259ldilm\u0259si \u00fc\u00e7\u00fcn g\u00f6r\u00fcl\u0259n i\u015fl\u0259rin do\u011furdu\u011fu m\u0259n\u0259vi f\u0259xar\u0259t hissil\u0259 qar\u015f\u0131lay\u0131r. Xalq\u0131m\u0131z \u0259mindir ki, Qaraba\u011f tezlikl\u0259 Az\u0259rbaycan\u0131n \u0259n g\u00f6z\u0259l b\u00f6lg\u0259l\u0259rind\u0259n birin\u0259 \u00e7evril\u0259c\u0259k, burada yenid\u0259n h\u0259yat canlanacaq, v\u0259t\u0259nda\u015flar\u0131m\u0131z \u00f6z torpaqlar\u0131na qay\u0131dacaqlar. Az\u0259rbaycan Prezidenti \u0130lham \u018fliyev c\u0259nablar\u0131 m\u00f6ht\u0259r\u0259m Mehriban xan\u0131mla birlikd\u0259 Z\u0259ngilan m\u0259scidinin b\u00fcn\u00f6vr\u0259sini qoyduqlar\u0131 kimi, in\u015fallah, b\u00fct\u00fcn m\u0259scidl\u0259rimiz, dini m\u0259b\u0259dl\u0259rimiz b\u0259rpa olunacaq. D\u00f6vl\u0259t ba\u015f\u00e7\u0131m\u0131z\u0131n Birinci vitse-prezidentl\u0259 b\u0259rab\u0259r \u015eu\u015fa, A\u011fdam m\u0259scidl\u0259rini ziyar\u0259ti, M\u0259kk\u0259d\u0259n g\u0259tirdikl\u0259ri Qurani-K\u0259rimi h\u0259diyy\u0259 etm\u0259l\u0259ri Allah Evin\u0259 ehtiram n\u00fcmun\u0259si olmaqla yana\u015f\u0131, h\u0259m d\u0259 m\u00fcq\u0259dd\u0259s K\u0259b\u0259 Evinin daxilind\u0259 Qaraba\u011f\u0131n azadl\u0131\u011f\u0131 \u00fc\u00e7\u00fcn edil\u0259n dualar\u0131n q\u0259bul olunmas\u0131n\u0131n r\u0259mzidir. A\u011fdam m\u0259scidini ziyar\u0259t ed\u0259rk\u0259n biz, din xadiml\u0259ri, dindarlar ill\u0259rdir etdiyimiz dualar\u0131n m\u00fcst\u0259cab olmas\u0131na, d\u00f6vl\u0259t-xalq birliyi say\u0259sind\u0259 Qaraba\u011f\u0131n azad olmas\u0131na, m\u0259b\u0259dl\u0259rimizin \u0259sar\u0259td\u0259n qurtulmas\u0131na, \u0259z\u0259li torpaqlar\u0131m\u0131zda dini-m\u0259n\u0259vi irsimiz\u0259 sahib \u00e7\u0131xma\u011f\u0131m\u0131za g\u00f6r\u0259 Uca Allaha \u015f\u00fckr-s\u0259nalar etdik. Bu, h\u0259m d\u0259 \u0130slam d\u00fcnyas\u0131n\u0131n u\u011furu, m\u00fcs\u0259lman al\u0259min\u0259 f\u0259xrdir\u201d.<\/p>\n<p>\u015eeyx\u00fclislam Allah\u015f\u00fck\u00fcr Pa\u015fazad\u0259 vur\u011fulay\u0131b ki, Allah-T\u0259alan\u0131n L\u00fctf\u00fc v\u0259 M\u0259rh\u0259m\u0259ti il\u0259 Ramazan bayram\u0131na qovu\u015fan xalq\u0131m\u0131z V\u0259t\u0259nimiz, d\u00fcnyan\u0131n salamatl\u0131\u011f\u0131, \u0259min-amanl\u0131\u011f\u0131 \u00fc\u00e7\u00fcn dualar edir. Uca Yaradan\u0131n rizas\u0131 yolunda xeyirxahl\u0131\u011f\u0131 t\u0259c\u0259ss\u00fcm etdir\u0259n bu bayram g\u00fcnl\u0259rind\u0259 d\u00fcnyada yay\u0131lan COVID-19 b\u0259las\u0131n\u0131n v\u0259 onun g\u0259tirdiyi \u00e7\u0259tinlikl\u0259rin tezlikl\u0259 aradan qalxmas\u0131n\u0131, x\u0259st\u0259l\u0259rin \u015f\u0259fa tapmas\u0131n\u0131 dil\u0259yirik. Savab, m\u0259\u011ffir\u0259t ay\u0131 olan Ramazan b\u0259\u015f\u0259r \u00f6vlad\u0131na s\u0259br, m\u0259rh\u0259m\u0259t, xeyirxahl\u0131q, yard\u0131mla\u015fman\u0131 t\u0259lqin edir. Bu \u00fclvi bayram g\u00fcn\u00fcnd\u0259 valideynl\u0259ri yad etm\u0259k v\u0259 sevindirm\u0259k, qohum-\u0259qr\u0259baya ba\u015f \u00e7\u0259km\u0259k, yetim, kims\u0259siz v\u0259 ehtiyac\u0131 olanlara \u015f\u0259fq\u0259t g\u00f6st\u0259rm\u0259k, k\u00fcs\u00fcl\u00fcl\u0259ri bar\u0131\u015fd\u0131rmaq h\u0259r bir m\u00fcs\u0259lman\u0131n borcudur.<\/p>\n<p>\u201cBu il Ramazan bayram\u0131 13 may tarixin\u0259 t\u0259sad\u00fcf ed\u0259c\u0259kdir. Orucun m\u00fch\u00fcm \u0259m\u0259ll\u0259rind\u0259n biri olan fitr\u0259 z\u0259kat\u0131n\u0131n vaxt\u0131 Ramazan ay\u0131n\u0131n son g\u00fcn\u00fc \u2014 Bayram ax\u015fam\u0131 \u015fam namaz\u0131ndan sonrad\u0131r. Qaz\u0131lar \u015euras\u0131n\u0131n F\u0259tvas\u0131na g\u00f6r\u0259 adamba\u015f\u0131na 5-10 manat aras\u0131 fitr\u0259 z\u0259kat\u0131n\u0131n verilm\u0259si t\u00f6vsiy\u0259 olunur. Fitr\u0259 can\u0131n s\u0259d\u0259q\u0259sidir v\u0259 imkan\u0131 olan m\u00fcs\u0259lman\u0131n ail\u0259sinin h\u0259r bir \u00fczv\u00fc \u00fc\u00e7\u00fcn fitr\u0259 z\u0259kat\u0131 \u00e7\u0131xarmas\u0131, imkans\u0131zlara, ehtiyac\u0131 olan ail\u0259l\u0259r\u0259 verm\u0259si vacibdir.<\/p>\n<p>Bir daha \u0259ziz bayram \u2013 Eyd\u00fcl-Fitr s\u0259ad\u0259tin\u0259 yeti\u015f\u0259n b\u00fct\u00fcn m\u00fcs\u0259lmanlar\u0131m\u0131z\u0131 s\u0259mimi q\u0259lbd\u0259n t\u0259brik edir, xeyir-dualar\u0131m\u0131 yetirir\u0259m. Allah-T\u0259ala b\u00fct\u00fcn dua v\u0259 ibad\u0259tl\u0259rimizi q\u0259bul etsin, h\u0259r zaman yard\u0131m\u00e7\u0131m\u0131z olsun! Q\u0259lbind\u0259 Allah m\u0259h\u0259bb\u0259ti ya\u015fadan xalq\u0131m\u0131z\u0131n, in\u015fallah, b\u00fct\u00fcn \u00fclvi arzu v\u0259 niyy\u0259tl\u0259ri ger\u00e7\u0259kl\u0259\u015fsin! Bir daha m\u00fcst\u0259qilliyimiz, d\u00f6vl\u0259t\u00e7iliyimiz u\u011frunda can\u0131n\u0131 f\u0259da etmi\u015f c\u0259mi \u015f\u0259hidl\u0259rimiz\u0259 Allahdan r\u0259hm\u0259t dil\u0259yirik. Uca R\u0259bbimiz m\u00fcst\u0259qilliyimizi \u0259b\u0259di, d\u00f6vl\u0259timizi, d\u00f6vl\u0259t r\u0259hb\u0259rimizi, xalq\u0131m\u0131z\u0131 h\u0259r zaman m\u00fcz\u0259ff\u0259r q\u0259rar versin! Allah Az\u0259rbaycan\u0131 qorusun! AMIN!\u201d, &#8211; dey\u0259 t\u0259brikd\u0259 vur\u011fulan\u0131r.<\/p>\n","protected":false},"excerpt":{"rendered":"<p>Qafqaz M\u00fcs\u0259lmanlar\u0131 \u0130dar\u0259sinin s\u0259dri Ramazan bayram\u0131 m\u00fcnasib\u0259til\u0259 Az\u0259rbaycan xalq\u0131n\u0131 t\u0259brik edib \u201d\u0130NFONEWS\u201d x\u0259b\u0259r verir. Qafqaz M\u00fcs\u0259lmanlar\u0131 \u0130dar\u0259sinin (QM\u0130) s\u0259dri \u015feyx\u00fclislam Allah\u015f\u00fck\u00fcr Pa\u015fazad\u0259 Ramazan bayram\u0131 m\u00fcnasib\u0259til\u0259 Az\u0259rbaycan xalq\u0131n\u0131 t\u0259brik edib. D\u00fcnya&hellip; <\/p>\n","protected":false},"author":3,"featured_media":8735,"comment_status":"open","ping_status":"open","sticky":false,"template":"","format":"standard","meta":{"_mi_skip_tracking":false,"_monsterinsights_sitenote_active":false,"_monsterinsights_sitenote_note":"","_monsterinsights_sitenote_category":0,"footnotes":""},"categories":[11],"tags":[276],"aioseo_notices":[],"_links":{"self":[{"href":"https:\/\/infonews.az\/index.php?rest_route=\/wp\/v2\/posts\/8734"}],"collection":[{"href":"https:\/\/infonews.az\/index.php?rest_route=\/wp\/v2\/posts"}],"about":[{"href":"https:\/\/infonews.az\/index.php?rest_route=\/wp\/v2\/types\/post"}],"author":[{"embeddable":true,"href":"https:\/\/infonews.az\/index.php?rest_route=\/wp\/v2\/users\/3"}],"replies":[{"embeddable":true,"href":"https:\/\/infonews.az\/index.php?rest_route=%2Fwp%2Fv2%2Fcomments&post=8734"}],"version-history":[{"count":1,"href":"https:\/\/infonews.az\/index.php?rest_route=\/wp\/v2\/posts\/8734\/revisions"}],"predecessor-version":[{"id":8736,"href":"https:\/\/infonews.az\/index.php?rest_route=\/wp\/v2\/posts\/8734\/revisions\/8736"}],"wp:featuredmedia":[{"embeddable":true,"href":"https:\/\/infonews.az\/index.php?rest_route=\/wp\/v2\/media\/8735"}],"wp:attachment":[{"href":"https:\/\/infonews.az\/index.php?rest_route=%2Fwp%2Fv2%2Fmedia&parent=8734"}],"wp:term":[{"taxonomy":"category","embeddable":true,"href":"https:\/\/infonews.az\/index.php?rest_route=%2Fwp%2Fv2%2Fcategories&post=8734"},{"taxonomy":"post_tag","embeddable":true,"href":"https:\/\/infonews.az\/index.php?rest_route=%2Fwp%2Fv2%2Ftags&post=8734"}],"curies":[{"name":"wp","href":"https:\/\/api.w.org\/{rel}","templated":true}]}}